{"id":33159,"date":"2022-10-28T21:12:40","date_gmt":"2022-10-28T21:12:40","guid":{"rendered":"http:\/\/historiografija.hr\/?p=33159"},"modified":"2022-10-28T21:12:40","modified_gmt":"2022-10-28T21:12:40","slug":"izlozba-srednjovjekovno-graditeljsko-i-povijesno-naslijede-cernickog-kraja","status":"publish","type":"post","link":"https:\/\/historiografija.hr\/?p=33159","title":{"rendered":"Izlo\u017eba \u201eSrednjovjekovno graditeljsko i povijesno naslije\u0111e cerni\u010dkog kraja\u201c"},"content":{"rendered":"\n<p>Gradski muzej Nova Gradi\u0161ka, \u010detvrtak, 27. listopada 2022. u 18:00 sati<\/p>\n\n\n\n<p>Povodom obilje\u017eavanja Dana europske ba\u0161tine u Republici Hrvatskoj u 2022. godini, na inicijativu Konzervatorskog odjela u Slavonskom Brodu, uz podr\u0161ku i pokroviteljstvo Op\u0107ine Cernik, u suradnji s Gradskim muzejom Nova Gradi\u0161ka i slavonskobrodskom Podru\u017enicom za povijest Slavonije, Srijema i Baranje Hrvatskog instituta za povijest, organizirana je u Gradskom muzeju Nova Gradi\u0161ka popratna konzervatorska izlo\u017eba \u00bbSrednjovjekovno graditeljsko i povijesno naslije\u0111e cerni\u010dkog kraja\u00ab.<\/p>\n\n\n\n<p>Otvorenje izlo\u017ebe je u \u010detvrtak, 27. listopada u 18:00 sati.<\/p>\n\n\n\n<hr class=\"wp-block-separator\"\/>\n\n\n\n<p>Izvor:<\/p>\n\n\n\n<figure class=\"wp-block-embed-wordpress wp-block-embed is-type-wp-embed is-provider-hrvatski-institut-za-povijest\"><div class=\"wp-block-embed__wrapper\">\n<blockquote class=\"wp-embedded-content\" data-secret=\"tfxRCz1QbK\"><a href=\"http:\/\/hipsb.hr\/najava-izlozba-srednjovjekovno-graditeljsko-i-povijesno-naslijede-cernickog-kraja\/\">NAJAVA: Izlo\u017eba SREDNJOVJEKOVNO GRADITELJSKO I POVIJESNO NASLIJE\u0110E CERNI\u010cKOG KRAJA<\/a><\/blockquote><iframe loading=\"lazy\" class=\"wp-embedded-content\" sandbox=\"allow-scripts\" security=\"restricted\" style=\"position: absolute; clip: rect(1px, 1px, 1px, 1px);\" title=\"&#8220;NAJAVA: Izlo\u017eba SREDNJOVJEKOVNO GRADITELJSKO I POVIJESNO NASLIJE\u0110E CERNI\u010cKOG KRAJA&#8221; &#8212; Hrvatski institut za povijest\" src=\"http:\/\/hipsb.hr\/najava-izlozba-srednjovjekovno-graditeljsko-i-povijesno-naslijede-cernickog-kraja\/embed\/#?secret=tfxRCz1QbK\" data-secret=\"tfxRCz1QbK\" width=\"600\" height=\"338\" frameborder=\"0\" marginwidth=\"0\" marginheight=\"0\" scrolling=\"no\"><\/iframe>\n<\/div><\/figure>\n\n\n\n<hr class=\"wp-block-separator\"\/>\n","protected":false},"excerpt":{"rendered":"","protected":false},"author":2,"featured_media":33160,"comment_status":"open","ping_status":"open","sticky":false,"template":"","format":"standard","meta":{"_acf_changed":false,"jetpack_post_was_ever_published":false,"_jetpack_newsletter_access":"","_jetpack_dont_email_post_to_subs":false,"_jetpack_newsletter_tier_id":0,"_jetpack_memberships_contains_paywalled_content":false,"_jetpack_memberships_contains_paid_content":false,"footnotes":"","jetpack_publicize_message":"","jetpack_publicize_feature_enabled":true,"jetpack_social_post_already_shared":true,"jetpack_social_options":{"image_generator_settings":{"template":"highway","default_image_id":0,"font":"","enabled":false},"version":2}},"categories":[10,3],"tags":[],"class_list":["post-33159","post","type-post","status-publish","format-standard","has-post-thumbnail","hentry","category-izlozbe","category-novosti"],"acf":{"facebook_opis":""},"jetpack_publicize_connections":[],"jetpack_featured_media_url":"https:\/\/i0.wp.com\/historiografija.hr\/wp-content\/uploads\/2022\/10\/pozivnica-Cernik-digit.jpg?fit=720%2C960&ssl=1","jetpack_sharing_enabled":true,"jetpack-related-posts":[],"_links":{"self":[{"href":"https:\/\/historiografija.hr\/index.php?rest_route=\/wp\/v2\/posts\/33159","targetHints":{"allow":["GET"]}}],"collection":[{"href":"https:\/\/historiografija.hr\/index.php?rest_route=\/wp\/v2\/posts"}],"about":[{"href":"https:\/\/historiografija.hr\/index.php?rest_route=\/wp\/v2\/types\/post"}],"author":[{"embeddable":true,"href":"https:\/\/historiografija.hr\/index.php?rest_route=\/wp\/v2\/users\/2"}],"replies":[{"embeddable":true,"href":"https:\/\/historiografija.hr\/index.php?rest_route=%2Fwp%2Fv2%2Fcomments&post=33159"}],"version-history":[{"count":1,"href":"https:\/\/historiografija.hr\/index.php?rest_route=\/wp\/v2\/posts\/33159\/revisions"}],"predecessor-version":[{"id":33161,"href":"https:\/\/historiografija.hr\/index.php?rest_route=\/wp\/v2\/posts\/33159\/revisions\/33161"}],"wp:featuredmedia":[{"embeddable":true,"href":"https:\/\/historiografija.hr\/index.php?rest_route=\/wp\/v2\/media\/33160"}],"wp:attachment":[{"href":"https:\/\/historiografija.hr\/index.php?rest_route=%2Fwp%2Fv2%2Fmedia&parent=33159"}],"wp:term":[{"taxonomy":"category","embeddable":true,"href":"https:\/\/historiografija.hr\/index.php?rest_route=%2Fwp%2Fv2%2Fcategories&post=33159"},{"taxonomy":"post_tag","embeddable":true,"href":"https:\/\/historiografija.hr\/index.php?rest_route=%2Fwp%2Fv2%2Ftags&post=33159"}],"curies":[{"name":"wp","href":"https:\/\/api.w.org\/{rel}","templated":true}]}}