{"id":33154,"date":"2022-10-26T13:31:49","date_gmt":"2022-10-26T13:31:49","guid":{"rendered":"http:\/\/historiografija.hr\/?p=33154"},"modified":"2022-10-26T13:36:04","modified_gmt":"2022-10-26T13:36:04","slug":"invisible-archives-project-2022-final-event","status":"publish","type":"post","link":"https:\/\/historiografija.hr\/?p=33154","title":{"rendered":"INVISIBLE ARCHIVES project 2022 &#8211; final event"},"content":{"rendered":"\n<p><strong>Book promotion \/\/ Exhibition opening \/\/ Round table<\/strong><\/p>\n\n\n\n<p><strong>Invisible Archives: \u201eMakedonka &#8211; Organ of AFW&#8221; (1944-1952):\u00a0historical experiences and cultural memory<\/strong><\/p>\n\n\n\n<p><br>On Friday, <strong>28.10.2022,<\/strong> starting from 12pm <strong>at the Museum of the Republic of North Macedonia &#8211; Skopje<\/strong>, <strong><em>The Center for the Research of Nationalism and Culture &#8211; Skopje<\/em><\/strong>, in collaboration with the Museum and Tiiiit! Inc. will organize <a rel=\"noreferrer noopener\" href=\"https:\/\/fb.me\/e\/37Hw6a1fy\" target=\"_blank\">promotional event <\/a>about the comprehensive research of the first women&#8217;s magazine in macedonian language &#8220;Makedonka &#8211; Organ of AFW&#8221; (1944-1952)&#8221;.<br><br>The event will include <strong>an exhibition opening by the artist Hristina Ivanoska, titled \u201eDocument Missing: &#8216;Makedonka&#8217; \u2013 emancipation, meaning and desire&#8221;.<\/strong> The exhibition is within the frames of the 10th edition of the feminist arts and culture festival FIRSTBORN GIRL.<br><br>The second part of the event will include the <strong>Round Table: Research Perspectives of the First Macedonian Women&#8217;s Magazine &#8220;Makedonka &#8211; Organ of AFW&#8221;: Individual, Institutional and Public Dimension. <\/strong>This public discussion follows up the promotion of the second volume of text collection published by CINIK &#8211; Skopje, titled Invisible Archives: Makedonka &#8211; Organ of AFW&#8221; (1944-1952): historical experiences and cultural memory&#8221; edited by Ivana Hadzievska and Jana Kocevska.<br><br>The text collection offers a thematic and critical approach to this magazine&#8217;s history, by a team of five researchers as follows: Ivana Had\u0458ievska (political history), Jana Kocevska (social aspects), Darko Leitner-Stojanov (emancipation process), Manja Velickovska (literary aspects) and Hristina Ivanoska (artistic research). The collection&#8217;s preface was written by Dr. Ivana Pantelic (Institute for Contemporary History of Serbia, Belgrade) and the epilogue of the publication is by Dr. Jelena Milinkovic (Institute for literature and art, Belgrade).<br><br>The Round table participants are the publications editors and authors, joined by Vera Bunteska (Former President of the Association of National Liberation fighters), Dr. Biljana Kotevska (expert on gender and public policies), and Dushica Lazova (<a rel=\"noreferrer noopener\" href=\"http:\/\/meduza.mk\" target=\"_blank\">meduza.mk<\/a>). The event will be moderated by Ana Vasileva.<br><br>This event is organized within the project Invisible Archives 2.0 by CINIK &#8211; Skopje, supported by the Heirich B\u04e7ll Stiftung and the Ministry of Culture of North Macedonia. The exhibition is organized within the frames of the 10th edition of the feminist arts and culture festival FIRSTBORN GIRL by Tiiiit! Inc. &#8211; Skopje. Special partners to this project is the Museum of North Macedonia.<br><br>If any questions, please contact us at: <a href=\"mailto:cinikskopje@gmail.com\">cinikskopje@gmail.com<\/a><\/p>\n\n\n\n<p><strong>For more info on the project (2021-2022) check <a rel=\"noreferrer noopener\" href=\"http:\/\/nevidliviarhivi.mk\" target=\"_blank\">nevidliviarhivi.mk<\/a>\u00a0<\/strong><\/p>\n\n\n\n<hr class=\"wp-block-separator\"\/>\n\n\n\n<figure class=\"wp-block-embed-wordpress wp-block-embed is-type-wp-embed is-provider-historiografija-hr\"><div class=\"wp-block-embed__wrapper\">\n<blockquote class=\"wp-embedded-content\" data-secret=\"fMIgkKcPTo\"><a href=\"https:\/\/historiografija.hr\/?p=27986\">\u201cArhivi nevidljivih\u201d \u2013 promocija knjige, regionalna konferencija i izlo\u017eba u Skoplju<\/a><\/blockquote><iframe loading=\"lazy\" class=\"wp-embedded-content\" sandbox=\"allow-scripts\" security=\"restricted\" style=\"position: absolute; clip: rect(1px, 1px, 1px, 1px);\" title=\"&#8220;\u201cArhivi nevidljivih\u201d \u2013 promocija knjige, regionalna konferencija i izlo\u017eba u Skoplju&#8221; &#8212; Historiografija.hr\" src=\"https:\/\/historiografija.hr\/?p=27986&#038;embed=true#?secret=fMIgkKcPTo\" data-secret=\"fMIgkKcPTo\" width=\"600\" height=\"338\" frameborder=\"0\" marginwidth=\"0\" marginheight=\"0\" scrolling=\"no\"><\/iframe>\n<\/div><\/figure>\n\n\n\n<figure class=\"wp-block-embed-wordpress wp-block-embed is-type-wp-embed is-provider-historiografija-hr\"><div class=\"wp-block-embed__wrapper\">\n<blockquote class=\"wp-embedded-content\" data-secret=\"4Gl8ZQOJ0K\"><a href=\"https:\/\/historiografija.hr\/?p=30069\">Arhivi nevidljivih \/ \u0410\u0440\u0445\u0438\u0432\u0438 \u043d\u0430 \u043d\u0435\u0432\u0438\u0434\u043b\u0438\u0432\u0438\u0442\u0435. \u0416\u0435\u043d\u0438\u0442\u0435 \u0432\u043e \u043f\u0435\u0447\u0430\u0442\u043e\u0442 \u043d\u0430 \u0432\u0430\u0440\u0434\u0430\u0440\u0441\u043a\u0430 \u041c\u0430\u043a\u0435\u0434\u043e\u043d\u0438\u0458\u0430 \u043f\u043e\u043c\u0435\u0453\u0443 \u0434\u0432\u0435\u0442\u0435 \u0441\u0432\u0435\u0442\u0441\u043a\u0438 \u0432\u043e\u0458\u043d\u0438 \/ Invisible Archives: Women in the periodicals from Vardar Macedonia between the two world wars<\/a><\/blockquote><iframe loading=\"lazy\" class=\"wp-embedded-content\" sandbox=\"allow-scripts\" security=\"restricted\" style=\"position: absolute; clip: rect(1px, 1px, 1px, 1px);\" title=\"&#8220;Arhivi nevidljivih \/ \u0410\u0440\u0445\u0438\u0432\u0438 \u043d\u0430 \u043d\u0435\u0432\u0438\u0434\u043b\u0438\u0432\u0438\u0442\u0435. \u0416\u0435\u043d\u0438\u0442\u0435 \u0432\u043e \u043f\u0435\u0447\u0430\u0442\u043e\u0442 \u043d\u0430 \u0432\u0430\u0440\u0434\u0430\u0440\u0441\u043a\u0430 \u041c\u0430\u043a\u0435\u0434\u043e\u043d\u0438\u0458\u0430 \u043f\u043e\u043c\u0435\u0453\u0443 \u0434\u0432\u0435\u0442\u0435 \u0441\u0432\u0435\u0442\u0441\u043a\u0438 \u0432\u043e\u0458\u043d\u0438 \/ Invisible Archives: Women in the periodicals from Vardar Macedonia between the two world wars&#8221; &#8212; Historiografija.hr\" src=\"https:\/\/historiografija.hr\/?p=30069&#038;embed=true#?secret=4Gl8ZQOJ0K\" data-secret=\"4Gl8ZQOJ0K\" width=\"600\" height=\"338\" frameborder=\"0\" marginwidth=\"0\" marginheight=\"0\" scrolling=\"no\"><\/iframe>\n<\/div><\/figure>\n","protected":false},"excerpt":{"rendered":"","protected":false},"author":2,"featured_media":33155,"comment_status":"open","ping_status":"open","sticky":false,"template":"","format":"standard","meta":{"_acf_changed":false,"_jetpack_newsletter_access":"","_jetpack_dont_email_post_to_subs":false,"_jetpack_newsletter_tier_id":0,"_jetpack_memberships_contains_paywalled_content":false,"_jetpack_memberships_contains_paid_content":false,"footnotes":"","jetpack_publicize_message":"","jetpack_publicize_feature_enabled":true,"jetpack_social_post_already_shared":true,"jetpack_social_options":{"image_generator_settings":{"template":"highway","default_image_id":0,"font":"","enabled":false},"version":2},"jetpack_post_was_ever_published":false},"categories":[3],"tags":[],"class_list":["post-33154","post","type-post","status-publish","format-standard","has-post-thumbnail","hentry","category-novosti"],"acf":{"facebook_opis":""},"jetpack_publicize_connections":[],"jetpack_featured_media_url":"https:\/\/i0.wp.com\/historiografija.hr\/wp-content\/uploads\/2022\/10\/baner.jpg?fit=1920%2C1080&ssl=1","jetpack_sharing_enabled":true,"jetpack-related-posts":[{"id":52641,"url":"https:\/\/historiografija.hr\/?p=52641","url_meta":{"origin":33154,"position":0},"title":"CfP: WHO OWNS THE PAST? VERNACULAR MEMORY, STATE MEMORY, AND THE POLITICS OF OWNERSHIP","author":"Branimir Jankovi\u0107","date":"24. travnja 2026.","format":false,"excerpt":"VIENNA, 31ST AUGUST\u20133RD SEPTEMBER 2026 (DEADLINE: 24TH APRIL 2026) The Center for Austrian Studies at the European Forum at the Hebrew University and the Austrian Academy of Sciences\/Institute of Culture Studies invite early postdocs, PhD candidates, and advanced Master\u2019s students from the Hebrew University of Jerusalem and universities and academic\u2026","rel":"","context":"U &quot;Novosti&quot;","block_context":{"text":"Novosti","link":"https:\/\/historiografija.hr\/?cat=3"},"img":{"alt_text":"","src":"https:\/\/i0.wp.com\/historiografija.hr\/wp-content\/uploads\/2017\/10\/hsozkult.png?fit=1006%2C241&ssl=1&resize=350%2C200","width":350,"height":200,"srcset":"https:\/\/i0.wp.com\/historiografija.hr\/wp-content\/uploads\/2017\/10\/hsozkult.png?fit=1006%2C241&ssl=1&resize=350%2C200 1x, https:\/\/i0.wp.com\/historiografija.hr\/wp-content\/uploads\/2017\/10\/hsozkult.png?fit=1006%2C241&ssl=1&resize=525%2C300 1.5x, https:\/\/i0.wp.com\/historiografija.hr\/wp-content\/uploads\/2017\/10\/hsozkult.png?fit=1006%2C241&ssl=1&resize=700%2C400 2x"},"classes":[]},{"id":54537,"url":"https:\/\/historiografija.hr\/?p=54537","url_meta":{"origin":33154,"position":1},"title":"Call for Applications: Visegrad Scholarship at OSA 2026\/2027","author":"Branimir Jankovi\u0107","date":"9. srpnja 2026.","format":false,"excerpt":"The\u00a0Visegrad Scholarship at Blinken OSA Archivum\u00a0(Budapest, Hungary)\u00a0supports 8-week research stays (shorter stays pro-rated) for scholars and socially engaged artists working with the Archivum\u2019s Cold War and post-Cold War collections. Each grant is\u00a03.000,00\u20ac, intended to cover travel, accommodation and living costs. Next application deadline: July 25, 2026\u00a0(for the 2026\/2027 academic year).\u2026","rel":"","context":"U &quot;Novosti&quot;","block_context":{"text":"Novosti","link":"https:\/\/historiografija.hr\/?cat=3"},"img":{"alt_text":"","src":"https:\/\/i0.wp.com\/historiografija.hr\/wp-content\/uploads\/2026\/07\/Blinken-OSA-Archivum-Visegrad-Scholarship-at-OSA.png?fit=1200%2C624&ssl=1&resize=350%2C200","width":350,"height":200,"srcset":"https:\/\/i0.wp.com\/historiografija.hr\/wp-content\/uploads\/2026\/07\/Blinken-OSA-Archivum-Visegrad-Scholarship-at-OSA.png?fit=1200%2C624&ssl=1&resize=350%2C200 1x, https:\/\/i0.wp.com\/historiografija.hr\/wp-content\/uploads\/2026\/07\/Blinken-OSA-Archivum-Visegrad-Scholarship-at-OSA.png?fit=1200%2C624&ssl=1&resize=525%2C300 1.5x, https:\/\/i0.wp.com\/historiografija.hr\/wp-content\/uploads\/2026\/07\/Blinken-OSA-Archivum-Visegrad-Scholarship-at-OSA.png?fit=1200%2C624&ssl=1&resize=700%2C400 2x, https:\/\/i0.wp.com\/historiografija.hr\/wp-content\/uploads\/2026\/07\/Blinken-OSA-Archivum-Visegrad-Scholarship-at-OSA.png?fit=1200%2C624&ssl=1&resize=1050%2C600 3x"},"classes":[]},{"id":52677,"url":"https:\/\/historiografija.hr\/?p=52677","url_meta":{"origin":33154,"position":2},"title":"CfP: NAVIGATING THE PAST, FACING THE PRESENT: CHALLENGES AND OPPORTUNITIES IN RE-PRESENTING CONFLICTS AND VIOLENCE IN MEMORY AND EDUCATION INSTITUTIONS, WARSAW, 22ND\u201324TH OCTOBER 2026 (DEADLINE: 30TH APRIL 2026)","author":"Branimir Jankovi\u0107","date":"27. travnja 2026.","format":false,"excerpt":"The conference and graduate workshop (October 22-24, 2026, Warsaw) addresses the representation of history in public and institutional contexts, with a focus beyond the often-studied field of \u201cmemory culture\u201d. Rather than emphasizing the politicization of memory and cultural institutions, the discussion shifts toward new methods, media, and challenges in historical\u2026","rel":"","context":"U &quot;Novosti&quot;","block_context":{"text":"Novosti","link":"https:\/\/historiografija.hr\/?cat=3"},"img":{"alt_text":"","src":"https:\/\/i0.wp.com\/historiografija.hr\/wp-content\/uploads\/2017\/10\/hsozkult.png?fit=1006%2C241&ssl=1&resize=350%2C200","width":350,"height":200,"srcset":"https:\/\/i0.wp.com\/historiografija.hr\/wp-content\/uploads\/2017\/10\/hsozkult.png?fit=1006%2C241&ssl=1&resize=350%2C200 1x, https:\/\/i0.wp.com\/historiografija.hr\/wp-content\/uploads\/2017\/10\/hsozkult.png?fit=1006%2C241&ssl=1&resize=525%2C300 1.5x, https:\/\/i0.wp.com\/historiografija.hr\/wp-content\/uploads\/2017\/10\/hsozkult.png?fit=1006%2C241&ssl=1&resize=700%2C400 2x"},"classes":[]},{"id":51481,"url":"https:\/\/historiografija.hr\/?p=51481","url_meta":{"origin":33154,"position":3},"title":"CfP: New Approaches to the Study of the ICTY Archives","author":"Branimir Jankovi\u0107","date":"13. velja\u010de 2026.","format":false,"excerpt":"In April 2008, the International Criminal Tribunal for the former Yugoslavia (ICTY) launched its online Court Records Database, making documents from Tribunal proceedings broadly accessible for research and teaching. Early expectations were high: the evidentiary record introduced at trial was hoped to help future generations \"understand the region's history and\u2026","rel":"","context":"U &quot;Novosti&quot;","block_context":{"text":"Novosti","link":"https:\/\/historiografija.hr\/?cat=3"},"img":{"alt_text":"","src":"https:\/\/i0.wp.com\/historiografija.hr\/wp-content\/uploads\/2026\/02\/Icty.jpg?fit=550%2C367&ssl=1&resize=350%2C200","width":350,"height":200,"srcset":"https:\/\/i0.wp.com\/historiografija.hr\/wp-content\/uploads\/2026\/02\/Icty.jpg?fit=550%2C367&ssl=1&resize=350%2C200 1x, https:\/\/i0.wp.com\/historiografija.hr\/wp-content\/uploads\/2026\/02\/Icty.jpg?fit=550%2C367&ssl=1&resize=525%2C300 1.5x"},"classes":[]},{"id":54517,"url":"https:\/\/historiografija.hr\/?p=54517","url_meta":{"origin":33154,"position":4},"title":"CfP: Entangled Transformations: Temporalities, Experiences, and Critical Histories of Postsocialist Change in Europe","author":"Branimir Jankovi\u0107","date":"8. srpnja 2026.","format":false,"excerpt":"International Workshop organised by the Department of History, University of Warsaw and the Department of Public History, FernUniversit\u00e4t in Hagen Often framed within the triumphalist narrative, most prominently articulated in the \u201cend of history\u201d concept (Fukuyama, 1989), transformations that reshaped the socialist states in Europe in the late twentieth century\u2026","rel":"","context":"U &quot;Novosti&quot;","block_context":{"text":"Novosti","link":"https:\/\/historiografija.hr\/?cat=3"},"img":{"alt_text":"","src":"https:\/\/i0.wp.com\/historiografija.hr\/wp-content\/uploads\/2017\/10\/hsozkult.png?fit=1006%2C241&ssl=1&resize=350%2C200","width":350,"height":200,"srcset":"https:\/\/i0.wp.com\/historiografija.hr\/wp-content\/uploads\/2017\/10\/hsozkult.png?fit=1006%2C241&ssl=1&resize=350%2C200 1x, https:\/\/i0.wp.com\/historiografija.hr\/wp-content\/uploads\/2017\/10\/hsozkult.png?fit=1006%2C241&ssl=1&resize=525%2C300 1.5x, https:\/\/i0.wp.com\/historiografija.hr\/wp-content\/uploads\/2017\/10\/hsozkult.png?fit=1006%2C241&ssl=1&resize=700%2C400 2x"},"classes":[]},{"id":54376,"url":"https:\/\/historiografija.hr\/?p=54376","url_meta":{"origin":33154,"position":5},"title":"Slobodan Jovanovi\u0107, \u201eZapisi o problemima i ljudima 1941\u20131944\u201c (Novi Sad: Akademska knjiga, 2025)","author":"Branimir Jankovi\u0107","date":"30. lipnja 2026.","format":false,"excerpt":"Skoro u potpunosti nepoznati \u0161iroj javnosti, Zapisi o problemima i ljudima 1941\u20131944 Slobodana Jovanovi\u0107a donose novi pogled na burnu istoriju ratnih godina.Predstavljaju\u0107i niz doga\u0111aja \u2013 me\u0111u kojima su vojni pu\u010d 27. marta, Aprilski rat, bekstvo \u010dlanova Vlade Kraljevine Jugoslavije u emigraciju, u\u010destali sporovi srpskih i hrvatskih politi\u010dara, Kairska afera, \u017eenidba\u2026","rel":"","context":"U &quot;Knjige&quot;","block_context":{"text":"Knjige","link":"https:\/\/historiografija.hr\/?cat=8"},"img":{"alt_text":"","src":"https:\/\/i0.wp.com\/historiografija.hr\/wp-content\/uploads\/2026\/06\/Zapisi.png?fit=600%2C440&ssl=1&resize=350%2C200","width":350,"height":200,"srcset":"https:\/\/i0.wp.com\/historiografija.hr\/wp-content\/uploads\/2026\/06\/Zapisi.png?fit=600%2C440&ssl=1&resize=350%2C200 1x, https:\/\/i0.wp.com\/historiografija.hr\/wp-content\/uploads\/2026\/06\/Zapisi.png?fit=600%2C440&ssl=1&resize=525%2C300 1.5x"},"classes":[]}],"_links":{"self":[{"href":"https:\/\/historiografija.hr\/index.php?rest_route=\/wp\/v2\/posts\/33154","targetHints":{"allow":["GET"]}}],"collection":[{"href":"https:\/\/historiografija.hr\/index.php?rest_route=\/wp\/v2\/posts"}],"about":[{"href":"https:\/\/historiografija.hr\/index.php?rest_route=\/wp\/v2\/types\/post"}],"author":[{"embeddable":true,"href":"https:\/\/historiografija.hr\/index.php?rest_route=\/wp\/v2\/users\/2"}],"replies":[{"embeddable":true,"href":"https:\/\/historiografija.hr\/index.php?rest_route=%2Fwp%2Fv2%2Fcomments&post=33154"}],"version-history":[{"count":2,"href":"https:\/\/historiografija.hr\/index.php?rest_route=\/wp\/v2\/posts\/33154\/revisions"}],"predecessor-version":[{"id":33157,"href":"https:\/\/historiografija.hr\/index.php?rest_route=\/wp\/v2\/posts\/33154\/revisions\/33157"}],"wp:featuredmedia":[{"embeddable":true,"href":"https:\/\/historiografija.hr\/index.php?rest_route=\/wp\/v2\/media\/33155"}],"wp:attachment":[{"href":"https:\/\/historiografija.hr\/index.php?rest_route=%2Fwp%2Fv2%2Fmedia&parent=33154"}],"wp:term":[{"taxonomy":"category","embeddable":true,"href":"https:\/\/historiografija.hr\/index.php?rest_route=%2Fwp%2Fv2%2Fcategories&post=33154"},{"taxonomy":"post_tag","embeddable":true,"href":"https:\/\/historiografija.hr\/index.php?rest_route=%2Fwp%2Fv2%2Ftags&post=33154"}],"curies":[{"name":"wp","href":"https:\/\/api.w.org\/{rel}","templated":true}]}}