{"id":33151,"date":"2022-10-26T13:29:07","date_gmt":"2022-10-26T13:29:07","guid":{"rendered":"http:\/\/historiografija.hr\/?p=33151"},"modified":"2022-10-26T13:29:07","modified_gmt":"2022-10-26T13:29:07","slug":"xiv-medunarodni-sajam-biblioteke-xx-vek","status":"publish","type":"post","link":"https:\/\/historiografija.hr\/?p=33151","title":{"rendered":"XIV ME\u0110UNARODNI SAJAM BIBLIOTEKE XX VEK"},"content":{"rendered":"\n<p>Centar za kulturnu dekontaminaciju i Biblioteka XX vek pozivaju vas na<\/p>\n\n\n\n<p><strong>XIV ME\u0110UNARODNI SAJAM BIBLIOTEKE XX VEK<\/strong><\/p>\n\n\n\n<p>\u010cetvrtak 27. oktobar 2022, od 18,30 do 20,30h u <a href=\"https:\/\/www.czkd.org\/\" target=\"_blank\" rel=\"noreferrer noopener\">CZKD<\/a> (Bir\u010daninova 21, Beograd)<\/p>\n\n\n\n<p>Sajam \u0107e u 19,00 h sve\u010dano otvoriti profesorka Vesna Raki\u0107 Vodineli\u0107.<\/p>\n\n\n\n<p>Brojeve tradicionalne sajamske tombole izvla\u010de novinarka i dru\u0161tvena aktivistkinja Aida \u0106orovi\u0107 i istori\u010dar Milivoj Be\u0161lin.<\/p>\n\n\n\n<p>Bi\u0107e izlo\u017eene nove knjige: Nenad Makuljevi\u0107 \u2013 <em>MEMORIJA I MANIPULACIJA. Spomeni\u010dka politika u Srbiji 1989 \u2013 2021<\/em>, Albert &nbsp;B. Lord \u2013 <em>PEVA\u010c PRI\u010cA I\/II<\/em> i Vulf D. Hund \u2013 <em>KAKO SU NEMCI POSTALI BELI. Kratka (zavi\u010dajna) istorija rasizma<\/em> i vi\u0161e od 130 drugih izdanja Biblioteke XX vek.<\/p>\n\n\n\n<p>Postioci sajma mo\u0107i \u0107e da kupe <a href=\"http:\/\/www.bibliotekaxxvek.com\/category\/knjige\/knjige-u-prodaji\/\" target=\"_blank\" rel=\"noreferrer noopener\"><strong>na\u0161a izdanja<\/strong><\/a> po sni\u017eenim cenama. <strong>Za jedan broj naslova cene \u0107e biti sni\u017eene i za 70% procenata<\/strong>.<\/p>\n\n\n\n<p>O\u010dekujemo prisustvo ve\u0107eg broja na\u0161ih autora i drugih saradnika.<\/p>\n\n\n\n<p>I bi\u0107e, na kraju, koktel.<\/p>\n\n\n\n<hr class=\"wp-block-separator\"\/>\n\n\n\n<p>Izvor:<\/p>\n\n\n\n<figure class=\"wp-block-embed-wordpress wp-block-embed is-type-wp-embed is-provider-biblioteka-xx-vek\"><div class=\"wp-block-embed__wrapper\">\n<blockquote class=\"wp-embedded-content\" data-secret=\"yaUwN7nOAW\"><a href=\"https:\/\/www.bibliotekaxxvek.com\/xiv-medunarodni-sajam-biblioteke-xx-vek\/\">XIV ME\u0110UNARODNI SAJAM BIBLIOTEKE XX VEK<\/a><\/blockquote><iframe loading=\"lazy\" class=\"wp-embedded-content\" sandbox=\"allow-scripts\" security=\"restricted\" style=\"position: absolute; clip: rect(1px, 1px, 1px, 1px);\" title=\"&#8220;XIV ME\u0110UNARODNI SAJAM BIBLIOTEKE XX VEK&#8221; &#8212; Biblioteka XX vek\" src=\"https:\/\/www.bibliotekaxxvek.com\/xiv-medunarodni-sajam-biblioteke-xx-vek\/embed\/#?secret=yaUwN7nOAW\" data-secret=\"yaUwN7nOAW\" width=\"600\" height=\"338\" frameborder=\"0\" marginwidth=\"0\" marginheight=\"0\" scrolling=\"no\"><\/iframe>\n<\/div><\/figure>\n\n\n\n<hr class=\"wp-block-separator\"\/>\n","protected":false},"excerpt":{"rendered":"","protected":false},"author":2,"featured_media":33152,"comment_status":"open","ping_status":"open","sticky":false,"template":"","format":"standard","meta":{"_acf_changed":false,"_jetpack_newsletter_access":"","_jetpack_dont_email_post_to_subs":false,"_jetpack_newsletter_tier_id":0,"_jetpack_memberships_contains_paywalled_content":false,"_jetpack_memberships_contains_paid_content":false,"footnotes":"","jetpack_publicize_message":"","jetpack_publicize_feature_enabled":true,"jetpack_social_post_already_shared":true,"jetpack_social_options":{"image_generator_settings":{"template":"highway","default_image_id":0,"font":"","enabled":false},"version":2},"jetpack_post_was_ever_published":false},"categories":[3],"tags":[],"class_list":["post-33151","post","type-post","status-publish","format-standard","has-post-thumbnail","hentry","category-novosti"],"acf":{"facebook_opis":""},"jetpack_publicize_connections":[],"jetpack_featured_media_url":"https:\/\/i0.wp.com\/historiografija.hr\/wp-content\/uploads\/2022\/10\/Sajam_Biblioteke_XX_vek_2015_foto_Sr%C4%91an_Veljovi%C4%87.jpg?fit=768%2C512&ssl=1","jetpack_sharing_enabled":true,"jetpack-related-posts":[{"id":42895,"url":"https:\/\/historiografija.hr\/?p=42895","url_meta":{"origin":33151,"position":0},"title":"Dragan Popovi\u0107, \u201eRat se\u0107anja u Srbiji 1980-1990.\u201c","author":"Branimir Jankovi\u0107","date":"23. listopada 2024.","format":false,"excerpt":"U izdanju Biblioteke XX vek upravo je objavljena knjiga Dragana Popovi\u0107a \u201eRat se\u0107anja u Srbiji 1980-1990.\u201c Dragan Popovi\u0107 (Kraljevo, 1980) je istori\u010dar i dugogodi\u0161nji aktivista za za\u0161titu ljudskih prava iz Beograda. Osnovne i master studije zavr\u0161io je na Pravnom fakultetu u Beogradu, a doktorsku disertaciju pod naslovom \u201ePromene u politici\u2026","rel":"","context":"U &quot;Knjige&quot;","block_context":{"text":"Knjige","link":"https:\/\/historiografija.hr\/?cat=8"},"img":{"alt_text":"","src":"https:\/\/i0.wp.com\/historiografija.hr\/wp-content\/uploads\/2024\/10\/Rat_secanja.jpg?fit=450%2C652&ssl=1&resize=350%2C200","width":350,"height":200},"classes":[]},{"id":53099,"url":"https:\/\/historiografija.hr\/?p=53099","url_meta":{"origin":33151,"position":1},"title":"Sajam pri Starom gradu u Konj\u0161\u010dini odr\u017eava se i ove godine","author":"Filip \u0160imunjak","date":"13. svibnja 2026.","format":false,"excerpt":"U subotu, 16. svibnja odr\u017eat \u0107e se 17. Sajam pri Starom gradu u Konj\u0161\u010dini. Organizator ovog tradicionalnog doga\u0111aja koji svake godine privu\u010de brojne posjetitelje je Udruga Grofovija Konjski, uz pokroviteljstvo Op\u0107ine Konj\u0161\u010dina. Sajam o\u017eivljava povijesnu borbu vitezova pri konj\u0161\u010dinskom Starom gradu, a za cilj ima o\u010duvanje spomena na veliku bitku\u2026","rel":"","context":"U &quot;Manifestacije o\u017eivljene povijesti&quot;","block_context":{"text":"Manifestacije o\u017eivljene povijesti","link":"https:\/\/historiografija.hr\/?cat=16"},"img":{"alt_text":"","src":"https:\/\/i0.wp.com\/historiografija.hr\/wp-content\/uploads\/2026\/05\/Stari-grad-Konjscina-sajam.jpg?fit=1200%2C800&ssl=1&resize=350%2C200","width":350,"height":200,"srcset":"https:\/\/i0.wp.com\/historiografija.hr\/wp-content\/uploads\/2026\/05\/Stari-grad-Konjscina-sajam.jpg?fit=1200%2C800&ssl=1&resize=350%2C200 1x, https:\/\/i0.wp.com\/historiografija.hr\/wp-content\/uploads\/2026\/05\/Stari-grad-Konjscina-sajam.jpg?fit=1200%2C800&ssl=1&resize=525%2C300 1.5x, https:\/\/i0.wp.com\/historiografija.hr\/wp-content\/uploads\/2026\/05\/Stari-grad-Konjscina-sajam.jpg?fit=1200%2C800&ssl=1&resize=700%2C400 2x, https:\/\/i0.wp.com\/historiografija.hr\/wp-content\/uploads\/2026\/05\/Stari-grad-Konjscina-sajam.jpg?fit=1200%2C800&ssl=1&resize=1050%2C600 3x"},"classes":[]},{"id":52657,"url":"https:\/\/historiografija.hr\/?p=52657","url_meta":{"origin":33151,"position":2},"title":"[Predavanje] Jezik i drugost u (post)socijalisti\u010dkoj Srbiji: diskurzivne politike identiteta (YugoLab)","author":"Branimir Jankovi\u0107","date":"24. travnja 2026.","format":false,"excerpt":"U sklopu projekta Prizma \/ IMAGINATION (\u201eZami\u0161ljanje nacije: srpski nacionalni narativi u sporu (XX\u2013XXI vek)\u201c), koji se realizuje na Institutu za filozofiju i dru\u0161tvenu teoriju Univerziteta u Beogradu (2024\u20132027) uz finansijsku podr\u0161ku Fonda za nauku Republike Srbije, organizuje se serija predavanja na kojoj istra\u017eiva\u010di i istra\u017eiva\u010dice projekta predstavljaju rezultate svojih\u2026","rel":"","context":"U &quot;Novosti&quot;","block_context":{"text":"Novosti","link":"https:\/\/historiografija.hr\/?cat=3"},"img":{"alt_text":"","src":"https:\/\/i0.wp.com\/historiografija.hr\/wp-content\/uploads\/2026\/04\/IFDT_28_IV.png?fit=1200%2C675&ssl=1&resize=350%2C200","width":350,"height":200,"srcset":"https:\/\/i0.wp.com\/historiografija.hr\/wp-content\/uploads\/2026\/04\/IFDT_28_IV.png?fit=1200%2C675&ssl=1&resize=350%2C200 1x, https:\/\/i0.wp.com\/historiografija.hr\/wp-content\/uploads\/2026\/04\/IFDT_28_IV.png?fit=1200%2C675&ssl=1&resize=525%2C300 1.5x, https:\/\/i0.wp.com\/historiografija.hr\/wp-content\/uploads\/2026\/04\/IFDT_28_IV.png?fit=1200%2C675&ssl=1&resize=700%2C400 2x, https:\/\/i0.wp.com\/historiografija.hr\/wp-content\/uploads\/2026\/04\/IFDT_28_IV.png?fit=1200%2C675&ssl=1&resize=1050%2C600 3x"},"classes":[]},{"id":54696,"url":"https:\/\/historiografija.hr\/?p=54696","url_meta":{"origin":33151,"position":3},"title":"Leidulf Melve i Eivind Heldaas Seland, \u201e\u0160ta je globalna istorija?&#8221;","author":"Branimir Jankovi\u0107","date":"21. srpnja 2026.","format":false,"excerpt":"U knjizi, koju je na srpski prevela Jelena Stani\u0161i\u0107, razmatra se razvoj globalne povijesti kao historiografskog pristupa, njezino razlikovanje od univerzalne i svjetske povijesti te njezina povezanost s kolonijalizmom, nacionalnim historiografijama i odnosima izme\u0111u razvijenih i nerazvijenih dijelova svijeta. O knjizi: \u201eU ovoj knjizi globalnu istoriju razumemo kao polje istra\u017eivanja\u2026","rel":"","context":"U &quot;Knjige&quot;","block_context":{"text":"Knjige","link":"https:\/\/historiografija.hr\/?cat=8"},"img":{"alt_text":"","src":"https:\/\/i0.wp.com\/historiografija.hr\/wp-content\/uploads\/2026\/07\/Sta-je-globalna-istorija.jpg?fit=203%2C312&ssl=1&resize=350%2C200","width":350,"height":200},"classes":[]},{"id":53939,"url":"https:\/\/historiografija.hr\/?p=53939","url_meta":{"origin":33151,"position":4},"title":"6. kongres hrvatskih povjesni\u010dara umjetnosti \u2013 11. do 13. lipnja 2026.","author":"Filip \u0160imunjak","date":"9. lipnja 2026.","format":false,"excerpt":"Dru\u0161tvo povjesni\u010dara umjetnosti Hrvatske poziva Vas na 6. kongres hrvatskih povjesni\u010dara umjetnosti, koji se ove godine odr\u017eava pod temom\u00a0Povjesni\u010dar umjetnosti kao autor. Kongres se odvija od 11. do 13. lipnja 2026. u Muzeju suvremene umjetnosti u Zagrebu te okuplja vi\u0161e od 120 sudionika iz Hrvatske i inozemstva. Program uklju\u010duje pozvana\u2026","rel":"","context":"U &quot;Novosti&quot;","block_context":{"text":"Novosti","link":"https:\/\/historiografija.hr\/?cat=3"},"img":{"alt_text":"","src":"https:\/\/i0.wp.com\/historiografija.hr\/wp-content\/uploads\/2026\/06\/DPUH-6-kongres-2026.png?fit=1200%2C630&ssl=1&resize=350%2C200","width":350,"height":200,"srcset":"https:\/\/i0.wp.com\/historiografija.hr\/wp-content\/uploads\/2026\/06\/DPUH-6-kongres-2026.png?fit=1200%2C630&ssl=1&resize=350%2C200 1x, https:\/\/i0.wp.com\/historiografija.hr\/wp-content\/uploads\/2026\/06\/DPUH-6-kongres-2026.png?fit=1200%2C630&ssl=1&resize=525%2C300 1.5x, https:\/\/i0.wp.com\/historiografija.hr\/wp-content\/uploads\/2026\/06\/DPUH-6-kongres-2026.png?fit=1200%2C630&ssl=1&resize=700%2C400 2x, https:\/\/i0.wp.com\/historiografija.hr\/wp-content\/uploads\/2026\/06\/DPUH-6-kongres-2026.png?fit=1200%2C630&ssl=1&resize=1050%2C600 3x"},"classes":[]},{"id":54528,"url":"https:\/\/historiografija.hr\/?p=54528","url_meta":{"origin":33151,"position":5},"title":"Amerika u 50 pojmova","author":"Branimir Jankovi\u0107","date":"8. srpnja 2026.","format":false,"excerpt":"Projekat koji je rezultirao objavljivanjem knjige \u201eAmerika u 50 pojmova\u201c pokrenut je u januru 2026. godine, pod pokroviteljskom Ameri\u010dke ambasade u Beogradu, s ciljem obele\u017eavanja 250. godi\u0161njice Sjedinjenih Ameri\u010dkih Dr\u017eava. Dva i po veka od progla\u0161enja Deklaracije nezavisnosti Sjedinjenih Ameri\u010dkih Dr\u017eava pru\u017eila su idealan povod da se mnogobrojne teme o\u2026","rel":"","context":"U &quot;E-knjige&quot;","block_context":{"text":"E-knjige","link":"https:\/\/historiografija.hr\/?cat=19"},"img":{"alt_text":"","src":"https:\/\/i0.wp.com\/historiografija.hr\/wp-content\/uploads\/2026\/07\/Pojmovi.jpg?fit=773%2C578&ssl=1&resize=350%2C200","width":350,"height":200,"srcset":"https:\/\/i0.wp.com\/historiografija.hr\/wp-content\/uploads\/2026\/07\/Pojmovi.jpg?fit=773%2C578&ssl=1&resize=350%2C200 1x, https:\/\/i0.wp.com\/historiografija.hr\/wp-content\/uploads\/2026\/07\/Pojmovi.jpg?fit=773%2C578&ssl=1&resize=525%2C300 1.5x, https:\/\/i0.wp.com\/historiografija.hr\/wp-content\/uploads\/2026\/07\/Pojmovi.jpg?fit=773%2C578&ssl=1&resize=700%2C400 2x"},"classes":[]}],"_links":{"self":[{"href":"https:\/\/historiografija.hr\/index.php?rest_route=\/wp\/v2\/posts\/33151","targetHints":{"allow":["GET"]}}],"collection":[{"href":"https:\/\/historiografija.hr\/index.php?rest_route=\/wp\/v2\/posts"}],"about":[{"href":"https:\/\/historiografija.hr\/index.php?rest_route=\/wp\/v2\/types\/post"}],"author":[{"embeddable":true,"href":"https:\/\/historiografija.hr\/index.php?rest_route=\/wp\/v2\/users\/2"}],"replies":[{"embeddable":true,"href":"https:\/\/historiografija.hr\/index.php?rest_route=%2Fwp%2Fv2%2Fcomments&post=33151"}],"version-history":[{"count":1,"href":"https:\/\/historiografija.hr\/index.php?rest_route=\/wp\/v2\/posts\/33151\/revisions"}],"predecessor-version":[{"id":33153,"href":"https:\/\/historiografija.hr\/index.php?rest_route=\/wp\/v2\/posts\/33151\/revisions\/33153"}],"wp:featuredmedia":[{"embeddable":true,"href":"https:\/\/historiografija.hr\/index.php?rest_route=\/wp\/v2\/media\/33152"}],"wp:attachment":[{"href":"https:\/\/historiografija.hr\/index.php?rest_route=%2Fwp%2Fv2%2Fmedia&parent=33151"}],"wp:term":[{"taxonomy":"category","embeddable":true,"href":"https:\/\/historiografija.hr\/index.php?rest_route=%2Fwp%2Fv2%2Fcategories&post=33151"},{"taxonomy":"post_tag","embeddable":true,"href":"https:\/\/historiografija.hr\/index.php?rest_route=%2Fwp%2Fv2%2Ftags&post=33151"}],"curies":[{"name":"wp","href":"https:\/\/api.w.org\/{rel}","templated":true}]}}