{"id":33148,"date":"2022-10-26T13:24:26","date_gmt":"2022-10-26T13:24:26","guid":{"rendered":"http:\/\/historiografija.hr\/?p=33148"},"modified":"2022-11-01T11:34:46","modified_gmt":"2022-11-01T11:34:46","slug":"ii-medunarodna-znanstveno-strucna-konferencija-suvremeni-usud-gastarbajterskoga-naslijeda-hrvatske","status":"publish","type":"post","link":"https:\/\/historiografija.hr\/?p=33148","title":{"rendered":"II. Me\u0111unarodna znanstveno-stru\u010dna konferencija \u201eSuvremeni usud gastarbajterskoga naslije\u0111a Hrvatske\u201c"},"content":{"rendered":"\n<p>Fakultet hrvatskih studija Sveu\u010dili\u0161ta u Zagrebu i Hrvatsko katoli\u010dko sveu\u010dili\u0161te organiziraju&nbsp;<strong>II. Me\u0111unarodnu znanstveno-stru\u010dnu konferenciju \u201eSuvremeni usud gastarbajterskoga naslije\u0111a Hrvatske\u201c<\/strong>&nbsp;kao nastavak planiranoga bijenalnoga odr\u017eavanja tematskih znanstvenih ciklusa posve\u0107enih demografiji i hrvatskome&nbsp;iseljeni\u0161tvu. Konferencija koja \u0107e&nbsp;se organizirati na Fakultetu hrvatskih studija u petak&nbsp;<strong>28. listopada 2022.<\/strong><\/p>\n\n\n\n<p>Me\u0111unarodna konferencija prire\u0111uje se zbog nu\u017enosti objektivnoga stru\u010dnoga i znanstvenoga razmatranja neposrednih i posrednih u\u010dinaka gastarbajterskoga naslije\u0111a na demografski razvoj Hrvatske nakon 1980-ih godina. Na konferenciji sudjeluju znanstvenici i stru\u010dnjaci demografske i iseljeni\u010dke problematike u Republici Hrvatskoj, hrvatskome iseljeni\u0161tvu i hrvatskome susjedstvu.<\/p>\n\n\n\n<p><strong>Predvi\u0111ene panel-rasprave<\/strong><\/p>\n\n\n\n<ol class=\"wp-block-list\" type=\"1\"><li><strong>Gastarbajtersko demografsko naslije\u0111e<\/strong><\/li><li><strong>Smjer i intenzitet iseljavanja 1980-ih<\/strong><\/li><li><strong>Hrvatska samostalnost i demografski izazovi<\/strong><\/li><li><strong>Demografska slika Hrvatske po\u010detkom novoga tisu\u0107lje\u0107a<\/strong><\/li><li><strong>Novi gastarbajterski iseljeni\u010dki val<\/strong><\/li><li><strong>Demografska budu\u0107nost Hrvatske u kriznim vremenima<\/strong><\/li><li><strong>Suvremeni civilizacijski, dru\u0161tveni, kulturni i identitetski aspekti razvoja Hrvatske<\/strong><\/li><li><strong>Studentska promi\u0161ljanja o demografskom razvoju Hrvatske<\/strong><\/li><li><strong><em>Online<\/em><\/strong><strong>&nbsp;panel<\/strong><\/li><\/ol>\n\n\n\n<hr class=\"wp-block-separator\"\/>\n\n\n\n<p>Izvor i dodatne obavijesti:<\/p>\n\n\n\n<p><a href=\"https:\/\/www.unicath.hr\/hks-najave\/ii-medunarodnu-znanstveno-strucnu-konferenciju-suvremeni-usud-gastarbajterskoga-naslijeda-hrvatske\">https:\/\/www.unicath.hr\/hks-najave\/ii-medunarodnu-znanstveno-strucnu-konferenciju-suvremeni-usud-gastarbajterskoga-naslijeda-hrvatske<\/a><\/p>\n\n\n\n<p><a href=\"https:\/\/www.hrstud.unizg.hr\/obavijesti?@=21jbv#news_112402\">https:\/\/www.hrstud.unizg.hr\/obavijesti?@=21jbv#news_112402<\/a><\/p>\n\n\n\n<hr class=\"wp-block-separator\"\/>\n","protected":false},"excerpt":{"rendered":"","protected":false},"author":2,"featured_media":33149,"comment_status":"open","ping_status":"open","sticky":false,"template":"","format":"standard","meta":{"_acf_changed":false,"_jetpack_newsletter_access":"","_jetpack_dont_email_post_to_subs":false,"_jetpack_newsletter_tier_id":0,"_jetpack_memberships_contains_paywalled_content":false,"_jetpack_memberships_contains_paid_content":false,"footnotes":"","jetpack_publicize_message":"","jetpack_publicize_feature_enabled":true,"jetpack_social_post_already_shared":true,"jetpack_social_options":{"image_generator_settings":{"template":"highway","default_image_id":0,"font":"","enabled":false},"version":2},"jetpack_post_was_ever_published":false},"categories":[3,9],"tags":[],"class_list":["post-33148","post","type-post","status-publish","format-standard","has-post-thumbnail","hentry","category-novosti","category-skupovi"],"acf":{"facebook_opis":""},"jetpack_publicize_connections":[],"jetpack_featured_media_url":"https:\/\/i0.wp.com\/historiografija.hr\/wp-content\/uploads\/2022\/10\/pozivnica.png?fit=1137%2C515&ssl=1","jetpack_sharing_enabled":true,"jetpack-related-posts":[{"id":53339,"url":"https:\/\/historiografija.hr\/?p=53339","url_meta":{"origin":33148,"position":0},"title":"Me\u0111unarodna konferencija &#8220;7th International Conference of the Mediterranean Maritime History Network&#8221; u Zadru","author":"Branimir Jankovi\u0107","date":"14. svibnja 2026.","format":false,"excerpt":"Od 25. do 29. svibnja 2026. na Odjelu za povijest Sveu\u010dili\u0161tu u Zadru odr\u017eava se 7. me\u0111unarodna konferencija Mediterranean Maritime History Network (MMHN) koja okuplja istra\u017eiva\u010de pomorske povijesti Mediterana. Na konferenciji sudjeluje preko 70 sudionika iz svijeta i Hrvatske koji \u0107e predstaviti svoja istra\u017eivanja koja imaju zajedni\u010dku dodirnu to\u010dku s\u2026","rel":"","context":"U &quot;Novosti&quot;","block_context":{"text":"Novosti","link":"https:\/\/historiografija.hr\/?cat=3"},"img":{"alt_text":"","src":"https:\/\/i0.wp.com\/historiografija.hr\/wp-content\/uploads\/2026\/05\/plakat-conf-ZD.jpg?fit=866%2C492&ssl=1&resize=350%2C200","width":350,"height":200,"srcset":"https:\/\/i0.wp.com\/historiografija.hr\/wp-content\/uploads\/2026\/05\/plakat-conf-ZD.jpg?fit=866%2C492&ssl=1&resize=350%2C200 1x, https:\/\/i0.wp.com\/historiografija.hr\/wp-content\/uploads\/2026\/05\/plakat-conf-ZD.jpg?fit=866%2C492&ssl=1&resize=525%2C300 1.5x, https:\/\/i0.wp.com\/historiografija.hr\/wp-content\/uploads\/2026\/05\/plakat-conf-ZD.jpg?fit=866%2C492&ssl=1&resize=700%2C400 2x"},"classes":[]},{"id":52499,"url":"https:\/\/historiografija.hr\/?p=52499","url_meta":{"origin":33148,"position":1},"title":"POTPISAN UGOVOR O ZNANSTVENO-ISTRA\u017dIVA\u010cKOJ SURADNJI: PROJEKT \u201eTEMELJI HRVATSKE SAMOSTALNOSTI\u201d","author":"Branimir Jankovi\u0107","date":"17. travnja 2026.","format":false,"excerpt":"Hrvatski institut za povijest, Sveu\u010dili\u0161te obrane i sigurnosti \u201eDr. Franjo Tu\u0111man\u201d, Institut dru\u0161tvenih znanosti Ivo Pilar i Hrvatski dr\u017eavni arhiv\u00a0potpisali su 23. o\u017eujka 2026.\u00a0Ugovor o znanstveno-istra\u017eiva\u010dkoj suradnji s ciljem provedbe projekta \u201eTemelji hrvatske samostalnosti\u201d. Tim projektom obuhva\u0107a se istra\u017eivanje arhivskoga gradiva, priprema znanstvenih publikacija, digitalizacija i javna prezentacija rezultata istra\u017eivanja\u2026","rel":"","context":"U &quot;Novosti&quot;","block_context":{"text":"Novosti","link":"https:\/\/historiografija.hr\/?cat=3"},"img":{"alt_text":"","src":"https:\/\/i0.wp.com\/historiografija.hr\/wp-content\/uploads\/2026\/04\/THS_sporazum.jpg?fit=1200%2C583&ssl=1&resize=350%2C200","width":350,"height":200,"srcset":"https:\/\/i0.wp.com\/historiografija.hr\/wp-content\/uploads\/2026\/04\/THS_sporazum.jpg?fit=1200%2C583&ssl=1&resize=350%2C200 1x, https:\/\/i0.wp.com\/historiografija.hr\/wp-content\/uploads\/2026\/04\/THS_sporazum.jpg?fit=1200%2C583&ssl=1&resize=525%2C300 1.5x, https:\/\/i0.wp.com\/historiografija.hr\/wp-content\/uploads\/2026\/04\/THS_sporazum.jpg?fit=1200%2C583&ssl=1&resize=700%2C400 2x, https:\/\/i0.wp.com\/historiografija.hr\/wp-content\/uploads\/2026\/04\/THS_sporazum.jpg?fit=1200%2C583&ssl=1&resize=1050%2C600 3x"},"classes":[]},{"id":54328,"url":"https:\/\/historiografija.hr\/?p=54328","url_meta":{"origin":33148,"position":2},"title":"Me\u0111unarodna konferencija \u201eArt in Society\u201c, Zagreb, 1. \u2013 4. 7. 2026.","author":"Branimir Jankovi\u0107","date":"26. lipnja 2026.","format":false,"excerpt":"Me\u0111unarodna konferencija \u201eArt in Society\u201c odr\u017eat \u0107e se od 1. do 4. srpnja 2026. godine na Filozofskom fakultetu Sveu\u010dili\u0161ta u Zagrebu. Skup okuplja stru\u010dnjake iz podru\u010dja povijesti umjetnosti, arhitekture, muzeologije i srodnih disciplina iz brojnih zemalja Europe i svijeta. Polaze\u0107i od shva\u0107anja umjetnosti kao aktivne i transformativne sile unutar dru\u0161tvenog\u2026","rel":"","context":"U &quot;Novosti&quot;","block_context":{"text":"Novosti","link":"https:\/\/historiografija.hr\/?cat=3"},"img":{"alt_text":"","src":"https:\/\/i0.wp.com\/historiografija.hr\/wp-content\/uploads\/2026\/06\/ArtinS_2026.jpg?fit=1191%2C839&ssl=1&resize=350%2C200","width":350,"height":200,"srcset":"https:\/\/i0.wp.com\/historiografija.hr\/wp-content\/uploads\/2026\/06\/ArtinS_2026.jpg?fit=1191%2C839&ssl=1&resize=350%2C200 1x, https:\/\/i0.wp.com\/historiografija.hr\/wp-content\/uploads\/2026\/06\/ArtinS_2026.jpg?fit=1191%2C839&ssl=1&resize=525%2C300 1.5x, https:\/\/i0.wp.com\/historiografija.hr\/wp-content\/uploads\/2026\/06\/ArtinS_2026.jpg?fit=1191%2C839&ssl=1&resize=700%2C400 2x, https:\/\/i0.wp.com\/historiografija.hr\/wp-content\/uploads\/2026\/06\/ArtinS_2026.jpg?fit=1191%2C839&ssl=1&resize=1050%2C600 3x"},"classes":[]},{"id":55152,"url":"https:\/\/historiografija.hr\/?p=55152","url_meta":{"origin":33148,"position":3},"title":"Znanstveno-stru\u010dni skup\u00a0\u201eKorijeni slobode \u2013 prostor Sisa\u010dko-moslava\u010dke \u017eupanije u Domovinskom ratu (1990. \u2013 1995.)\u201c","author":"Filip \u0160imunjak","date":"2. rujna 2026.","format":false,"excerpt":"Sa zadovoljstvom Vas pozivamo na znanstveno-stru\u010dni skup\u00a0\u201eKorijeni slobode \u2013 prostor Sisa\u010dko-moslava\u010dke \u017eupanije u Domovinskom ratu (1990. \u2013 1995.)\u201c, koji \u0107e se odr\u017eati u \u010detvrtak i petak, 17. i 18. rujna 2026. godine, s po\u010detkom u 10.00 sati u Galeriji Kulturno-povijesnog centra Sisa\u010dko-moslava\u010dke \u017eupanije, na adresi Rimska ulica 19 u Sisku.\u2026","rel":"","context":"U &quot;Novosti&quot;","block_context":{"text":"Novosti","link":"https:\/\/historiografija.hr\/?cat=3"},"img":{"alt_text":"","src":"https:\/\/i0.wp.com\/historiografija.hr\/wp-content\/uploads\/2026\/09\/Pozivnica-Korijeni-slobode-skup.webp?fit=1200%2C727&ssl=1&resize=350%2C200","width":350,"height":200,"srcset":"https:\/\/i0.wp.com\/historiografija.hr\/wp-content\/uploads\/2026\/09\/Pozivnica-Korijeni-slobode-skup.webp?fit=1200%2C727&ssl=1&resize=350%2C200 1x, https:\/\/i0.wp.com\/historiografija.hr\/wp-content\/uploads\/2026\/09\/Pozivnica-Korijeni-slobode-skup.webp?fit=1200%2C727&ssl=1&resize=525%2C300 1.5x, https:\/\/i0.wp.com\/historiografija.hr\/wp-content\/uploads\/2026\/09\/Pozivnica-Korijeni-slobode-skup.webp?fit=1200%2C727&ssl=1&resize=700%2C400 2x, https:\/\/i0.wp.com\/historiografija.hr\/wp-content\/uploads\/2026\/09\/Pozivnica-Korijeni-slobode-skup.webp?fit=1200%2C727&ssl=1&resize=1050%2C600 3x"},"classes":[]},{"id":53719,"url":"https:\/\/historiografija.hr\/?p=53719","url_meta":{"origin":33148,"position":4},"title":"Izlo\u017eba &#8220;Hrvatska kultura u Krakovu&#8221; (1. \u2013 30. lipnja 2026)\u00a0","author":"Filip \u0160imunjak","date":"26. svibnja 2026.","format":false,"excerpt":"Mjesto:\u00a0Izlo\u017ebena dvorana Jagelonske knji\u017eniceTermin:\u00a01. lipnja 2026. \u2013 30. lipnja 2026.Sve\u010dano otvaranje: 1. lipnja 2026. u 17 satiOrganizatori:\u00a0Institut za slavensku filologiju Jagelonskog sveu\u010dili\u0161ta, Jagelonska knji\u017enica, Udruga KliofestPokrovitelji: Matica hrvatska, Mi\u0119dzynarodowe Centrum KulturyPo\u010dasno pokroviteljstvo\u00a0Rektor Jagelonskog sveu\u010dili\u0161ta prof. Piotr Jedynak\u00a0Autor i kurator:\u00a0prof. Maciej Czerwi\u0144ski Popratna knji\u017eica izlo\u017ebe (preuzmite) Na izlo\u017ebi \u0107e biti prikazano\u2026","rel":"","context":"U &quot;Izlo\u017ebe&quot;","block_context":{"text":"Izlo\u017ebe","link":"https:\/\/historiografija.hr\/?cat=10"},"img":{"alt_text":"","src":"https:\/\/i0.wp.com\/historiografija.hr\/wp-content\/uploads\/2026\/05\/Hrvatska-kultura-u-Krakovu-Plakat.jpg?fit=841%2C1200&ssl=1&resize=350%2C200","width":350,"height":200,"srcset":"https:\/\/i0.wp.com\/historiografija.hr\/wp-content\/uploads\/2026\/05\/Hrvatska-kultura-u-Krakovu-Plakat.jpg?fit=841%2C1200&ssl=1&resize=350%2C200 1x, https:\/\/i0.wp.com\/historiografija.hr\/wp-content\/uploads\/2026\/05\/Hrvatska-kultura-u-Krakovu-Plakat.jpg?fit=841%2C1200&ssl=1&resize=525%2C300 1.5x, https:\/\/i0.wp.com\/historiografija.hr\/wp-content\/uploads\/2026\/05\/Hrvatska-kultura-u-Krakovu-Plakat.jpg?fit=841%2C1200&ssl=1&resize=700%2C400 2x"},"classes":[]},{"id":53619,"url":"https:\/\/historiografija.hr\/?p=53619","url_meta":{"origin":33148,"position":5},"title":"U HAZU me\u0111unarodni znanstveni skup Borba protiv tuberkuloze: politike, razmjene i reprezentacije u Europi i njezinim kolonijama od 1850-ih do 1970-ih","author":"Branimir Jankovi\u0107","date":"22. svibnja 2026.","format":false,"excerpt":"U organizaciji Zavoda za povijest i filozofiju znanosti Hrvatske akademije znanosti i umjetnosti i pod pokroviteljstvom Razreda za medicinske znanosti HAZU, u utorak 26. svibnja 2026. u Knji\u017enici HAZU od 9 do 18 sati odr\u017eat \u0107e se\u00a0me\u0111unarodni znanstveni skup The Fight against Tuberculosis: Policies, Exchanges and Representations in Europe and\u2026","rel":"","context":"U &quot;Novosti&quot;","block_context":{"text":"Novosti","link":"https:\/\/historiografija.hr\/?cat=3"},"img":{"alt_text":"","src":"https:\/\/i0.wp.com\/historiografija.hr\/wp-content\/uploads\/2026\/05\/vagonasi.jpg?fit=1200%2C911&ssl=1&resize=350%2C200","width":350,"height":200,"srcset":"https:\/\/i0.wp.com\/historiografija.hr\/wp-content\/uploads\/2026\/05\/vagonasi.jpg?fit=1200%2C911&ssl=1&resize=350%2C200 1x, https:\/\/i0.wp.com\/historiografija.hr\/wp-content\/uploads\/2026\/05\/vagonasi.jpg?fit=1200%2C911&ssl=1&resize=525%2C300 1.5x, https:\/\/i0.wp.com\/historiografija.hr\/wp-content\/uploads\/2026\/05\/vagonasi.jpg?fit=1200%2C911&ssl=1&resize=700%2C400 2x, https:\/\/i0.wp.com\/historiografija.hr\/wp-content\/uploads\/2026\/05\/vagonasi.jpg?fit=1200%2C911&ssl=1&resize=1050%2C600 3x"},"classes":[]}],"_links":{"self":[{"href":"https:\/\/historiografija.hr\/index.php?rest_route=\/wp\/v2\/posts\/33148","targetHints":{"allow":["GET"]}}],"collection":[{"href":"https:\/\/historiografija.hr\/index.php?rest_route=\/wp\/v2\/posts"}],"about":[{"href":"https:\/\/historiografija.hr\/index.php?rest_route=\/wp\/v2\/types\/post"}],"author":[{"embeddable":true,"href":"https:\/\/historiografija.hr\/index.php?rest_route=\/wp\/v2\/users\/2"}],"replies":[{"embeddable":true,"href":"https:\/\/historiografija.hr\/index.php?rest_route=%2Fwp%2Fv2%2Fcomments&post=33148"}],"version-history":[{"count":2,"href":"https:\/\/historiografija.hr\/index.php?rest_route=\/wp\/v2\/posts\/33148\/revisions"}],"predecessor-version":[{"id":33174,"href":"https:\/\/historiografija.hr\/index.php?rest_route=\/wp\/v2\/posts\/33148\/revisions\/33174"}],"wp:featuredmedia":[{"embeddable":true,"href":"https:\/\/historiografija.hr\/index.php?rest_route=\/wp\/v2\/media\/33149"}],"wp:attachment":[{"href":"https:\/\/historiografija.hr\/index.php?rest_route=%2Fwp%2Fv2%2Fmedia&parent=33148"}],"wp:term":[{"taxonomy":"category","embeddable":true,"href":"https:\/\/historiografija.hr\/index.php?rest_route=%2Fwp%2Fv2%2Fcategories&post=33148"},{"taxonomy":"post_tag","embeddable":true,"href":"https:\/\/historiografija.hr\/index.php?rest_route=%2Fwp%2Fv2%2Ftags&post=33148"}],"curies":[{"name":"wp","href":"https:\/\/api.w.org\/{rel}","templated":true}]}}