{"id":33139,"date":"2022-10-25T21:02:17","date_gmt":"2022-10-25T21:02:17","guid":{"rendered":"http:\/\/historiografija.hr\/?p=33139"},"modified":"2022-10-25T21:02:17","modified_gmt":"2022-10-25T21:02:17","slug":"predstavljanje-knjige-joze-dzambe-franjevci-u-srednjovjekovnoj-bosni-u-sarajevu","status":"publish","type":"post","link":"https:\/\/historiografija.hr\/?p=33139","title":{"rendered":"Predstavljanje knjige Joze D\u017eambe &#8220;Franjevci u srednjovjekovnoj Bosni&#8221; u Sarajevu"},"content":{"rendered":"\n<p>Kulturno-povijesni institut Bosne Srebrene je objavio knjigu &#8220;Franjevci u srednjovjekovnoj Bosni&#8221; Joze D\u017eambe. Rije\u010d je o studiji koju je D\u017eambo napisao 1991. kao doktorsku disertaciju &#8220;Die Franziskaner im mittelalterlichen Bosnien&#8221;, a sada se pojavljuje u prijevodu Sulejmana Boste.<\/p>\n\n\n\n<p>Knjiga \u0107e biti predstavljena u srijedu, 26. oktobra 2022. u 19:00 sati u Franjeva\u010dkom samostanu Svetog Ante na Bistriku u Sarajevu, a govorit \u0107e fra Marko Karamati\u0107, Emir O. Filipovi\u0107, fra Miro Jele\u010devi\u0107 i autor.<\/p>\n\n\n\n<hr class=\"wp-block-separator\"\/>\n\n\n\n<p>Izvor:<\/p>\n\n\n\n<p><strong>Historiografija.ba<\/strong><\/p>\n\n\n\n<p><a href=\"https:\/\/historiografija.ba\/article.php?id=1470\">https:\/\/historiografija.ba\/article.php?id=1470<\/a><\/p>\n\n\n\n<hr class=\"wp-block-separator\"\/>\n","protected":false},"excerpt":{"rendered":"","protected":false},"author":2,"featured_media":33140,"comment_status":"open","ping_status":"open","sticky":false,"template":"","format":"standard","meta":{"_acf_changed":false,"_jetpack_newsletter_access":"","_jetpack_dont_email_post_to_subs":false,"_jetpack_newsletter_tier_id":0,"_jetpack_memberships_contains_paywalled_content":false,"_jetpack_memberships_contains_paid_content":false,"footnotes":"","jetpack_publicize_message":"","jetpack_publicize_feature_enabled":true,"jetpack_social_post_already_shared":true,"jetpack_social_options":{"image_generator_settings":{"template":"highway","default_image_id":0,"font":"","enabled":false},"version":2},"jetpack_post_was_ever_published":false},"categories":[3],"tags":[],"class_list":["post-33139","post","type-post","status-publish","format-standard","has-post-thumbnail","hentry","category-novosti"],"acf":{"facebook_opis":""},"jetpack_publicize_connections":[],"jetpack_featured_media_url":"https:\/\/i0.wp.com\/historiografija.hr\/wp-content\/uploads\/2022\/10\/Dzambo_promocija.jpg?fit=555%2C278&ssl=1","jetpack_sharing_enabled":true,"jetpack-related-posts":[{"id":53451,"url":"https:\/\/historiografija.hr\/?p=53451","url_meta":{"origin":33139,"position":0},"title":"Promocija knjige Edina Omer\u010di\u0107a &#8220;Brzina mraka. Politi\u010dka djelatnost Srpske pravoslavne crkve u Bosni i Hercegovini od 1989. do 1996.&#8221; u Beogradu","author":"Branimir Jankovi\u0107","date":"18. svibnja 2026.","format":false,"excerpt":"Muzej 90-ih organizuje 20. maja 2026. u 19h promociju knjige istori\u010dara Edina Omer\u010di\u0107a (Institut za historiju u Sarajevu) Brzina mraka. Politi\u010dka djelatnost Srpske pravoslavne crkve u Bosni i Hercegovini od 1989. do 1996. Knjiga se bavi ulogom Srpske pravoslavne crkve u prelomnim godinama jugoslovenske krize i ratova devedesetih, sa posebnim\u2026","rel":"","context":"U &quot;Novosti&quot;","block_context":{"text":"Novosti","link":"https:\/\/historiografija.hr\/?cat=3"},"img":{"alt_text":"","src":"https:\/\/i0.wp.com\/historiografija.hr\/wp-content\/uploads\/2026\/05\/omercic-brzina-mraka-promocija-beograd.jpg?fit=949%2C497&ssl=1&resize=350%2C200","width":350,"height":200,"srcset":"https:\/\/i0.wp.com\/historiografija.hr\/wp-content\/uploads\/2026\/05\/omercic-brzina-mraka-promocija-beograd.jpg?fit=949%2C497&ssl=1&resize=350%2C200 1x, https:\/\/i0.wp.com\/historiografija.hr\/wp-content\/uploads\/2026\/05\/omercic-brzina-mraka-promocija-beograd.jpg?fit=949%2C497&ssl=1&resize=525%2C300 1.5x, https:\/\/i0.wp.com\/historiografija.hr\/wp-content\/uploads\/2026\/05\/omercic-brzina-mraka-promocija-beograd.jpg?fit=949%2C497&ssl=1&resize=700%2C400 2x"},"classes":[]},{"id":52651,"url":"https:\/\/historiografija.hr\/?p=52651","url_meta":{"origin":33139,"position":1},"title":"Promocija knjige Emira O. Filipovi\u0107a \u201cVite\u0161tvo u srednjovjekovnoj Bosni\u201d u Sarajevu","author":"Branimir Jankovi\u0107","date":"24. travnja 2026.","format":false,"excerpt":"Knji\u017eevni korner poziva na promociju knjige Emira O. Filipovi\u0107a \u201cVite\u0161tvo u srednjovjekovnoj Bosni\u201d koja \u0107e se odr\u017eati u srijedu, 29. aprila 2026. u 18 sati u Evropskoj ku\u0107i kulture i nacionalnih manjina (Austrijska ku\u0107a) u Sarajevu. Na promociji \u0107e govoriti Mirsad Sijari\u0107, Ema Mazrak i autor, a moderirat \u0107e Nikola\u2026","rel":"","context":"U &quot;Novosti&quot;","block_context":{"text":"Novosti","link":"https:\/\/historiografija.hr\/?cat=3"},"img":{"alt_text":"","src":"https:\/\/i0.wp.com\/historiografija.hr\/wp-content\/uploads\/2026\/04\/Vitestvo.jpg?fit=1080%2C565&ssl=1&resize=350%2C200","width":350,"height":200,"srcset":"https:\/\/i0.wp.com\/historiografija.hr\/wp-content\/uploads\/2026\/04\/Vitestvo.jpg?fit=1080%2C565&ssl=1&resize=350%2C200 1x, https:\/\/i0.wp.com\/historiografija.hr\/wp-content\/uploads\/2026\/04\/Vitestvo.jpg?fit=1080%2C565&ssl=1&resize=525%2C300 1.5x, https:\/\/i0.wp.com\/historiografija.hr\/wp-content\/uploads\/2026\/04\/Vitestvo.jpg?fit=1080%2C565&ssl=1&resize=700%2C400 2x, https:\/\/i0.wp.com\/historiografija.hr\/wp-content\/uploads\/2026\/04\/Vitestvo.jpg?fit=1080%2C565&ssl=1&resize=1050%2C600 3x"},"classes":[]},{"id":53206,"url":"https:\/\/historiografija.hr\/?p=53206","url_meta":{"origin":33139,"position":2},"title":"Predavanje Olge Pelcer-Vuja\u010di\u0107 &#8220;Izme\u0111u planina i mora: nastanak gradova i gradske elite u rimskoj provinciji Dalmaciji&#8221; u Sarajevu","author":"Branimir Jankovi\u0107","date":"13. svibnja 2026.","format":false,"excerpt":"Centar za historijska istra\u017eivanja (CeHiS) Filozofskog fakulteta Univerziteta u Sarajevu organizira predavanje pod naslovom \"Izme\u0111u planina i mora: nastanak gradova i gradske elite u rimskoj provinciji Dalmaciji\". Predavanje \u0107e odr\u017eati dr. sc. Olga Pelcer-Vuja\u010di\u0107, vi\u0161a nau\u010dna saradnica u Istorijskom institutu Univerziteta Crne Gore. Izlaganje je posve\u0107eno procesima urbanizacije i formiranja\u2026","rel":"","context":"U &quot;Novosti&quot;","block_context":{"text":"Novosti","link":"https:\/\/historiografija.hr\/?cat=3"},"img":{"alt_text":"","src":"https:\/\/i0.wp.com\/historiografija.hr\/wp-content\/uploads\/2026\/05\/cehis-predavanje-olga.jpg?fit=847%2C1200&ssl=1&resize=350%2C200","width":350,"height":200,"srcset":"https:\/\/i0.wp.com\/historiografija.hr\/wp-content\/uploads\/2026\/05\/cehis-predavanje-olga.jpg?fit=847%2C1200&ssl=1&resize=350%2C200 1x, https:\/\/i0.wp.com\/historiografija.hr\/wp-content\/uploads\/2026\/05\/cehis-predavanje-olga.jpg?fit=847%2C1200&ssl=1&resize=525%2C300 1.5x, https:\/\/i0.wp.com\/historiografija.hr\/wp-content\/uploads\/2026\/05\/cehis-predavanje-olga.jpg?fit=847%2C1200&ssl=1&resize=700%2C400 2x"},"classes":[]},{"id":53375,"url":"https:\/\/historiografija.hr\/?p=53375","url_meta":{"origin":33139,"position":3},"title":"Promocija knjige \u201cMoni Finci \u2013 Una persona calma\u201c u Sarajevu","author":"Branimir Jankovi\u0107","date":"15. svibnja 2026.","format":false,"excerpt":"Historijski muzej Bosne i Hercegovine organizira promociju monografije \u201cMoni Finci \u2013 Una persona calma\u201c, koju je priredila Javorka Finci-Pocrnja. Moni Finci pripadao je generaciji intelektualaca koji su svojim djelovanjem trajno obilje\u017eili kulturni i javni \u017eivot Bosne i Hercegovine. Antifa\u0161ista, publicista i kulturni radnik, bio je me\u0111u osniva\u010dima Bosna film i\u2026","rel":"","context":"U &quot;Novosti&quot;","block_context":{"text":"Novosti","link":"https:\/\/historiografija.hr\/?cat=3"},"img":{"alt_text":"","src":"https:\/\/i0.wp.com\/historiografija.hr\/wp-content\/uploads\/2026\/05\/Finci.jpg?fit=848%2C1200&ssl=1&resize=350%2C200","width":350,"height":200,"srcset":"https:\/\/i0.wp.com\/historiografija.hr\/wp-content\/uploads\/2026\/05\/Finci.jpg?fit=848%2C1200&ssl=1&resize=350%2C200 1x, https:\/\/i0.wp.com\/historiografija.hr\/wp-content\/uploads\/2026\/05\/Finci.jpg?fit=848%2C1200&ssl=1&resize=525%2C300 1.5x, https:\/\/i0.wp.com\/historiografija.hr\/wp-content\/uploads\/2026\/05\/Finci.jpg?fit=848%2C1200&ssl=1&resize=700%2C400 2x"},"classes":[]},{"id":54646,"url":"https:\/\/historiografija.hr\/?p=54646","url_meta":{"origin":33139,"position":4},"title":"Novi broj \u010dasopisa \u201ePRILOZI\u201c (br. 54, 2025)","author":"Branimir Jankovi\u0107","date":"17. srpnja 2026.","format":false,"excerpt":"Institut za historiju Univerziteta u Sarajevu objavio je 54. broj \u010dasopisa \u201ePrilozi\u201c, koji je u cijelosti dostupan na stranici Instituta za historiju Univerziteta u Sarajevu. Op\u0161irnije: https:\/\/prilozi.iis.unsa.ba\/prilozi-br-54-2025\/ Dodatne obavijesti: https:\/\/historiografija.ba\/casopisi\/bosna-i-hercegovina\/objavljen-je-br-54-casopisa-prilozi-instituta-za-historiju","rel":"","context":"U &quot;\u010casopisi&quot;","block_context":{"text":"\u010casopisi","link":"https:\/\/historiografija.hr\/?cat=21"},"img":{"alt_text":"","src":"https:\/\/i0.wp.com\/historiografija.hr\/wp-content\/uploads\/2026\/07\/prilozi-instituta-za-historiju-54.jpg?fit=450%2C665&ssl=1&resize=350%2C200","width":350,"height":200},"classes":[]},{"id":54643,"url":"https:\/\/historiografija.hr\/?p=54643","url_meta":{"origin":33139,"position":5},"title":"Objavljen 12. broj \u010dasopisa Radovi Filozofskog fakulteta u Sarajevu (Historija, Historija umjetnosti, Arheologija)","author":"Branimir Jankovi\u0107","date":"17. srpnja 2026.","format":false,"excerpt":"Novi broj \u010dasopisa Radovi Filozofskog fakulteta u Sarajevu tematski je posve\u0107en 75. obljetnici osnivanja Odsjeka za historiju, najstarije visoko\u0161kolske institucije ove vrste u Bosni i Hercegovini. Za razliku od uobi\u010dajenih izdanja fokusiranih na u\u017ei kronolo\u0161ki okvir, ovaj broj okuplja radove alumnija Odsjeka s ciljem prikaza suvremenih istra\u017eiva\u010dkih dosega i institucionalnog\u2026","rel":"","context":"U &quot;\u010casopisi&quot;","block_context":{"text":"\u010casopisi","link":"https:\/\/historiografija.hr\/?cat=21"},"img":{"alt_text":"","src":"https:\/\/i0.wp.com\/historiografija.hr\/wp-content\/uploads\/2026\/07\/radovi-ff-2025.jpg?fit=550%2C422&ssl=1&resize=350%2C200","width":350,"height":200,"srcset":"https:\/\/i0.wp.com\/historiografija.hr\/wp-content\/uploads\/2026\/07\/radovi-ff-2025.jpg?fit=550%2C422&ssl=1&resize=350%2C200 1x, https:\/\/i0.wp.com\/historiografija.hr\/wp-content\/uploads\/2026\/07\/radovi-ff-2025.jpg?fit=550%2C422&ssl=1&resize=525%2C300 1.5x"},"classes":[]}],"_links":{"self":[{"href":"https:\/\/historiografija.hr\/index.php?rest_route=\/wp\/v2\/posts\/33139","targetHints":{"allow":["GET"]}}],"collection":[{"href":"https:\/\/historiografija.hr\/index.php?rest_route=\/wp\/v2\/posts"}],"about":[{"href":"https:\/\/historiografija.hr\/index.php?rest_route=\/wp\/v2\/types\/post"}],"author":[{"embeddable":true,"href":"https:\/\/historiografija.hr\/index.php?rest_route=\/wp\/v2\/users\/2"}],"replies":[{"embeddable":true,"href":"https:\/\/historiografija.hr\/index.php?rest_route=%2Fwp%2Fv2%2Fcomments&post=33139"}],"version-history":[{"count":1,"href":"https:\/\/historiografija.hr\/index.php?rest_route=\/wp\/v2\/posts\/33139\/revisions"}],"predecessor-version":[{"id":33141,"href":"https:\/\/historiografija.hr\/index.php?rest_route=\/wp\/v2\/posts\/33139\/revisions\/33141"}],"wp:featuredmedia":[{"embeddable":true,"href":"https:\/\/historiografija.hr\/index.php?rest_route=\/wp\/v2\/media\/33140"}],"wp:attachment":[{"href":"https:\/\/historiografija.hr\/index.php?rest_route=%2Fwp%2Fv2%2Fmedia&parent=33139"}],"wp:term":[{"taxonomy":"category","embeddable":true,"href":"https:\/\/historiografija.hr\/index.php?rest_route=%2Fwp%2Fv2%2Fcategories&post=33139"},{"taxonomy":"post_tag","embeddable":true,"href":"https:\/\/historiografija.hr\/index.php?rest_route=%2Fwp%2Fv2%2Ftags&post=33139"}],"curies":[{"name":"wp","href":"https:\/\/api.w.org\/{rel}","templated":true}]}}