{"id":33135,"date":"2022-10-25T20:52:14","date_gmt":"2022-10-25T20:52:14","guid":{"rendered":"http:\/\/historiografija.hr\/?p=33135"},"modified":"2022-10-25T20:56:37","modified_gmt":"2022-10-25T20:56:37","slug":"9th-ios-annual-conference-2022-public-health-in-east-and-southeast-europe-growth-inequality-and-the-state-contemporary-and-historical-perspectives","status":"publish","type":"post","link":"https:\/\/historiografija.hr\/?p=33135","title":{"rendered":"9th IOS Annual Conference 2022: Public Health in East and Southeast Europe: Growth, Inequality and the State. Contemporary and Historical Perspectives"},"content":{"rendered":"\n<p>U Regensburgu je od 13. do 15. listopada 2022. odr\u017eana me\u0111unarodna konferencija s nizom izlaganja o povijesti Jugoslavije, Srbije, Kosova i Jugoisto\u010dne Europe.<\/p>\n\n\n\n<hr class=\"wp-block-separator\"\/>\n\n\n\n<p>9. Jahrestagung des Leibniz-Instituts f\u00fcr Ost- und S\u00fcdosteuropaforschung<br><em>Zeit:<\/em> 13. bis 15. Oktober 2022<br><em>Ort:<\/em> IOS Regensburg, Landshuter Str. 4<\/p>\n\n\n\n<p><strong>Programm:<\/strong><\/p>\n\n\n\n<p><a href=\"https:\/\/leibniz-ios.de\/wissen-vermitteln\/veranstaltungen\/jahrestagung\">https:\/\/leibniz-ios.de\/wissen-vermitteln\/veranstaltungen\/jahrestagung<\/a><\/p>\n\n\n\n<p><a href=\"https:\/\/leibniz-ios.de\/veranstaltungen\/detail\/default-9619d3d9e7cb9969886492429039dc46\">https:\/\/leibniz-ios.de\/veranstaltungen\/detail\/default-9619d3d9e7cb9969886492429039dc46<\/a><\/p>\n\n\n\n<hr class=\"wp-block-separator\"\/>\n","protected":false},"excerpt":{"rendered":"","protected":false},"author":2,"featured_media":26674,"comment_status":"open","ping_status":"open","sticky":false,"template":"","format":"standard","meta":{"_acf_changed":false,"jetpack_post_was_ever_published":false,"_jetpack_newsletter_access":"","_jetpack_dont_email_post_to_subs":false,"_jetpack_newsletter_tier_id":0,"_jetpack_memberships_contains_paywalled_content":false,"_jetpack_memberships_contains_paid_content":false,"footnotes":"","jetpack_publicize_message":"","jetpack_publicize_feature_enabled":true,"jetpack_social_post_already_shared":true,"jetpack_social_options":{"image_generator_settings":{"template":"highway","default_image_id":0,"font":"","enabled":false},"version":2}},"categories":[3,9],"tags":[],"class_list":["post-33135","post","type-post","status-publish","format-standard","has-post-thumbnail","hentry","category-novosti","category-skupovi"],"acf":{"facebook_opis":""},"jetpack_publicize_connections":[],"jetpack_featured_media_url":"https:\/\/i0.wp.com\/historiografija.hr\/wp-content\/uploads\/2021\/06\/IOS_Institut.jpg?fit=800%2C533&ssl=1","jetpack_sharing_enabled":true,"jetpack-related-posts":[],"_links":{"self":[{"href":"https:\/\/historiografija.hr\/index.php?rest_route=\/wp\/v2\/posts\/33135","targetHints":{"allow":["GET"]}}],"collection":[{"href":"https:\/\/historiografija.hr\/index.php?rest_route=\/wp\/v2\/posts"}],"about":[{"href":"https:\/\/historiografija.hr\/index.php?rest_route=\/wp\/v2\/types\/post"}],"author":[{"embeddable":true,"href":"https:\/\/historiografija.hr\/index.php?rest_route=\/wp\/v2\/users\/2"}],"replies":[{"embeddable":true,"href":"https:\/\/historiografija.hr\/index.php?rest_route=%2Fwp%2Fv2%2Fcomments&post=33135"}],"version-history":[{"count":3,"href":"https:\/\/historiografija.hr\/index.php?rest_route=\/wp\/v2\/posts\/33135\/revisions"}],"predecessor-version":[{"id":33138,"href":"https:\/\/historiografija.hr\/index.php?rest_route=\/wp\/v2\/posts\/33135\/revisions\/33138"}],"wp:featuredmedia":[{"embeddable":true,"href":"https:\/\/historiografija.hr\/index.php?rest_route=\/wp\/v2\/media\/26674"}],"wp:attachment":[{"href":"https:\/\/historiografija.hr\/index.php?rest_route=%2Fwp%2Fv2%2Fmedia&parent=33135"}],"wp:term":[{"taxonomy":"category","embeddable":true,"href":"https:\/\/historiografija.hr\/index.php?rest_route=%2Fwp%2Fv2%2Fcategories&post=33135"},{"taxonomy":"post_tag","embeddable":true,"href":"https:\/\/historiografija.hr\/index.php?rest_route=%2Fwp%2Fv2%2Ftags&post=33135"}],"curies":[{"name":"wp","href":"https:\/\/api.w.org\/{rel}","templated":true}]}}