{"id":33132,"date":"2022-10-24T22:56:19","date_gmt":"2022-10-24T22:56:19","guid":{"rendered":"http:\/\/historiografija.hr\/?p=33132"},"modified":"2022-11-02T21:04:21","modified_gmt":"2022-11-02T21:04:21","slug":"medunarodni-znanstveni-skup-i-okrugli-stol-na-temu-stogodisnjice-marsa-na-rim","status":"publish","type":"post","link":"https:\/\/historiografija.hr\/?p=33132","title":{"rendered":"Me\u0111unarodni znanstveni skup i okrugli stol na temu stogodi\u0161njice Mar\u0161a na Rim"},"content":{"rendered":"\n<p>U \u010detvrtak, 27. listopada 2022. u Rijeci \u0107e se odr\u017eati me\u0111unarodni znanstveni skup i okrugli stol na temu stogodi\u0161njice Mar\u0161a na Rim. Program zapo\u010dinje&nbsp; u 9 sati u dvorani Filozofskog fakulteta u Rijeci (Sveu\u010dili\u0161na avenija 4, Rijeka) me\u0111unarodnim znanstvenim skupom \u201cStogodi\u0161njica Mar\u0161a na Rim iz sjevernojadranske perspektive: historiografski izazovi\u201d. U 18 sati u dvorani Zavoda za povijesne i dru\u0161tvene znanosti HAZU u Rijeci (Ru\u017ei\u0107eva 5, Rijeka) program se nastavlja okruglim stolom pod nazivom \u201cKako danas gledamo na fa\u0161izam? Povjesni\u010dari o historiografijama, kulturama sje\u0107anja, fa\u0161izmu i antifa\u0161izmu\u201d. Organizator manifestacije je Istarsko povijesno dru\u0161tvo, u suradnji s Filozofskim fakultetom u Rijeci, Zavodom za povijesne i dru\u0161tvene znanosti HAZU u Rijeci s Podru\u010dnom jedinicom u Puli te Institutom za politi\u010dku povijest u Budimpe\u0161ti, ERC Cog NEPOSTRANS. Odr\u017eavanje skupa i okruglog stola financijski su podr\u017eali Istarska \u017eupanija, Upravni odjel za kulturu i zavi\u010dajnost \u2013 Regione Istriana, Assessorato cultura e territorialita te Grad Rijeka, Odjel za kulturu.<\/p>\n\n\n\n<p>O me\u0111unarodnom znanstvenom skupu:<\/p>\n\n\n\n<p>Stota obljetnica mar\u0161a na Rim doga\u0111aj je koji je ozna\u010dio dolazak na vlast fa\u0161izma u Italiji, politi\u010dke ideologije koja je nijekala gra\u0111anske slobode i ljudska prava, a do kraja 1920-ih godina ugu\u0161ila politi\u010dki pluralizam te ekspanzionisti\u010dkom, imperijalnom i nacionalisti\u010dkom politikom izravno doprinijela izbijanju Drugog svjetskog rata. Uzev\u0161i u obzir razli\u010dite metodolo\u0161ke pristupe, noviju historiografiju, nadasve o poslijeratnoj tranziciji i paravojnom nasilju, te mogu\u0107nost komparativne perspektive, na skupu \u0107e sudjelovati deset povjesni\u010dara iz Hrvatske, Slovenije i Italije koji \u0107e, izme\u0111u ostaloga, govoriti o suvremenim dostignu\u0107ima historiografija sjevernojadranskoga prostora o temi fa\u0161izma i antifa\u0161izma, razvoju fa\u0161isti\u010dkog pokreta na sjevernome Jadranu u kontekstu njegova razvoja u ostalim dijelovima Kraljevine Italije, politi\u010dkim mitovima o granici i na granici, kulturi sje\u0107anja fa\u0161isti\u010dkog re\u017eima, ali i dana\u0161njoj komemorativnoj praksi antifa\u0161isti\u010dke ba\u0161tine.<\/p>\n\n\n\n<p>O okruglom stolu:<\/p>\n\n\n\n<p>Povjesni\u010dari dr. sc. Vanni D\u2019Alessio i dr. sc. Ivan Jeli\u010di\u0107 diskutirat \u0107e s \u010detiri renomirana povjesni\u010dara o historiografijama, kulturi sje\u0107anja, ali i aktualnostima fa\u0161izma te ba\u0161tini antifa\u0161izma. Sudjeluju: dr. sc. Branimir Jankovi\u0107 s Odsjeka za povijest Filozofskog fakulteta u Zagrebu te urednik portala Historiografija.hr; dr. sc. Borut Klabjan s In\u0161tituta za zgodovinske \u0161tudije u Kopru, koautor s Gorazdom Bajcom recentne monografije \u201eOgenj, ki je zajel Evropo. Narodni dom v Trstu (1920-2020)\u201c, dr. sc. Mila Orli\u0107 s Odsjeka za povijest Filozofskog fakulteta te dr. sc. Milan Rado\u0161evi\u0107 iz Zavoda za povijesne i dru\u0161tvene znanosti HAZU u Rijeci, Podru\u010dne jedinice u Puli, predsjednik Istarskog povijesnog dru\u0161tva.<\/p>\n\n\n\n<p><a href=\"https:\/\/ipd-ssi.hr\/wp-content\/uploads\/2022\/10\/Pozivnica-i-program-znanstveni-skup-i-okrugli-stol.pdf\">Pozivnica i program znanstveni skup<\/a><\/p>\n\n\n\n<p><a href=\"https:\/\/ipd-ssi.hr\/wp-content\/uploads\/2022\/10\/Knjizica-sazetaka.pdf\">Knji\u017eica sa\u017eetaka<\/a><\/p>\n\n\n\n<p><a href=\"https:\/\/ipd-ssi.hr\/wp-content\/uploads\/2022\/10\/Pozivnica-Okrugli-stol.pdf\">Pozivnica Okrugli stol<\/a><\/p>\n\n\n\n<hr class=\"wp-block-separator\"\/>\n\n\n\n<p>Izvori i dodatne obavijesti:<\/p>\n\n\n\n<figure class=\"wp-block-embed-wordpress wp-block-embed is-type-wp-embed is-provider-istarsko-povijesno-drustvo-societa-storica-istriana\"><div class=\"wp-block-embed__wrapper\">\n<blockquote class=\"wp-embedded-content\" data-secret=\"gwpG5Kn9fQ\"><a href=\"https:\/\/ipd-ssi.hr\/2022\/10\/23\/medunarodni-znanstveni-skup-i-okrugli-stol-na-temu-stogodisnjice-marsa-na-rim-u-rijeci\/\">Me\u0111unarodni znanstveni skup i okrugli stol na temu stogodi\u0161njice Mar\u0161a na Rim u Rijeci<\/a><\/blockquote><iframe loading=\"lazy\" class=\"wp-embedded-content\" sandbox=\"allow-scripts\" security=\"restricted\" style=\"position: absolute; clip: rect(1px, 1px, 1px, 1px);\" title=\"&#8220;Me\u0111unarodni znanstveni skup i okrugli stol na temu stogodi\u0161njice Mar\u0161a na Rim u Rijeci&#8221; &#8212; Istarsko povijesno dru\u0161tvo - Societ\u00e0 Storica Istriana\" src=\"https:\/\/ipd-ssi.hr\/2022\/10\/23\/medunarodni-znanstveni-skup-i-okrugli-stol-na-temu-stogodisnjice-marsa-na-rim-u-rijeci\/embed\/#?secret=Rbs6dfe7d2#?secret=gwpG5Kn9fQ\" data-secret=\"gwpG5Kn9fQ\" width=\"600\" height=\"338\" frameborder=\"0\" marginwidth=\"0\" marginheight=\"0\" scrolling=\"no\"><\/iframe>\n<\/div><\/figure>\n\n\n\n<figure class=\"wp-block-embed-wordpress wp-block-embed is-type-wp-embed is-provider-hazu\"><div class=\"wp-block-embed__wrapper\">\n<blockquote class=\"wp-embedded-content\" data-secret=\"6kUD3I97td\"><a href=\"https:\/\/www.info.hazu.hr\/events\/medunarodni-znanstveni-skup-i-okrugli-stol-na-temu-stogodisnjice-marsa-na-rim\/\">Me\u0111unarodni znanstveni skup i okrugli stol na temu stogodi\u0161njice Mar\u0161a na Rim<\/a><\/blockquote><iframe loading=\"lazy\" class=\"wp-embedded-content\" sandbox=\"allow-scripts\" security=\"restricted\" style=\"position: absolute; clip: rect(1px, 1px, 1px, 1px);\" title=\"&#8220;Me\u0111unarodni znanstveni skup i okrugli stol na temu stogodi\u0161njice Mar\u0161a na Rim&#8221; &#8212; HAZU\" src=\"https:\/\/www.info.hazu.hr\/events\/medunarodni-znanstveni-skup-i-okrugli-stol-na-temu-stogodisnjice-marsa-na-rim\/embed\/#?secret=6kUD3I97td\" data-secret=\"6kUD3I97td\" width=\"600\" height=\"338\" frameborder=\"0\" marginwidth=\"0\" marginheight=\"0\" scrolling=\"no\"><\/iframe>\n<\/div><\/figure>\n\n\n\n<figure class=\"wp-block-embed-wordpress wp-block-embed is-type-wp-embed is-provider-filozofski-fakultet-u-rijeci\"><div class=\"wp-block-embed__wrapper\">\n<blockquote class=\"wp-embedded-content\" data-secret=\"N2KNLNVjNU\"><a href=\"https:\/\/ffri.uniri.hr\/dogadjanja\/medunarodni-znanstveni-skup-i-okrugli-stol-na-temu-stogodisnjice-marsa-na-rim\/\">Me\u0111unarodni znanstveni skup i okrugli stol na temu stogodi\u0161njice Mar\u0161a na Rim<\/a><\/blockquote><iframe loading=\"lazy\" class=\"wp-embedded-content\" sandbox=\"allow-scripts\" security=\"restricted\" style=\"position: absolute; clip: rect(1px, 1px, 1px, 1px);\" title=\"&#8220;Me\u0111unarodni znanstveni skup i okrugli stol na temu stogodi\u0161njice Mar\u0161a na Rim&#8221; &#8212; Filozofski Fakultet u Rijeci\" src=\"https:\/\/ffri.uniri.hr\/dogadjanja\/medunarodni-znanstveni-skup-i-okrugli-stol-na-temu-stogodisnjice-marsa-na-rim\/embed\/#?secret=nEjXaRpnMT#?secret=N2KNLNVjNU\" data-secret=\"N2KNLNVjNU\" width=\"600\" height=\"338\" frameborder=\"0\" marginwidth=\"0\" marginheight=\"0\" scrolling=\"no\"><\/iframe>\n<\/div><\/figure>\n\n\n\n<p><a href=\"https:\/\/www.istra24.hr\/politika-i-drustvo\/medunarodni-znanstveni-skup-i-okrugli-stol-o-stogodisnjici-marsa-na-rim-u-rijeci\">https:\/\/www.istra24.hr\/politika-i-drustvo\/medunarodni-znanstveni-skup-i-okrugli-stol-o-stogodisnjici-marsa-na-rim-u-rijeci<\/a><\/p>\n\n\n\n<figure class=\"wp-block-embed-wordpress wp-block-embed is-type-wp-embed is-provider-novi-list\"><div class=\"wp-block-embed__wrapper\">\n<blockquote class=\"wp-embedded-content\" data-secret=\"kjHIDSzuhF\"><a href=\"https:\/\/www.novilist.hr\/novosti\/svijet\/uoci-znanstvenog-skupa-o-stogodisnjici-marsa-na-rim-pitanja-o-fasizmu-i-danas-aktualna-na-sjevernom-jadranu\/\">Uo\u010di znanstvenog skupa o stogodi\u0161njici mar\u0161a na Rim: &#8216;Pitanja o fa\u0161izmu i danas aktualna na sjevernom Jadranu&#8217;<\/a><\/blockquote><iframe loading=\"lazy\" class=\"wp-embedded-content\" sandbox=\"allow-scripts\" security=\"restricted\" style=\"position: absolute; clip: rect(1px, 1px, 1px, 1px);\" title=\"&#8220;Uo\u010di znanstvenog skupa o stogodi\u0161njici mar\u0161a na Rim: &#8216;Pitanja o fa\u0161izmu i danas aktualna na sjevernom Jadranu&#8217;&#8221; &#8212; Novi list\" src=\"https:\/\/www.novilist.hr\/novosti\/svijet\/uoci-znanstvenog-skupa-o-stogodisnjici-marsa-na-rim-pitanja-o-fasizmu-i-danas-aktualna-na-sjevernom-jadranu\/embed\/#?secret=FRfypts5jJ#?secret=kjHIDSzuhF\" data-secret=\"kjHIDSzuhF\" width=\"600\" height=\"338\" frameborder=\"0\" marginwidth=\"0\" marginheight=\"0\" scrolling=\"no\"><\/iframe>\n<\/div><\/figure>\n\n\n\n<hr class=\"wp-block-separator\"\/>\n\n\n\n<figure class=\"wp-block-embed-wordpress wp-block-embed is-type-wp-embed is-provider-novi-list\"><div class=\"wp-block-embed__wrapper\">\n<blockquote class=\"wp-embedded-content\" data-secret=\"Xsjc1ielhU\"><a href=\"https:\/\/www.novilist.hr\/novosti\/fasizam-nije-tema-na-kojoj-mozete-biti-neutralni-jasenovac-danas-posjecuje-vise-skola-iz-italije-nego-iz-hrvatske\/\">Fa\u0161izam nije tema na kojoj mo\u017eete biti neutralni: &#8216;Jasenovac danas posje\u0107uje vi\u0161e \u0161kola iz Italije, nego iz Hrvatske&#8217;<\/a><\/blockquote><iframe loading=\"lazy\" class=\"wp-embedded-content\" sandbox=\"allow-scripts\" security=\"restricted\" style=\"position: absolute; clip: rect(1px, 1px, 1px, 1px);\" title=\"&#8220;Fa\u0161izam nije tema na kojoj mo\u017eete biti neutralni: &#8216;Jasenovac danas posje\u0107uje vi\u0161e \u0161kola iz Italije, nego iz Hrvatske&#8217;&#8221; &#8212; Novi list\" src=\"https:\/\/www.novilist.hr\/novosti\/fasizam-nije-tema-na-kojoj-mozete-biti-neutralni-jasenovac-danas-posjecuje-vise-skola-iz-italije-nego-iz-hrvatske\/embed\/#?secret=A0zfQ9pm1V#?secret=Xsjc1ielhU\" data-secret=\"Xsjc1ielhU\" width=\"600\" height=\"338\" frameborder=\"0\" marginwidth=\"0\" marginheight=\"0\" scrolling=\"no\"><\/iframe>\n<\/div><\/figure>\n\n\n\n<hr class=\"wp-block-separator\"\/>\n","protected":false},"excerpt":{"rendered":"","protected":false},"author":2,"featured_media":33133,"comment_status":"open","ping_status":"open","sticky":false,"template":"","format":"standard","meta":{"_acf_changed":false,"jetpack_post_was_ever_published":false,"_jetpack_newsletter_access":"","_jetpack_dont_email_post_to_subs":false,"_jetpack_newsletter_tier_id":0,"_jetpack_memberships_contains_paywalled_content":false,"_jetpack_memberships_contains_paid_content":false,"footnotes":"","jetpack_publicize_message":"","jetpack_publicize_feature_enabled":true,"jetpack_social_post_already_shared":true,"jetpack_social_options":{"image_generator_settings":{"template":"highway","default_image_id":0,"font":"","enabled":false},"version":2}},"categories":[3,9],"tags":[],"class_list":["post-33132","post","type-post","status-publish","format-standard","has-post-thumbnail","hentry","category-novosti","category-skupovi"],"acf":{"facebook_opis":""},"jetpack_publicize_connections":[],"jetpack_featured_media_url":"https:\/\/i0.wp.com\/historiografija.hr\/wp-content\/uploads\/2022\/10\/Plakat-Okrugli_stol-10_2022.jpg?fit=741%2C1050&ssl=1","jetpack_sharing_enabled":true,"jetpack-related-posts":[],"_links":{"self":[{"href":"https:\/\/historiografija.hr\/index.php?rest_route=\/wp\/v2\/posts\/33132","targetHints":{"allow":["GET"]}}],"collection":[{"href":"https:\/\/historiografija.hr\/index.php?rest_route=\/wp\/v2\/posts"}],"about":[{"href":"https:\/\/historiografija.hr\/index.php?rest_route=\/wp\/v2\/types\/post"}],"author":[{"embeddable":true,"href":"https:\/\/historiografija.hr\/index.php?rest_route=\/wp\/v2\/users\/2"}],"replies":[{"embeddable":true,"href":"https:\/\/historiografija.hr\/index.php?rest_route=%2Fwp%2Fv2%2Fcomments&post=33132"}],"version-history":[{"count":2,"href":"https:\/\/historiografija.hr\/index.php?rest_route=\/wp\/v2\/posts\/33132\/revisions"}],"predecessor-version":[{"id":33195,"href":"https:\/\/historiografija.hr\/index.php?rest_route=\/wp\/v2\/posts\/33132\/revisions\/33195"}],"wp:featuredmedia":[{"embeddable":true,"href":"https:\/\/historiografija.hr\/index.php?rest_route=\/wp\/v2\/media\/33133"}],"wp:attachment":[{"href":"https:\/\/historiografija.hr\/index.php?rest_route=%2Fwp%2Fv2%2Fmedia&parent=33132"}],"wp:term":[{"taxonomy":"category","embeddable":true,"href":"https:\/\/historiografija.hr\/index.php?rest_route=%2Fwp%2Fv2%2Fcategories&post=33132"},{"taxonomy":"post_tag","embeddable":true,"href":"https:\/\/historiografija.hr\/index.php?rest_route=%2Fwp%2Fv2%2Ftags&post=33132"}],"curies":[{"name":"wp","href":"https:\/\/api.w.org\/{rel}","templated":true}]}}