{"id":33112,"date":"2022-10-20T17:12:55","date_gmt":"2022-10-20T17:12:55","guid":{"rendered":"http:\/\/historiografija.hr\/?p=33112"},"modified":"2022-10-20T17:12:55","modified_gmt":"2022-10-20T17:12:55","slug":"open-call-invitation-to-participate-in-the-truths-that-are-denied-conference","status":"publish","type":"post","link":"https:\/\/historiografija.hr\/?p=33112","title":{"rendered":"OPEN CALL: Invitation to participate in the \u201cTruths that are denied\u201d conference"},"content":{"rendered":"\n<p>If you want to learn more about challenges that post-conflict societies face, peacebuilding, and reconciliation processes in post-Yugoslav region, then the \u201cTruths that are denied\u201d conference is for you!<\/p>\n\n\n\n<p>Youth Initiative for Human Rights (YIHR) invites <strong>students and young professionals from Serbia, Croatia, Kosovo, Bosnia and Herzegovina, Montenegro, North Macedonia, Albania, Bulgaria, Hungary, and Romania<\/strong>, who are active in the civil society sector or who want to learn more about dealing with the past in the post-Yugoslav region, to apply for a two-day conference \u201cTruths that are denied\u201d. The conference will be held in Belgrade on the 8th and 9th of November 2022.<\/p>\n\n\n\n<p>Post-conflict societies face various challenges on their way to stable peacebuilding and establishing a democracy based on democratic values \u200b\u200band principles. Values \u200b\u200bsuch as truth, peace, anti-fascism, and solidarity, as well as democracy must be implemented into the steps and actions aimed at building a future in which conflicts and wars are not a threat to our daily lives. The process of peacebuilding is never a straight line and is often slowed down by chauvinistic and nationalist narratives and actions coming from key politicians, state-controlled media, and extremist groups.<\/p>\n\n\n\n<p>Serbia is one of the countries that is a key figure in solving and addressing problems that are directly related to war and the past. Problems such as war crimes denial, shrinking civic and public space, media freedoms, misuse of democratic procedures, lack of transparency, and corruption have all become a part of our everyday life and will surely be reflected in the future.<\/p>\n\n\n\n<p>The idea of the two-day conference \u201cTruths that are denied\u201d is to talk about shrinking space for civic actions, especially when those actions include transitional justice work. Furthermore, the conference will tackle the current challenge of often institutionalized nationalistic narratives and celebration of war criminals, with a focus on murals of Ratko Mladic, as a symbol of war. The \u201cTruths that are denied\u201d conference will also include a discussion on Srebrenica genocide denial. Together with artists, CSO representatives, academics, activists, journalists, and individuals from the region, we will talk about memorialization, peace activism, dealing with the past, local initiatives, and art as a tool for connecting people, as well as the regional cooperation of activists, and the role of the CSO.<\/p>\n\n\n\n<p><strong>The application deadline is the 24th of October at 5pm, and the application is made by filling out an <\/strong><a href=\"https:\/\/docs.google.com\/forms\/d\/1DxrCI_bTtEadtfs7X90Aez4pKbKRqGWg43HLY9Ylw1M\/edit?pli=1\"><strong>online form<\/strong><\/a><strong> in English. All registered participants will be notified of the results of the selection no later than October 25th.<\/strong><\/p>\n\n\n\n<hr class=\"wp-block-separator\"\/>\n\n\n\n<figure class=\"wp-block-embed-wordpress wp-block-embed is-type-wp-embed is-provider-yihr-rs\"><div class=\"wp-block-embed__wrapper\">\n<blockquote class=\"wp-embedded-content\" data-secret=\"Z1BWeQa651\"><a href=\"https:\/\/www.yihr.rs\/bhs\/open-call-invitation-to-participate-in-the-truths-that-are-denied-conference\/\">OPEN CALL:  Invitation to participate in the \u201cTruths that are denied\u201d conference<\/a><\/blockquote><iframe loading=\"lazy\" class=\"wp-embedded-content\" sandbox=\"allow-scripts\" security=\"restricted\" style=\"position: absolute; clip: rect(1px, 1px, 1px, 1px);\" title=\"&#8220;OPEN CALL:  Invitation to participate in the \u201cTruths that are denied\u201d conference&#8221; &#8212; YIHR.RS\" src=\"https:\/\/www.yihr.rs\/bhs\/open-call-invitation-to-participate-in-the-truths-that-are-denied-conference\/embed\/#?secret=Z1BWeQa651\" data-secret=\"Z1BWeQa651\" width=\"600\" height=\"338\" frameborder=\"0\" marginwidth=\"0\" marginheight=\"0\" scrolling=\"no\"><\/iframe>\n<\/div><\/figure>\n\n\n\n<hr class=\"wp-block-separator\"\/>\n","protected":false},"excerpt":{"rendered":"","protected":false},"author":2,"featured_media":33113,"comment_status":"open","ping_status":"open","sticky":false,"template":"","format":"standard","meta":{"_acf_changed":false,"_jetpack_newsletter_access":"","_jetpack_dont_email_post_to_subs":false,"_jetpack_newsletter_tier_id":0,"_jetpack_memberships_contains_paywalled_content":false,"_jetpack_memberships_contains_paid_content":false,"footnotes":"","jetpack_publicize_message":"","jetpack_publicize_feature_enabled":true,"jetpack_social_post_already_shared":true,"jetpack_social_options":{"image_generator_settings":{"template":"highway","default_image_id":0,"font":"","enabled":false},"version":2},"jetpack_post_was_ever_published":false},"categories":[3,9],"tags":[],"class_list":["post-33112","post","type-post","status-publish","format-standard","has-post-thumbnail","hentry","category-novosti","category-skupovi"],"acf":{"facebook_opis":""},"jetpack_publicize_connections":[],"jetpack_featured_media_url":"https:\/\/i0.wp.com\/historiografija.hr\/wp-content\/uploads\/2022\/10\/Open-Call.jpg?fit=1080%2C588&ssl=1","jetpack_sharing_enabled":true,"jetpack-related-posts":[{"id":52580,"url":"https:\/\/historiografija.hr\/?p=52580","url_meta":{"origin":33112,"position":0},"title":"Conference &#8220;Living in the aftermaths: Trauma, politics and survival in Yugoslavia and successor states, 1945 \u2013 present&#8221;","author":"Branimir Jankovi\u0107","date":"21. travnja 2026.","format":false,"excerpt":"The conference aims to explore how war-related psychological distress was experienced, narrated, debated and reframed in Yugoslavia in the second half of the twentieth century. It asks how the theme of wounded psyche and wartime suffering was addressed and acknowledged in political, psychiatric and broader cultural discourses of socialist Yugoslavia,\u2026","rel":"","context":"U &quot;Novosti&quot;","block_context":{"text":"Novosti","link":"https:\/\/historiografija.hr\/?cat=3"},"img":{"alt_text":"","src":"https:\/\/i0.wp.com\/historiografija.hr\/wp-content\/uploads\/2026\/04\/Battle_of_Neretva_Picasso_poster-Conference-Living-in-the-aftermaths.webp?fit=564%2C954&ssl=1&resize=350%2C200","width":350,"height":200,"srcset":"https:\/\/i0.wp.com\/historiografija.hr\/wp-content\/uploads\/2026\/04\/Battle_of_Neretva_Picasso_poster-Conference-Living-in-the-aftermaths.webp?fit=564%2C954&ssl=1&resize=350%2C200 1x, https:\/\/i0.wp.com\/historiografija.hr\/wp-content\/uploads\/2026\/04\/Battle_of_Neretva_Picasso_poster-Conference-Living-in-the-aftermaths.webp?fit=564%2C954&ssl=1&resize=525%2C300 1.5x"},"classes":[]},{"id":54292,"url":"https:\/\/historiografija.hr\/?p=54292","url_meta":{"origin":33112,"position":1},"title":"Eliot Short, &#8220;Building a Multiethnic Military in Post-Yugoslav Bosnia and Herzegovina&#8221;","author":"Branimir Jankovi\u0107","date":"24. lipnja 2026.","format":false,"excerpt":"U velja\u010di 2022. godine izdana je knjiga Building a Multiethnic Military in Post-Yugoslav Bosnia and Herzegovina autora Eliota Shorta u kojoj istra\u017euje razvoj multietni\u010dkih Oru\u017eanih snaga Bosne i Hercegovine nakon zavr\u0161etka rata te njihovu ulogu u osiguravanju stabilnosti dr\u017eave.\u00a0 O knjizi: On 1 January 2006, soldiers from across Bosnia and\u2026","rel":"","context":"U &quot;Knjige&quot;","block_context":{"text":"Knjige","link":"https:\/\/historiografija.hr\/?cat=8"},"img":{"alt_text":"","src":"https:\/\/i0.wp.com\/historiografija.hr\/wp-content\/uploads\/2026\/06\/Building-a-Multiethnic-Military.jpg?fit=800%2C1200&ssl=1&resize=350%2C200","width":350,"height":200,"srcset":"https:\/\/i0.wp.com\/historiografija.hr\/wp-content\/uploads\/2026\/06\/Building-a-Multiethnic-Military.jpg?fit=800%2C1200&ssl=1&resize=350%2C200 1x, https:\/\/i0.wp.com\/historiografija.hr\/wp-content\/uploads\/2026\/06\/Building-a-Multiethnic-Military.jpg?fit=800%2C1200&ssl=1&resize=525%2C300 1.5x, https:\/\/i0.wp.com\/historiografija.hr\/wp-content\/uploads\/2026\/06\/Building-a-Multiethnic-Military.jpg?fit=800%2C1200&ssl=1&resize=700%2C400 2x"},"classes":[]},{"id":52742,"url":"https:\/\/historiografija.hr\/?p=52742","url_meta":{"origin":33112,"position":2},"title":"The Violent 1950s: Towards a New History of the Global \u201cPostwar\u201d Decade, Washington, DC, 25th\u201326th February 2027 (Deadline: 12th June 2026)","author":"Filip \u0160imunjak","date":"4. svibnja 2026.","format":false,"excerpt":"This international conference aims to reassess the so-called postwar years. Reconceptualizing the 1950s as a deeply violent decade, marked not by the absence of conflict, but rather by its reconfiguration on all levels, the conference explores the manifold societal, political, and everyday manifestations of violence in the twilight phase of\u2026","rel":"","context":"U &quot;Novosti&quot;","block_context":{"text":"Novosti","link":"https:\/\/historiografija.hr\/?cat=3"},"img":{"alt_text":"","src":"https:\/\/i0.wp.com\/historiografija.hr\/wp-content\/uploads\/2017\/10\/hsozkult.png?fit=1006%2C241&ssl=1&resize=350%2C200","width":350,"height":200,"srcset":"https:\/\/i0.wp.com\/historiografija.hr\/wp-content\/uploads\/2017\/10\/hsozkult.png?fit=1006%2C241&ssl=1&resize=350%2C200 1x, https:\/\/i0.wp.com\/historiografija.hr\/wp-content\/uploads\/2017\/10\/hsozkult.png?fit=1006%2C241&ssl=1&resize=525%2C300 1.5x, https:\/\/i0.wp.com\/historiografija.hr\/wp-content\/uploads\/2017\/10\/hsozkult.png?fit=1006%2C241&ssl=1&resize=700%2C400 2x"},"classes":[]},{"id":54962,"url":"https:\/\/historiografija.hr\/?p=54962","url_meta":{"origin":33112,"position":3},"title":"Branka Bogdan, &#8220;The New Yugoslav Woman: Reproductive Regulation in Socialist Yugoslavia&#8221;","author":"Branimir Jankovi\u0107","date":"13. kolovoza 2026.","format":false,"excerpt":"From 1945 to 1989, the Yugoslav state connected its claims of progressive politics and gender equality to its support of free healthcare, sex education and contraception, and laws that supported reproductive choice. Yugoslav men and women internalized these messages, proclaiming their homeland's superior care for its citizens in comparison to\u2026","rel":"","context":"U &quot;Knjige&quot;","block_context":{"text":"Knjige","link":"https:\/\/historiografija.hr\/?cat=8"},"img":{"alt_text":"","src":"https:\/\/i0.wp.com\/historiografija.hr\/wp-content\/uploads\/2026\/08\/Bogdan.jpg?fit=596%2C477&ssl=1&resize=350%2C200","width":350,"height":200,"srcset":"https:\/\/i0.wp.com\/historiografija.hr\/wp-content\/uploads\/2026\/08\/Bogdan.jpg?fit=596%2C477&ssl=1&resize=350%2C200 1x, https:\/\/i0.wp.com\/historiografija.hr\/wp-content\/uploads\/2026\/08\/Bogdan.jpg?fit=596%2C477&ssl=1&resize=525%2C300 1.5x"},"classes":[]},{"id":51481,"url":"https:\/\/historiografija.hr\/?p=51481","url_meta":{"origin":33112,"position":4},"title":"CfP: New Approaches to the Study of the ICTY Archives","author":"Branimir Jankovi\u0107","date":"13. velja\u010de 2026.","format":false,"excerpt":"In April 2008, the International Criminal Tribunal for the former Yugoslavia (ICTY) launched its online Court Records Database, making documents from Tribunal proceedings broadly accessible for research and teaching. Early expectations were high: the evidentiary record introduced at trial was hoped to help future generations \"understand the region's history and\u2026","rel":"","context":"U &quot;Novosti&quot;","block_context":{"text":"Novosti","link":"https:\/\/historiografija.hr\/?cat=3"},"img":{"alt_text":"","src":"https:\/\/i0.wp.com\/historiografija.hr\/wp-content\/uploads\/2026\/02\/Icty.jpg?fit=550%2C367&ssl=1&resize=350%2C200","width":350,"height":200,"srcset":"https:\/\/i0.wp.com\/historiografija.hr\/wp-content\/uploads\/2026\/02\/Icty.jpg?fit=550%2C367&ssl=1&resize=350%2C200 1x, https:\/\/i0.wp.com\/historiografija.hr\/wp-content\/uploads\/2026\/02\/Icty.jpg?fit=550%2C367&ssl=1&resize=525%2C300 1.5x"},"classes":[]},{"id":52516,"url":"https:\/\/historiografija.hr\/?p=52516","url_meta":{"origin":33112,"position":5},"title":"Marko Grde\u0161i\u0107, Mislav \u017ditko, \u201eSocialist Economics in Yugoslavia: A Critical History\u201c","author":"Branimir Jankovi\u0107","date":"17. travnja 2026.","format":false,"excerpt":"This book presents a critical history of Yugoslav socialist economics, from its inception in the late 1940s to its dissolution in the late 1980s. After the dramatic break with the Soviet Union in 1948, Yugoslavia found itself in urgent need of a third way: A socialist trajectory which would not\u2026","rel":"","context":"U &quot;Knjige&quot;","block_context":{"text":"Knjige","link":"https:\/\/historiografija.hr\/?cat=8"},"img":{"alt_text":"","src":"https:\/\/i0.wp.com\/historiografija.hr\/wp-content\/uploads\/2026\/04\/Zitko_Grdesic.jpg?fit=350%2C535&ssl=1&resize=350%2C200","width":350,"height":200},"classes":[]}],"_links":{"self":[{"href":"https:\/\/historiografija.hr\/index.php?rest_route=\/wp\/v2\/posts\/33112","targetHints":{"allow":["GET"]}}],"collection":[{"href":"https:\/\/historiografija.hr\/index.php?rest_route=\/wp\/v2\/posts"}],"about":[{"href":"https:\/\/historiografija.hr\/index.php?rest_route=\/wp\/v2\/types\/post"}],"author":[{"embeddable":true,"href":"https:\/\/historiografija.hr\/index.php?rest_route=\/wp\/v2\/users\/2"}],"replies":[{"embeddable":true,"href":"https:\/\/historiografija.hr\/index.php?rest_route=%2Fwp%2Fv2%2Fcomments&post=33112"}],"version-history":[{"count":1,"href":"https:\/\/historiografija.hr\/index.php?rest_route=\/wp\/v2\/posts\/33112\/revisions"}],"predecessor-version":[{"id":33114,"href":"https:\/\/historiografija.hr\/index.php?rest_route=\/wp\/v2\/posts\/33112\/revisions\/33114"}],"wp:featuredmedia":[{"embeddable":true,"href":"https:\/\/historiografija.hr\/index.php?rest_route=\/wp\/v2\/media\/33113"}],"wp:attachment":[{"href":"https:\/\/historiografija.hr\/index.php?rest_route=%2Fwp%2Fv2%2Fmedia&parent=33112"}],"wp:term":[{"taxonomy":"category","embeddable":true,"href":"https:\/\/historiografija.hr\/index.php?rest_route=%2Fwp%2Fv2%2Fcategories&post=33112"},{"taxonomy":"post_tag","embeddable":true,"href":"https:\/\/historiografija.hr\/index.php?rest_route=%2Fwp%2Fv2%2Ftags&post=33112"}],"curies":[{"name":"wp","href":"https:\/\/api.w.org\/{rel}","templated":true}]}}