{"id":33109,"date":"2022-10-20T17:00:08","date_gmt":"2022-10-20T17:00:08","guid":{"rendered":"http:\/\/historiografija.hr\/?p=33109"},"modified":"2022-10-20T17:00:08","modified_gmt":"2022-10-20T17:00:08","slug":"eva-menasse-dunkelblum-roman","status":"publish","type":"post","link":"https:\/\/historiografija.hr\/?p=33109","title":{"rendered":"Eva Menasse, \u201eDunkelblum. Roman\u201c"},"content":{"rendered":"\n<p>Prijevod s njema\u010dkoga: Andy Jel\u010di\u0107<\/p>\n\n\n\n<p><br>Svatko \u0161uti o ne\u010demu drugom.<br><\/p>\n\n\n\n<hr class=\"wp-block-separator\"\/>\n\n\n\n<p>Na prvi pogled je Dunkelblum gradi\u0107 poput svakog drugog. No iza pro\u010delja austrijskoga mjesta\u0161ca skriva se povijest grozna zlo\u010dina. Svijest o tome doga\u0111aju ve\u0107 desetlje\u0107ima povezuje starije stanovnike Dunkelbluma &#8211; jednako kao i \u0161utnja o tome \u010dinu i njegovim po\u010diniteljima. Kasnih ljetnih dana godina 1989., dok iza obli\u017enje ma\u0111arske granice ve\u0107 \u010dekaju stotine izbjeglica iz DR Njema\u010dke, u grad dolazi zagonetni posjetitelj. Tu se stvari iznenada uzburkaju: na livadi na rubu grada iskopan je kostur, a mlada \u017eena nestaje. Kao u nekoj stra\u0161noj pri\u010di pojavljuju se tragovi staroga zlo\u010dina &#8211; i suo\u010davaju stanovnike Dunkelbluma s pro\u0161lo\u0161\u0107u koju su odavno smatrali prevladanom. U novome romanu Eva Menasse ocrtava veliku povijesnu panoramu na primjeru gradi\u0107a koji opetovano postaje pozornicom svjetske politike i pripovijeda o odnosu stanovnika prema povijesnoj krivnji. Dunkelblum je jezivo-komi\u010dni ep o ranama u krajoliku i ljudskim du\u0161ama koje za razliku od sje\u0107anja ne nestaju.<br>\u201eKao \u0161to mu ve\u0107 ime govori, sudionici zajedni\u010dki znaju cijelu istinu. Zbog toga je se naknadno vi\u0161e ne mo\u017ee ispravno sastaviti, jer od onih koji su dr\u017eali neki njezin komadi\u0107 odmah ih nekoliko umre. Ili pak la\u017eu ili im je sje\u0107anje slabo.\u201c<\/p>\n\n\n\n<p><br>Novinarka i knji\u017eevnica Eva Menasse ro\u0111ena je 11. svibnja 1970. godine u Be\u010du kao k\u0107i nekada\u0161njega austrijskog nogometa\u0161a Hansa Menassea i polusestra pisca Roberta Menassea. Studirala je germanistiku i povijest u Be\u010du. Nakon studija najprije radi kao novinarka za austrijske novine, a u isto vrijeme dopisnica je njema\u010dkih novina Frankfurter Allgemeine Zeitung. U izravnoj dopisni\u010dkoj ulozi iz Londona je 2000. godine izvje\u0161tavala o sudskoj parnici protiv poricatelja holokausta Davida Irvinga. Rasprava o tom procesu poslu\u017eila joj je kao predlo\u017eak za njezinu prvu knjigu, koju je jo\u0161 iste godine objavila pod naslovom Holocaust vor Gericht. Pet godina poslije objavljuje svoj prvi roman, Vienna, za koji je iste godine nagra\u0111ena. Zbirku pripovijedaka L\u00e4ssliche Tods\u00fcnden objavljuje 2009., a za naslove pojedinih pripovijedaka poslu\u017eilo je sedam smrtnih grijeha. Potom objavljuje djelo Wien. K\u00fcss die Hand, Moderne (2011.), roman Quasikristalle (2013.), zbirku eseja Lieber aufgeregt als abgekl\u00e4rt (2015.), roman Tiere f\u00fcr Fortgeschrittene (2017.) i novi roman Dunkelblum (2021.) godine. U pisanju i istra\u017eivanju Menasse je usredoto\u010dena na teme kao \u0161to su suo\u010davanje s pro\u0161lo\u0161\u0107u, identitet \u017didova, traumatska iskustva i posljedice, kao i na individualne i kolektivne mehanizme potiskivanja pro\u0161losti. Njezina djela prevedena su na vi\u0161e svjetskih jezika, a za svoje knji\u017eevno stvarala\u0161tvo nagra\u0111ena je nekoliko puta, \u0161to je \u010dini jednom od istaknutijih knji\u017eevnica dana\u0161nje Austrije. Danas \u017eivi kao slobodna spisateljica i publicistica u Berlinu.<\/p>\n\n\n\n<hr class=\"wp-block-separator\"\/>\n\n\n\n<p>Izvor:<\/p>\n\n\n\n<p><a href=\"https:\/\/www.leykam-international.hr\/publikacija.php?id=246\">https:\/\/www.leykam-international.hr\/publikacija.php?id=246<\/a><\/p>\n\n\n\n<hr class=\"wp-block-separator\"\/>\n\n\n\n<p><\/p>\n","protected":false},"excerpt":{"rendered":"","protected":false},"author":2,"featured_media":33110,"comment_status":"open","ping_status":"open","sticky":false,"template":"","format":"standard","meta":{"_acf_changed":false,"jetpack_post_was_ever_published":false,"_jetpack_newsletter_access":"","_jetpack_dont_email_post_to_subs":false,"_jetpack_newsletter_tier_id":0,"_jetpack_memberships_contains_paywalled_content":false,"_jetpack_memberships_contains_paid_content":false,"footnotes":"","jetpack_publicize_message":"","jetpack_publicize_feature_enabled":true,"jetpack_social_post_already_shared":true,"jetpack_social_options":{"image_generator_settings":{"template":"highway","default_image_id":0,"font":"","enabled":false},"version":2}},"categories":[3,12],"tags":[],"class_list":["post-33109","post","type-post","status-publish","format-standard","has-post-thumbnail","hentry","category-novosti","category-knjizevnost"],"acf":{"facebook_opis":""},"jetpack_publicize_connections":[],"jetpack_featured_media_url":"https:\/\/i0.wp.com\/historiografija.hr\/wp-content\/uploads\/2022\/10\/Menasse.jpg?fit=246%2C402&ssl=1","jetpack_sharing_enabled":true,"jetpack-related-posts":[],"_links":{"self":[{"href":"https:\/\/historiografija.hr\/index.php?rest_route=\/wp\/v2\/posts\/33109","targetHints":{"allow":["GET"]}}],"collection":[{"href":"https:\/\/historiografija.hr\/index.php?rest_route=\/wp\/v2\/posts"}],"about":[{"href":"https:\/\/historiografija.hr\/index.php?rest_route=\/wp\/v2\/types\/post"}],"author":[{"embeddable":true,"href":"https:\/\/historiografija.hr\/index.php?rest_route=\/wp\/v2\/users\/2"}],"replies":[{"embeddable":true,"href":"https:\/\/historiografija.hr\/index.php?rest_route=%2Fwp%2Fv2%2Fcomments&post=33109"}],"version-history":[{"count":1,"href":"https:\/\/historiografija.hr\/index.php?rest_route=\/wp\/v2\/posts\/33109\/revisions"}],"predecessor-version":[{"id":33111,"href":"https:\/\/historiografija.hr\/index.php?rest_route=\/wp\/v2\/posts\/33109\/revisions\/33111"}],"wp:featuredmedia":[{"embeddable":true,"href":"https:\/\/historiografija.hr\/index.php?rest_route=\/wp\/v2\/media\/33110"}],"wp:attachment":[{"href":"https:\/\/historiografija.hr\/index.php?rest_route=%2Fwp%2Fv2%2Fmedia&parent=33109"}],"wp:term":[{"taxonomy":"category","embeddable":true,"href":"https:\/\/historiografija.hr\/index.php?rest_route=%2Fwp%2Fv2%2Fcategories&post=33109"},{"taxonomy":"post_tag","embeddable":true,"href":"https:\/\/historiografija.hr\/index.php?rest_route=%2Fwp%2Fv2%2Ftags&post=33109"}],"curies":[{"name":"wp","href":"https:\/\/api.w.org\/{rel}","templated":true}]}}