{"id":33102,"date":"2022-10-20T16:41:38","date_gmt":"2022-10-20T16:41:38","guid":{"rendered":"http:\/\/historiografija.hr\/?p=33102"},"modified":"2022-10-20T16:41:38","modified_gmt":"2022-10-20T16:41:38","slug":"dubravka-zima-djevojka-u-gradu-djevojastvo-u-19-stoljecu","status":"publish","type":"post","link":"https:\/\/historiografija.hr\/?p=33102","title":{"rendered":"Dubravka Zima, \u201eDjevojka u gradu. Djevoja\u0161tvo u 19. stolje\u0107u\u201c"},"content":{"rendered":"\n<p>U knjizi se gradskom djevoja\u0161tvu u drugoj polovici 19. stolje\u0107a pristupa metodologijom povijesti djetinjstva i mladena\u0161tva, prikazuju\u0107i imagolo\u0161ke strukture o djevojkama, kao i materijalne, historiografski provjerljive tragove \u017eivota gradskih djevojaka u 19. stolje\u0107u. Podrobnije se istra\u017euje nekoliko karakteristi\u010dnih aspekata djevoja\u010dke gradske svakodnevice, uzimaju\u0107i u obzir razli\u010dita iskustva i \u017eivotne okolnosti djevojaka iz razli\u010ditih dru\u0161tvenih slojeva i klasa. Posebna su poglavlja posve\u0107ena djevoja\u010dkom obrazovanju, odnosu djevojaka i prostora, tjelesnosti djevojaka, djevoja\u010dkoj dru\u0161tvenosti i kulturnim praksama te djevoja\u010dkoj afektivnosti, odnosno ljubavima i zaljubljenostima.<\/p>\n\n\n\n<hr class=\"wp-block-separator\"\/>\n\n\n\n<p><strong>Iz recenzija:<\/strong><\/p>\n\n\n\n<p>Pa\u017eljivim odnosom prema izvorima i pojmovima, dosljednom interdisciplinarno\u0161\u0107u i otvoreno\u0161\u0107u, knjiga Dubravke Zima otvara i uspostavlja parametre za kriti\u010dko razumijevanje djevoja\u0161tva u njegovoj povijesnoj perspektivi, utvr\u0111uju\u0107i pritom veze izme\u0111u povijesti knji\u017eevnosti, kulturne povijesti, povijesti svakodnevice, povijesti \u017eena, povijesti djetinjstva i drugih pristupa i perspektiva relevantnih za ovu temu. &#8211; <strong>Marijana Hamer\u0161ak<\/strong><\/p>\n\n\n\n<p>Rije\u010d je o knjizi koja kroz niz interdisciplinarnih pristupa i raznolikih vizura obra\u0111uje velik broj tema vezanih uz povijest djevoja\u0161tva, te donosi nove spoznaje i ukazuje na vi\u0161eslojnost povijesti djevoja\u0161tva u Hrvatskoj u 19. stolje\u0107u. Knjiga o povijesti djevoja\u0161tva na inovativan na\u010din hrvatskoj humanisti\u010dkoj i dru\u0161tvenoj znanstvenoj zajednici pribli\u017eava recentne teorijske koncepcije aktualne svjetske kulturne povijesti. &#8211; <strong>Dino \u017dupan<\/strong><\/p>\n\n\n\n<hr class=\"wp-block-separator\"\/>\n\n\n\n<p>Naklada Ljevak<\/p>\n\n\n\n<p>Biblioteka Kultura i civilizacija<\/p>\n\n\n\n<p>Broj stranica: 304<\/p>\n\n\n\n<p>Godina izdanja: 2022<\/p>\n\n\n\n<hr class=\"wp-block-separator\"\/>\n\n\n\n<p><strong>Dubravka Zima<\/strong> ro\u0111ena je 1972. u Zagrebu, gdje je zavr\u0161ila osnovnu \u0161kolu i Klasi\u010dnu gimnaziju. Studirala je hrvatski jezik i knji\u017eevnost i ju\u017enoslavenske filologije na Filozofskom fakultetu u Zagrebu, gdje je diplomirala 1995. Na istom je fakultetu i magistrirala s temom o Ivani Brli\u0107-Ma\u017eurani\u0107 1999. godine te doktorirala 2004. s temom iz hrvatske dje\u010dje knji\u017eevnosti. Zaposlena je na Odsjeku za kroatologiju Hrvatskih studija Sveu\u010dili\u0161ta u Zagrebu kao izvanredna profesorica. Predaje kolegije iz hrvatske dje\u010dje knji\u017eevnosti, hrvatske nedje\u010dje knji\u017eevnosti, svjetske knji\u017eevnosti i teorije knji\u017eevnosti. U znanstvenom se radu bavi dje\u010djom i adolescentskom knji\u017eevno\u0161\u0107u, studijima djetinjstva i mladena\u0161tva te srodnim temama. Objavila je knjige Ivana Brli\u0107-Ma\u017eurani\u0107 (Zagreb, ZZOK, 2001.), Kra\u0107i ljudi: povijest dje\u010djeg lika u hrvatskom dje\u010djem romanu (Zagreb, \u0160kolska knjiga, 2011.), Uvod u dje\u010dju knji\u017eevnost (u suautorstvu s Marijanom Hamer\u0161ak; Zagreb, Leykam international, 2015.).<\/p>\n\n\n\n<hr class=\"wp-block-separator\"\/>\n\n\n\n<p>Izvor:<\/p>\n\n\n\n<p><a href=\"https:\/\/www.ljevak.hr\/dubravka-zima\/29013-djevojka-u-gradu.html\">https:\/\/www.ljevak.hr\/dubravka-zima\/29013-djevojka-u-gradu.html<\/a><\/p>\n\n\n\n<hr class=\"wp-block-separator\"\/>\n","protected":false},"excerpt":{"rendered":"","protected":false},"author":2,"featured_media":33103,"comment_status":"open","ping_status":"open","sticky":false,"template":"","format":"standard","meta":{"_acf_changed":false,"jetpack_post_was_ever_published":false,"_jetpack_newsletter_access":"","_jetpack_dont_email_post_to_subs":false,"_jetpack_newsletter_tier_id":0,"_jetpack_memberships_contains_paywalled_content":false,"_jetpack_memberships_contains_paid_content":false,"footnotes":"","jetpack_publicize_message":"","jetpack_publicize_feature_enabled":true,"jetpack_social_post_already_shared":true,"jetpack_social_options":{"image_generator_settings":{"template":"highway","default_image_id":0,"font":"","enabled":false},"version":2}},"categories":[8,3],"tags":[],"class_list":["post-33102","post","type-post","status-publish","format-standard","has-post-thumbnail","hentry","category-knjige","category-novosti"],"acf":{"facebook_opis":""},"jetpack_publicize_connections":[],"jetpack_featured_media_url":"https:\/\/i0.wp.com\/historiografija.hr\/wp-content\/uploads\/2022\/10\/djevojka-u-gradu.jpg?fit=570%2C678&ssl=1","jetpack_sharing_enabled":true,"jetpack-related-posts":[],"_links":{"self":[{"href":"https:\/\/historiografija.hr\/index.php?rest_route=\/wp\/v2\/posts\/33102","targetHints":{"allow":["GET"]}}],"collection":[{"href":"https:\/\/historiografija.hr\/index.php?rest_route=\/wp\/v2\/posts"}],"about":[{"href":"https:\/\/historiografija.hr\/index.php?rest_route=\/wp\/v2\/types\/post"}],"author":[{"embeddable":true,"href":"https:\/\/historiografija.hr\/index.php?rest_route=\/wp\/v2\/users\/2"}],"replies":[{"embeddable":true,"href":"https:\/\/historiografija.hr\/index.php?rest_route=%2Fwp%2Fv2%2Fcomments&post=33102"}],"version-history":[{"count":1,"href":"https:\/\/historiografija.hr\/index.php?rest_route=\/wp\/v2\/posts\/33102\/revisions"}],"predecessor-version":[{"id":33104,"href":"https:\/\/historiografija.hr\/index.php?rest_route=\/wp\/v2\/posts\/33102\/revisions\/33104"}],"wp:featuredmedia":[{"embeddable":true,"href":"https:\/\/historiografija.hr\/index.php?rest_route=\/wp\/v2\/media\/33103"}],"wp:attachment":[{"href":"https:\/\/historiografija.hr\/index.php?rest_route=%2Fwp%2Fv2%2Fmedia&parent=33102"}],"wp:term":[{"taxonomy":"category","embeddable":true,"href":"https:\/\/historiografija.hr\/index.php?rest_route=%2Fwp%2Fv2%2Fcategories&post=33102"},{"taxonomy":"post_tag","embeddable":true,"href":"https:\/\/historiografija.hr\/index.php?rest_route=%2Fwp%2Fv2%2Ftags&post=33102"}],"curies":[{"name":"wp","href":"https:\/\/api.w.org\/{rel}","templated":true}]}}