{"id":33096,"date":"2022-10-20T16:22:30","date_gmt":"2022-10-20T16:22:30","guid":{"rendered":"http:\/\/historiografija.hr\/?p=33096"},"modified":"2022-10-20T16:22:30","modified_gmt":"2022-10-20T16:22:30","slug":"predavanje-jiri-z-podebrad-juraj-podjebradski","status":"publish","type":"post","link":"https:\/\/historiografija.hr\/?p=33096","title":{"rendered":"Predavanje \u201eJi\u0159\u00ed z Pod\u011bbrad \/ Juraj Podjebradski\u201c"},"content":{"rendered":"\n<p>Hrvatsko-\u010de\u0161ko dru\u0161tvo i \u010ce\u0161ka beseda Zagreb organiziraju predavanje Ji\u0159\u00ed z Pod\u011bbrad \/ Juraj Podjebradski koje \u0107e odr\u017eati Miroslav K\u0159epela, potpredsjednik Hrvatsko-\u010de\u0161kog dru\u0161tva, u ponedjeljak 24. listopada 2022. u 18 sati u \u010ce\u0161kom narodnom domu u Zagrebu, Pavla \u0160ubi\u0107a 20 (1. kat).<\/p>\n\n\n\n<p>Juraj od Kun\u0161tata i Podjebrada (23.4.1420.\u201322.3.1471.), poznat kao Juraj Podjebradski (\u010de\u0161ki: Ji\u0159\u00ed z Pod\u011bbrad), bio je \u0161esnaesti kralj \u010ce\u0161ke. Izabran od strane \u010de\u0161kog plemstva, vladao je zemljama \u010de\u0161ke krune od 1458. g. do svoje smrtu 1471. g. Jedini je \u010de\u0161ki kralj koji nije potjecao iz kraljevske dinastije, ve\u0107 iz doma\u0107eg, feudalnog plemstva. Bio je vo\u0111a husita i zastupao duh reformacije, ali umjeren i tolerantan prema katoli\u010dkoj vjeri te je u po\u010detku bio prihva\u0107en od strane brojnih europskih vladara. Njegovu vladavinu obilje\u017eili su veliki napori za o\u010duvanje mira i tolerancije izme\u0111u husita i katolika u vjerski podijeljenoj \u010ce\u0161koj \u2013 otuda njegovi suvremeni nadimci: &#8220;Kralj dvaju naroda&#8221; i &#8220;Prijatelj mira&#8221;. Posljednji je \u010de\u0161ki nacionalni vladar, veliki diplomat i borac protiv dominacije katoli\u010dke crkve. Godine 1462. je predstavio plan uspostave Lige europskih kr\u0161\u0107anskih institucija s ciljem otpora turskoj ekspanziji, vizionarski prijedlog stolje\u0107ima ispred svoga vremena. Prva povijesna zamisao uspostave europskog jedinstva, prete\u010de Europske unije, nije, me\u0111utim, nai\u0161la na \u0161ire odobravanje, a kraljeva pozicija je pogor\u0161ana neprijateljskim stavom Rima. Godine 1466. papa Pavao II ekskomunicirao ga je i pozvao na kri\u017earski rat protiv \u201e\u010de\u0161kih heretika\u201c&#8230;<\/p>\n\n\n\n<p>Doba vladavine Jurja Podjebradskog smatra se \u201ezlatnim razdobljem\u201c \u010de\u0161ke povijesti, tijekom kojega je&nbsp; \u010ce\u0161ka je postala najuglednija dr\u017eava srednje Europe, a Prag jedno od njezinih kulturnih sredi\u0161ta.<\/p>\n\n\n\n<p>Predavanje se odr\u017eava u sklopu Dana \u010de\u0161ke i hrvatske kulture u Zagrebu.<\/p>\n\n\n\n<p>Radujemo se Va\u0161em dolasku!\u00a0\u00a0\u00a0\u00a0<\/p>\n\n\n\n<hr class=\"wp-block-separator\"\/>\n","protected":false},"excerpt":{"rendered":"","protected":false},"author":2,"featured_media":4795,"comment_status":"open","ping_status":"open","sticky":false,"template":"","format":"standard","meta":{"_acf_changed":false,"_jetpack_newsletter_access":"","_jetpack_dont_email_post_to_subs":false,"_jetpack_newsletter_tier_id":0,"_jetpack_memberships_contains_paywalled_content":false,"_jetpack_memberships_contains_paid_content":false,"footnotes":"","jetpack_publicize_message":"","jetpack_publicize_feature_enabled":true,"jetpack_social_post_already_shared":true,"jetpack_social_options":{"image_generator_settings":{"template":"highway","default_image_id":0,"font":"","enabled":false},"version":2},"jetpack_post_was_ever_published":false},"categories":[3],"tags":[],"class_list":["post-33096","post","type-post","status-publish","format-standard","has-post-thumbnail","hentry","category-novosti"],"acf":{"facebook_opis":""},"jetpack_publicize_connections":[],"jetpack_featured_media_url":"https:\/\/i0.wp.com\/historiografija.hr\/wp-content\/uploads\/2017\/06\/H-c-d.jpg?fit=1224%2C846&ssl=1","jetpack_sharing_enabled":true,"jetpack-related-posts":[{"id":54683,"url":"https:\/\/historiografija.hr\/?p=54683","url_meta":{"origin":33096,"position":0},"title":"Dani Kule 2026.","author":"Branimir Jankovi\u0107","date":"21. srpnja 2026.","format":false,"excerpt":"Dani Kule 2026. odr\u017eat \u0107e se 24.7.-26.7.2026. u Kuli Jankovi\u0107a u Islamu Gr\u010dkom. Program zapo\u010dinje u petak \u0161ahovskim turnirom za mlade Kralj, dama, Kula! posve\u0107enim fizi\u010daru dr. sc. Uro\u0161u Desnici. Turnir i ove godine ima nagradni fond za najuspje\u0161nije \u0161ahiste, a natjecati se mogu svi mla\u0111i od 20 godina koji\u2026","rel":"","context":"U &quot;Novosti&quot;","block_context":{"text":"Novosti","link":"https:\/\/historiografija.hr\/?cat=3"},"img":{"alt_text":"","src":"https:\/\/i0.wp.com\/historiografija.hr\/wp-content\/uploads\/2026\/07\/program2026.jpg?fit=640%2C452&ssl=1&resize=350%2C200","width":350,"height":200,"srcset":"https:\/\/i0.wp.com\/historiografija.hr\/wp-content\/uploads\/2026\/07\/program2026.jpg?fit=640%2C452&ssl=1&resize=350%2C200 1x, https:\/\/i0.wp.com\/historiografija.hr\/wp-content\/uploads\/2026\/07\/program2026.jpg?fit=640%2C452&ssl=1&resize=525%2C300 1.5x"},"classes":[]},{"id":54550,"url":"https:\/\/historiografija.hr\/?p=54550","url_meta":{"origin":33096,"position":1},"title":"Mislav Gabelica, &#8220;SVE\u0106ENIK I POLITI\u010cAR JURAJ TOMAC (1866. \u2013 1930.)&#8221;","author":"Branimir Jankovi\u0107","date":"10. srpnja 2026.","format":false,"excerpt":"Kao 53. knjiga Biblioteke STUDIJE Instituta dru\u0161tvenih znanosti Ivo Pilar objavljena je studija dr. sc. Mislava Gabelice SVE\u0106ENIK I POLITI\u010cAR JURAJ TOMAC (1866. \u2013 1930.) Mislav GabelicaSVE\u0106ENIK I POLITI\u010cAR JURAJ TOMAC (1866. \u2013 1930.)Biblioteka Studije. \u2013 Knjiga 53.Institut dru\u0161tvenih znanosti Ivo PilarZagreb, 2026. \u2013 216 str.ISBN 978-953-8404-52-8 Sadr\u017eaj Uvod Obiteljske\u2026","rel":"","context":"U &quot;E-knjige&quot;","block_context":{"text":"E-knjige","link":"https:\/\/historiografija.hr\/?cat=19"},"img":{"alt_text":"","src":"https:\/\/i0.wp.com\/historiografija.hr\/wp-content\/uploads\/2026\/07\/SiPJT_naslovnica.jpg?fit=543%2C497&ssl=1&resize=350%2C200","width":350,"height":200,"srcset":"https:\/\/i0.wp.com\/historiografija.hr\/wp-content\/uploads\/2026\/07\/SiPJT_naslovnica.jpg?fit=543%2C497&ssl=1&resize=350%2C200 1x, https:\/\/i0.wp.com\/historiografija.hr\/wp-content\/uploads\/2026\/07\/SiPJT_naslovnica.jpg?fit=543%2C497&ssl=1&resize=525%2C300 1.5x"},"classes":[]},{"id":52628,"url":"https:\/\/historiografija.hr\/?p=52628","url_meta":{"origin":33096,"position":2},"title":"Predavanje dopisnog \u010dlana HAZU Alaina Finkielkrauta Izrael, Europa, antisemitizam","author":"Branimir Jankovi\u0107","date":"23. travnja 2026.","format":false,"excerpt":"Francuski filozof Alain Finkielkraut, redoviti \u010dlan Francuske akademije i dopisni \u010dlan HAZU, odr\u017eat \u0107e predavanje\u00a0Izrael, Europa, antisemitizam u utorak 28. travnja 2026. u 13 sati u Knji\u017enici HAZU,\u00a0Strossmayerov trg 14 u Zagrebu. Uvodne rije\u010di odr\u017eat \u0107e\u00a0akademkinja \u017deljka \u010corak i\u00a0akademik Dra\u017een Katunari\u0107. Predavanje \u0107e se odr\u017eati na francuskom jeziku uz konsekutivno\u2026","rel":"","context":"U &quot;Novosti&quot;","block_context":{"text":"Novosti","link":"https:\/\/historiografija.hr\/?cat=3"},"img":{"alt_text":"","src":"https:\/\/i0.wp.com\/historiografija.hr\/wp-content\/uploads\/2026\/04\/Alain_Finkielkraut.jpg?fit=350%2C407&ssl=1&resize=350%2C200","width":350,"height":200},"classes":[]},{"id":54524,"url":"https:\/\/historiografija.hr\/?p=54524","url_meta":{"origin":33096,"position":3},"title":"Zbornik radova \u201eKosinjska dolina \u2013 ju\u010der, danas i sutra\u201c","author":"Branimir Jankovi\u0107","date":"8. srpnja 2026.","format":false,"excerpt":"U Biblioteci Posebna izdanja Instituta dru\u0161tvenih znanosti Ivo Pilar objavljen je zbornik radova Kosinjska dolina \u2013 ju\u010der, danas i sutra koji su uredili Milan Bo\u0161njak i \u017deljko Holjevac.\u00a0 Sadr\u017eaj:\u00a0 Dane Pejnovi\u0107Smje\u0161taj i geografski polo\u017eaj kao \u010dimbenik razvoja Kosinja\u00a0 Ante Be\u017eenKosinj u identitetu Like i Hrvatske\u00a0 Tatjana KolakKome treba arheolo\u0161ka ba\u0161tina\u2026","rel":"","context":"U &quot;Knjige&quot;","block_context":{"text":"Knjige","link":"https:\/\/historiografija.hr\/?cat=8"},"img":{"alt_text":"","src":"https:\/\/i0.wp.com\/historiografija.hr\/wp-content\/uploads\/2026\/07\/Kosinjska-dolina-jucer-danas-i-sutra.jpg?fit=1200%2C716&ssl=1&resize=350%2C200","width":350,"height":200,"srcset":"https:\/\/i0.wp.com\/historiografija.hr\/wp-content\/uploads\/2026\/07\/Kosinjska-dolina-jucer-danas-i-sutra.jpg?fit=1200%2C716&ssl=1&resize=350%2C200 1x, https:\/\/i0.wp.com\/historiografija.hr\/wp-content\/uploads\/2026\/07\/Kosinjska-dolina-jucer-danas-i-sutra.jpg?fit=1200%2C716&ssl=1&resize=525%2C300 1.5x, https:\/\/i0.wp.com\/historiografija.hr\/wp-content\/uploads\/2026\/07\/Kosinjska-dolina-jucer-danas-i-sutra.jpg?fit=1200%2C716&ssl=1&resize=700%2C400 2x, https:\/\/i0.wp.com\/historiografija.hr\/wp-content\/uploads\/2026\/07\/Kosinjska-dolina-jucer-danas-i-sutra.jpg?fit=1200%2C716&ssl=1&resize=1050%2C600 3x"},"classes":[]},{"id":52669,"url":"https:\/\/historiografija.hr\/?p=52669","url_meta":{"origin":33096,"position":4},"title":"Predavanje Igora Dude &#8220;Odmor kao \u017eivotna potreba: o slobodnom vremenu u socijalisti\u010dkoj Jugoslaviji&#8221;","author":"Branimir Jankovi\u0107","date":"27. travnja 2026.","format":false,"excerpt":"U sklopu proljetnog ciklusa programa\u00a0Kriti\u010dka dramaturgija: pauza, u\u00a0subotu, 25. travnja 2026. u 19 sati\u00a0u prostoru Udru\u017eenja hrvatskih arhitekata povjesni\u010dar Igor Duda\u00a0odr\u017eao je predavanje naslovljeno\u00a0Odmor kao \u017eivotna potreba: o slobodnom vremenu u socijalisti\u010dkoj Jugoslaviji. Industrijalizacija i urbanizacija dru\u0161tava u povijesti su zna\u010dile i prelazak s predindustrijskog na industrijsko shva\u0107anje vremena. Ono\u2026","rel":"","context":"U &quot;Novosti&quot;","block_context":{"text":"Novosti","link":"https:\/\/historiografija.hr\/?cat=3"},"img":{"alt_text":"","src":"https:\/\/i0.wp.com\/historiografija.hr\/wp-content\/uploads\/2026\/04\/Duda.png?fit=1200%2C628&ssl=1&resize=350%2C200","width":350,"height":200,"srcset":"https:\/\/i0.wp.com\/historiografija.hr\/wp-content\/uploads\/2026\/04\/Duda.png?fit=1200%2C628&ssl=1&resize=350%2C200 1x, https:\/\/i0.wp.com\/historiografija.hr\/wp-content\/uploads\/2026\/04\/Duda.png?fit=1200%2C628&ssl=1&resize=525%2C300 1.5x, https:\/\/i0.wp.com\/historiografija.hr\/wp-content\/uploads\/2026\/04\/Duda.png?fit=1200%2C628&ssl=1&resize=700%2C400 2x, https:\/\/i0.wp.com\/historiografija.hr\/wp-content\/uploads\/2026\/04\/Duda.png?fit=1200%2C628&ssl=1&resize=1050%2C600 3x"},"classes":[]},{"id":53446,"url":"https:\/\/historiografija.hr\/?p=53446","url_meta":{"origin":33096,"position":5},"title":"U HAZU predavanje akademika Igora Mikecina Znanstvenost znanja i njezino filozofijsko porijeklo","author":"Branimir Jankovi\u0107","date":"18. svibnja 2026.","format":false,"excerpt":"Razred za dru\u0161tvene znanosti\u00a0Hrvatske akademije znanosti i umjetnosti organizira predavanje\u00a0Znanstvenost znanja i\u00a0njezino filozofijsko porijeklo koje \u0107e odr\u017eati\u00a0akademik Igor Mikecin\u00a0u Knji\u017enici HAZU,\u00a0Strossmayerov trg 14 u Zagrebu,\u00a0u srijedu 20. svibnja 2026. s po\u010detkom u 12 sati.\u00a0Moderator predavanja je\u00a0akademik Branko Despot. Predavanje polazi od prikaza osnovnih oblika povijesnoga pojavljivanja i mijene filozofije kao\u2026","rel":"","context":"U &quot;Novosti&quot;","block_context":{"text":"Novosti","link":"https:\/\/historiografija.hr\/?cat=3"},"img":{"alt_text":"","src":"https:\/\/i0.wp.com\/historiografija.hr\/wp-content\/uploads\/2026\/05\/Igor-Mikecin.jpg?fit=350%2C452&ssl=1&resize=350%2C200","width":350,"height":200},"classes":[]}],"_links":{"self":[{"href":"https:\/\/historiografija.hr\/index.php?rest_route=\/wp\/v2\/posts\/33096","targetHints":{"allow":["GET"]}}],"collection":[{"href":"https:\/\/historiografija.hr\/index.php?rest_route=\/wp\/v2\/posts"}],"about":[{"href":"https:\/\/historiografija.hr\/index.php?rest_route=\/wp\/v2\/types\/post"}],"author":[{"embeddable":true,"href":"https:\/\/historiografija.hr\/index.php?rest_route=\/wp\/v2\/users\/2"}],"replies":[{"embeddable":true,"href":"https:\/\/historiografija.hr\/index.php?rest_route=%2Fwp%2Fv2%2Fcomments&post=33096"}],"version-history":[{"count":1,"href":"https:\/\/historiografija.hr\/index.php?rest_route=\/wp\/v2\/posts\/33096\/revisions"}],"predecessor-version":[{"id":33097,"href":"https:\/\/historiografija.hr\/index.php?rest_route=\/wp\/v2\/posts\/33096\/revisions\/33097"}],"wp:featuredmedia":[{"embeddable":true,"href":"https:\/\/historiografija.hr\/index.php?rest_route=\/wp\/v2\/media\/4795"}],"wp:attachment":[{"href":"https:\/\/historiografija.hr\/index.php?rest_route=%2Fwp%2Fv2%2Fmedia&parent=33096"}],"wp:term":[{"taxonomy":"category","embeddable":true,"href":"https:\/\/historiografija.hr\/index.php?rest_route=%2Fwp%2Fv2%2Fcategories&post=33096"},{"taxonomy":"post_tag","embeddable":true,"href":"https:\/\/historiografija.hr\/index.php?rest_route=%2Fwp%2Fv2%2Ftags&post=33096"}],"curies":[{"name":"wp","href":"https:\/\/api.w.org\/{rel}","templated":true}]}}