{"id":33091,"date":"2022-10-19T21:01:01","date_gmt":"2022-10-19T21:01:01","guid":{"rendered":"http:\/\/historiografija.hr\/?p=33091"},"modified":"2022-10-19T21:05:55","modified_gmt":"2022-10-19T21:05:55","slug":"natjecaj-za-objavu-radova-u-18-broju-casopisa-pro-tempore-za-ak-god-2022-2023","status":"publish","type":"post","link":"https:\/\/historiografija.hr\/?p=33091","title":{"rendered":"Natje\u010daj za objavu radova u 18. broju \u010dasopisa \u201ePro tempore\u201c za ak. god. 2022\/2023."},"content":{"rendered":"\n<p class=\"has-text-align-center\"><strong>TIJELO I EMOCIJE<\/strong> \u2013 tekst natje\u010daja<\/p>\n\n\n\n<p>Uredni\u0161tvo \u010dasopisa studenata povijesti \u201ePro tempore\u201c raspisuje natje\u010daj za objavu radova u<strong> <\/strong>18. broju \u010dasopisa za akademsku godinu 2022\/2023. Ove godine uredni\u0161tvo je odlu\u010dilo da \u0107e tema broja biti <strong>Tijelo i emocije<\/strong>. Natje\u010daj je otvoren za radove iz podru\u010dja povijesti i srodnih dru\u0161tveno-humanisti\u010dkih znanosti.<\/p>\n\n\n\n<p>Cilj \u010dasopisa studenata povijesti Filozofskog fakulteta Sveu\u010dili\u0161ta u Zagrebu \u201ePro tempore\u201c, koji izlazi od 2004. godine, jest omogu\u0107iti studentima preddiplomskoga, diplomskog i doktorskog studija povijesti i srodnih dru\u0161tveno-humanisti\u010dkih znanosti iz Hrvatske i inozemstva objavu vlastitih radova, kao i stjecanje iskustva u radu redakcije \u010dasopisa i procesu odabira i kriti\u010dke evaluacije radova za objavu. Uz to, objavljivanjem novih radova nastoje se pro\u0161iriti saznanja o odre\u0111enim temama iz pro\u0161losti te pridonijeti upoznavanju i autora i \u010ditatelja s novim historiografskim trendovima.<\/p>\n\n\n\n<p>Ovogodi\u0161nja tema otvorena je za istra\u017eiva\u010de koji se bave svim povijesnim razdobljima. U obzir ulaze radovi koji se bave tijelom i tjelesno\u0161\u0107u, odnosno oni koji tematiziraju fenomene poput bolesti, pandemija, smrti, seksualnosti, roda, rase itd. S obzirom na to da se tijelo mo\u017ee tuma\u010diti kao biolo\u0161ka konstanta, ali i fenomen koji je kulturno i historijski uvjetovan i varijabilan, otvara se prostor i za teorijske radove koji, s osloncem na koncept <em>otjelovljenja<\/em>, propituju na\u010din poimanja vlastitog tjelesnog iskustva te tjelesne funkcije, reprezentacije i prakse u razli\u010ditim povijesnim kontekstima. Prihva\u0107aju se i radovi koji se bave emocijama &#8211; na\u010dinima njihove simboli\u010dke reprezentacije u razli\u010ditim tipovima povijesnih izvora, na\u010dinima na koje emocije utje\u010du na (samo)razumijevanje i djelovanje povijesnih aktera te na ideolo\u0161ke, politi\u010dke, dru\u0161tvene i kulturne promjene u cjelini. Cilj uredni\u0161tva i ove je godine potaknuti autore na interdisciplinaran pristup i dijalog sa srodnim disciplinama poput antropologije, filozofije, etnologije, komparativne knji\u017eevnosti, sociologije itd.<\/p>\n\n\n\n<p>Uredni\u0161tvo \u010dasopisa \u201ePro tempore\u201c zaprimat \u0107e sve vrste znanstvenih radova te prikaze knjiga, prijevode radova stranih povjesni\u010dara, intervjue i izvje\u0161taje s relevantnih znanstvenih skupova uz uvjet da su oni u skladu s temom broja. Pristigli radovi bit \u0107e podvrgnuti procesu selekcije i kriti\u010dke obrade u uredni\u0161tvu \u010dasopisa te potom proslije\u0111eni profesorima na recenziju, nakon \u010dega \u0107e autori dobiti obavijest je li njihov rad prihva\u0107en.<\/p>\n\n\n\n<p>Poslani radovi mogu imati najvi\u0161e dva autora, a zaprimaju se samo prethodno neobjavljeni radovi, slanjem kojih autori potvr\u0111uju da se radi o njihovu vlastitom radu za koji prihva\u0107aju znanstvenu i eti\u010dku odgovornost. Svi radovi \u0161alju se u formatu Microsoft Word dokumenta (.doc ili .docx) elektroni\u010dkom po\u0161tom na adresu uredni\u0161tva: casopis.protempore@gmail.com najkasnije do 15. svibnja 2023. godine.<\/p>\n\n\n\n<p>Radovi se zaprimaju na hrvatskom (ili srodnim jezicima) i engleskom jeziku, pisani na latinici. Pisani radovi mogu biti opsega od otprilike 15 do 35 kartica teksta. Tekst treba biti obostrano poravnat, fonta Times New Roman, veli\u010dine 12 i proreda 1,5. Ime i prezime autora, godina, smjer studija i sveu\u010dili\u0161te koje poha\u0111aju navode se na prvoj stranici rada u gornjem lijevom kutu. Tako\u0111er, svaki rad treba sadr\u017eavati i sa\u017eetak (otprilike 100 rije\u010di) i klju\u010dne rije\u010di na hrvatskom i engleskom jeziku te biti opremljen znanstvenim aparatom. Znanstvene bilje\u0161ke pi\u0161u se na dnu stranice prema pravilima Chicago humanisti\u010dkog stila, numeri\u010dkim slijedom i odijeljene razdjelnikom od glavnog teksta. Odabrani font treba biti Times New Roman veli\u010dine 10, jednostrukog proreda te obostrano poravnat. Na kraju rada obavezna je bibliografija, tako\u0111er prema pravilima Chicago stila.<\/p>\n\n\n\n<p>Detaljne upute o na\u010dinima citiranja mo\u017eete prona\u0107i na: <\/p>\n\n\n\n<figure class=\"wp-block-embed-wordpress wp-block-embed is-type-wp-embed is-provider-pro-tempore\"><div class=\"wp-block-embed__wrapper\">\n<blockquote class=\"wp-embedded-content\" data-secret=\"yu8KeNMJvq\"><a href=\"https:\/\/protempore.ffzg.unizg.hr\/natjecaj\/\">Natje\u010daj<\/a><\/blockquote><iframe loading=\"lazy\" class=\"wp-embedded-content\" sandbox=\"allow-scripts\" security=\"restricted\" style=\"position: absolute; clip: rect(1px, 1px, 1px, 1px);\" title=\"&#8220;Natje\u010daj&#8221; &#8212; Pro tempore\" src=\"https:\/\/protempore.ffzg.unizg.hr\/natjecaj\/embed\/#?secret=EpNLMexjDA#?secret=yu8KeNMJvq\" data-secret=\"yu8KeNMJvq\" width=\"600\" height=\"338\" frameborder=\"0\" marginwidth=\"0\" marginheight=\"0\" scrolling=\"no\"><\/iframe>\n<\/div><\/figure>\n\n\n\n<p><\/p>\n\n\n\n<hr class=\"wp-block-separator\"\/>\n","protected":false},"excerpt":{"rendered":"","protected":false},"author":2,"featured_media":16062,"comment_status":"open","ping_status":"open","sticky":false,"template":"","format":"standard","meta":{"_acf_changed":false,"jetpack_post_was_ever_published":false,"_jetpack_newsletter_access":"","_jetpack_dont_email_post_to_subs":false,"_jetpack_newsletter_tier_id":0,"_jetpack_memberships_contains_paywalled_content":false,"_jetpack_memberships_contains_paid_content":false,"footnotes":"","jetpack_publicize_message":"","jetpack_publicize_feature_enabled":true,"jetpack_social_post_already_shared":true,"jetpack_social_options":{"image_generator_settings":{"template":"highway","default_image_id":0,"font":"","enabled":false},"version":2}},"categories":[21,3],"tags":[],"class_list":["post-33091","post","type-post","status-publish","format-standard","has-post-thumbnail","hentry","category-casopisi","category-novosti"],"acf":{"facebook_opis":""},"jetpack_publicize_connections":[],"jetpack_featured_media_url":"https:\/\/i0.wp.com\/historiografija.hr\/wp-content\/uploads\/2019\/08\/pt.png?fit=721%2C1024&ssl=1","jetpack_sharing_enabled":true,"jetpack-related-posts":[],"_links":{"self":[{"href":"https:\/\/historiografija.hr\/index.php?rest_route=\/wp\/v2\/posts\/33091","targetHints":{"allow":["GET"]}}],"collection":[{"href":"https:\/\/historiografija.hr\/index.php?rest_route=\/wp\/v2\/posts"}],"about":[{"href":"https:\/\/historiografija.hr\/index.php?rest_route=\/wp\/v2\/types\/post"}],"author":[{"embeddable":true,"href":"https:\/\/historiografija.hr\/index.php?rest_route=\/wp\/v2\/users\/2"}],"replies":[{"embeddable":true,"href":"https:\/\/historiografija.hr\/index.php?rest_route=%2Fwp%2Fv2%2Fcomments&post=33091"}],"version-history":[{"count":4,"href":"https:\/\/historiografija.hr\/index.php?rest_route=\/wp\/v2\/posts\/33091\/revisions"}],"predecessor-version":[{"id":33095,"href":"https:\/\/historiografija.hr\/index.php?rest_route=\/wp\/v2\/posts\/33091\/revisions\/33095"}],"wp:featuredmedia":[{"embeddable":true,"href":"https:\/\/historiografija.hr\/index.php?rest_route=\/wp\/v2\/media\/16062"}],"wp:attachment":[{"href":"https:\/\/historiografija.hr\/index.php?rest_route=%2Fwp%2Fv2%2Fmedia&parent=33091"}],"wp:term":[{"taxonomy":"category","embeddable":true,"href":"https:\/\/historiografija.hr\/index.php?rest_route=%2Fwp%2Fv2%2Fcategories&post=33091"},{"taxonomy":"post_tag","embeddable":true,"href":"https:\/\/historiografija.hr\/index.php?rest_route=%2Fwp%2Fv2%2Ftags&post=33091"}],"curies":[{"name":"wp","href":"https:\/\/api.w.org\/{rel}","templated":true}]}}