{"id":33085,"date":"2022-10-19T20:48:58","date_gmt":"2022-10-19T20:48:58","guid":{"rendered":"http:\/\/historiografija.hr\/?p=33085"},"modified":"2022-10-19T20:53:02","modified_gmt":"2022-10-19T20:53:02","slug":"za-branka-fucica-slovo-trazec-izlozba-fotografija-branka-kukurina","status":"publish","type":"post","link":"https:\/\/historiografija.hr\/?p=33085","title":{"rendered":"Za Branka Fu\u010di\u0107a \u2013 Slovo Tra\u017ee\u0107, izlo\u017eba fotografija Branka Kukurina"},"content":{"rendered":"\n<p>DUBoak &#8211; Interpretacijski centar maritimne ba\u0161tine, Malinska i Branko Kukurin prire\u0111uju izlo\u017ebu fotografija povodom jubileja Branka Fu\u010di\u0107a.<\/p>\n\n\n\n<p><strong>Za Branka Fu\u010di\u0107a \u2013 Slovo Tra\u017ee\u0107<\/strong><\/p>\n\n\n\n<p>Otvorenje izlo\u017ebe u subotu, 22. listopada 2022. u 18 sati u Interpretacijskom centru maritimne ba\u0161tine Obala 21, Malinska<\/p>\n\n\n\n<p>Op\u0107ina Malinska-Duba\u0161nica.<\/p>\n\n\n\n<p><a href=\"https:\/\/hdlu-rijeka.hr\/wp-content\/uploads\/2022\/10\/Katalog-izlozbe-Za-Branka-Fucica.pdf\">Katalog izlo\u017ebe Za Branka Fu\u010di\u0107a<\/a><\/p>\n\n\n\n<hr class=\"wp-block-separator\"\/>\n\n\n\n<figure class=\"wp-block-image size-large\"><img data-recalc-dims=\"1\" loading=\"lazy\" decoding=\"async\" width=\"860\" height=\"860\" data-attachment-id=\"33086\" data-permalink=\"https:\/\/historiografija.hr\/?attachment_id=33086\" data-orig-file=\"https:\/\/i0.wp.com\/historiografija.hr\/wp-content\/uploads\/2022\/10\/Naslovnica-v5.jpg?fit=1240%2C1240&amp;ssl=1\" data-orig-size=\"1240,1240\" data-comments-opened=\"1\" data-image-meta=\"{&quot;aperture&quot;:&quot;0&quot;,&quot;credit&quot;:&quot;&quot;,&quot;camera&quot;:&quot;&quot;,&quot;caption&quot;:&quot;&quot;,&quot;created_timestamp&quot;:&quot;0&quot;,&quot;copyright&quot;:&quot;&quot;,&quot;focal_length&quot;:&quot;0&quot;,&quot;iso&quot;:&quot;0&quot;,&quot;shutter_speed&quot;:&quot;0&quot;,&quot;title&quot;:&quot;&quot;,&quot;orientation&quot;:&quot;0&quot;}\" data-image-title=\"Naslovnica v5\" data-image-description=\"\" data-image-caption=\"\" data-large-file=\"https:\/\/i0.wp.com\/historiografija.hr\/wp-content\/uploads\/2022\/10\/Naslovnica-v5.jpg?fit=860%2C860&amp;ssl=1\" src=\"https:\/\/i0.wp.com\/historiografija.hr\/wp-content\/uploads\/2022\/10\/Naslovnica-v5.jpg?resize=860%2C860&#038;ssl=1\" alt=\"\" class=\"wp-image-33086\" srcset=\"https:\/\/i0.wp.com\/historiografija.hr\/wp-content\/uploads\/2022\/10\/Naslovnica-v5.jpg?resize=1024%2C1024&amp;ssl=1 1024w, https:\/\/i0.wp.com\/historiografija.hr\/wp-content\/uploads\/2022\/10\/Naslovnica-v5.jpg?resize=300%2C300&amp;ssl=1 300w, https:\/\/i0.wp.com\/historiografija.hr\/wp-content\/uploads\/2022\/10\/Naslovnica-v5.jpg?resize=150%2C150&amp;ssl=1 150w, https:\/\/i0.wp.com\/historiografija.hr\/wp-content\/uploads\/2022\/10\/Naslovnica-v5.jpg?resize=768%2C768&amp;ssl=1 768w, https:\/\/i0.wp.com\/historiografija.hr\/wp-content\/uploads\/2022\/10\/Naslovnica-v5.jpg?resize=90%2C90&amp;ssl=1 90w, https:\/\/i0.wp.com\/historiografija.hr\/wp-content\/uploads\/2022\/10\/Naslovnica-v5.jpg?resize=75%2C75&amp;ssl=1 75w, https:\/\/i0.wp.com\/historiografija.hr\/wp-content\/uploads\/2022\/10\/Naslovnica-v5.jpg?w=1240&amp;ssl=1 1240w\" sizes=\"auto, (max-width: 860px) 100vw, 860px\" \/><\/figure>\n\n\n\n<hr class=\"wp-block-separator\"\/>\n\n\n\n<p>Izvor:<\/p>\n\n\n\n<figure class=\"wp-block-embed-wordpress wp-block-embed is-type-wp-embed is-provider-hrvatsko-drustvo-likovnih-umjetnika-rijeka\"><div class=\"wp-block-embed__wrapper\">\n<blockquote class=\"wp-embedded-content\" data-secret=\"E8dvQNe8x9\"><a href=\"https:\/\/hdlu-rijeka.hr\/2022\/10\/19\/za-branka-fucica-slovo-trazec-izlozba-fotografija-branka-kukurina\/\">Za Branka Fu\u010di\u0107a &#8211;  Slovo Tra\u017ee\u0107, izlo\u017eba fotografija Branka Kukurina<\/a><\/blockquote><iframe loading=\"lazy\" class=\"wp-embedded-content\" sandbox=\"allow-scripts\" security=\"restricted\" style=\"position: absolute; clip: rect(1px, 1px, 1px, 1px);\" title=\"&#8220;Za Branka Fu\u010di\u0107a &#8211;  Slovo Tra\u017ee\u0107, izlo\u017eba fotografija Branka Kukurina&#8221; &#8212; HRVATSKO DRU\u0160TVO LIKOVNIH UMJETNIKA RIJEKA\" src=\"https:\/\/hdlu-rijeka.hr\/2022\/10\/19\/za-branka-fucica-slovo-trazec-izlozba-fotografija-branka-kukurina\/embed\/#?secret=S38QJpqp4N#?secret=E8dvQNe8x9\" data-secret=\"E8dvQNe8x9\" width=\"600\" height=\"338\" frameborder=\"0\" marginwidth=\"0\" marginheight=\"0\" scrolling=\"no\"><\/iframe>\n<\/div><\/figure>\n\n\n\n<hr class=\"wp-block-separator\"\/>\n","protected":false},"excerpt":{"rendered":"","protected":false},"author":2,"featured_media":33086,"comment_status":"open","ping_status":"open","sticky":false,"template":"","format":"standard","meta":{"_acf_changed":false,"jetpack_post_was_ever_published":false,"_jetpack_newsletter_access":"","_jetpack_dont_email_post_to_subs":false,"_jetpack_newsletter_tier_id":0,"_jetpack_memberships_contains_paywalled_content":false,"_jetpack_memberships_contains_paid_content":false,"footnotes":"","jetpack_publicize_message":"","jetpack_publicize_feature_enabled":true,"jetpack_social_post_already_shared":true,"jetpack_social_options":{"image_generator_settings":{"template":"highway","default_image_id":0,"font":"","enabled":false},"version":2}},"categories":[10,3],"tags":[],"class_list":["post-33085","post","type-post","status-publish","format-standard","has-post-thumbnail","hentry","category-izlozbe","category-novosti"],"acf":{"facebook_opis":""},"jetpack_publicize_connections":[],"jetpack_featured_media_url":"https:\/\/i0.wp.com\/historiografija.hr\/wp-content\/uploads\/2022\/10\/Naslovnica-v5.jpg?fit=1240%2C1240&ssl=1","jetpack_sharing_enabled":true,"jetpack-related-posts":[],"_links":{"self":[{"href":"https:\/\/historiografija.hr\/index.php?rest_route=\/wp\/v2\/posts\/33085","targetHints":{"allow":["GET"]}}],"collection":[{"href":"https:\/\/historiografija.hr\/index.php?rest_route=\/wp\/v2\/posts"}],"about":[{"href":"https:\/\/historiografija.hr\/index.php?rest_route=\/wp\/v2\/types\/post"}],"author":[{"embeddable":true,"href":"https:\/\/historiografija.hr\/index.php?rest_route=\/wp\/v2\/users\/2"}],"replies":[{"embeddable":true,"href":"https:\/\/historiografija.hr\/index.php?rest_route=%2Fwp%2Fv2%2Fcomments&post=33085"}],"version-history":[{"count":4,"href":"https:\/\/historiografija.hr\/index.php?rest_route=\/wp\/v2\/posts\/33085\/revisions"}],"predecessor-version":[{"id":33090,"href":"https:\/\/historiografija.hr\/index.php?rest_route=\/wp\/v2\/posts\/33085\/revisions\/33090"}],"wp:featuredmedia":[{"embeddable":true,"href":"https:\/\/historiografija.hr\/index.php?rest_route=\/wp\/v2\/media\/33086"}],"wp:attachment":[{"href":"https:\/\/historiografija.hr\/index.php?rest_route=%2Fwp%2Fv2%2Fmedia&parent=33085"}],"wp:term":[{"taxonomy":"category","embeddable":true,"href":"https:\/\/historiografija.hr\/index.php?rest_route=%2Fwp%2Fv2%2Fcategories&post=33085"},{"taxonomy":"post_tag","embeddable":true,"href":"https:\/\/historiografija.hr\/index.php?rest_route=%2Fwp%2Fv2%2Ftags&post=33085"}],"curies":[{"name":"wp","href":"https:\/\/api.w.org\/{rel}","templated":true}]}}