{"id":33077,"date":"2022-10-19T20:09:51","date_gmt":"2022-10-19T20:09:51","guid":{"rendered":"http:\/\/historiografija.hr\/?p=33077"},"modified":"2022-10-19T20:10:12","modified_gmt":"2022-10-19T20:10:12","slug":"godisnji-skup-hrvatskog-etnoloskog-drustva-vizualno-u-etnologiji-i-kulturnoj-antropologiji","status":"publish","type":"post","link":"https:\/\/historiografija.hr\/?p=33077","title":{"rendered":"Godi\u0161nji skup Hrvatskog etnolo\u0161kog dru\u0161tva \u201dVizualno u etnologiji i kulturnoj antropologiji\u201d"},"content":{"rendered":"\n<p>Pozivamo vas na ovogodi\u0161nji skup Hrvatskog etnolo\u0161kog dru\u0161tva \u201d<strong>Vizualno u etnologiji i kulturnoj antropologiji<\/strong>\u201d koji \u0107e se odr\u017eati <strong>20. i 21. listopada<\/strong> 2022. godine.<\/p>\n\n\n\n<ul class=\"wp-block-list\"><li><strong><a href=\"https:\/\/maia.ffzg.hr\/att\/2022\/10\/Vizualno-u-etnologiji-i-kulturnoj-antropologiji-program.pdf\">Program skupa<\/a><\/strong><\/li><\/ul>\n\n\n\n<p>Skup je posve\u0107en raspravi o karakteristikama vizualnoga u etnologiji i kulturnoj antropologiji, uzimaju\u0107i u obzir vizualne izraze \u2013 poput fotografije, ilustracija, filma, videa, umjetni\u010dkih djela, kartografskih prikaza i dr. U dru\u0161tvenim i humanisti\u010dkim znanostima vizualno je neizostavan predmet analize i izvor spoznaja o razli\u010ditim aspektima kulture, ali i instrument bilje\u017eenja i preno\u0161enja znanja. Potreba pojedinca za kreiranjem i potro\u0161njom vizualnoga naro\u010dito je nagla\u0161ena i ubrzana u suvremenom digitalnom dobu. Vizualno je stoga svakodnevno upregnuto u znanstveni i stru\u010dni rad, obrazovanje, arhivske, muzejske i konzervatorske djelatnosti.<\/p>\n\n\n\n<p>Razvoj tehni\u010dkih alata \u2013 fotografije, filma, digitalnih aplikacija, obrazovnih platformi, dru\u0161tvenih mre\u017ea, kartografskih digitalnih programa poput GIS tehnologija, digitalnih interaktivnih arhiva i sl., kao i njihova dostupnost, omogu\u0107ili su stru\u010dnjacima kori\u0161tenje komunikativnih potencijala vizualnoga u brojnim sferama rada i svakodnevice.<\/p>\n\n\n\n<p>U etnolo\u0161kom i kulturnoantropolo\u0161kom radu, analiza odnosa narativnih i vizualnih izraza dovodi do razumijevanja ljudskih pojedina\u010dnih i kolektivnih iskustava, kao i procesa stvaranja i komuniciranja poruka, osje\u0107aja i vrijednosti (simboli\u010dkih, estetskih, identitetskih i dr.).<\/p>\n\n\n\n<p>Raznolikost i brojnost medija te njihova \u0161iroka prisutnost u znanstvenom i stru\u010dnom radu, obrazovanju i javnom djelovanju nu\u017eno povezuju i premre\u017euju etnolo\u0161ki i kulturnoantropolo\u0161ki rad s drugim disciplinama i djelatnostima, posebno onima koje su vizualno orijentirane, kao umjetnost, dizajn, arhitektura, mediji, (digitalni) marketing, turizam i dr.<\/p>\n\n\n\n<p>Lokacije odr\u017eavanja skupa:<\/p>\n\n\n\n<ul class=\"wp-block-list\"><li>Filozofski fakultet Sveu\u010dili\u0161ta u Zagrebu, Vije\u0107nica, Ivana Lu\u010di\u0107a 3, Zagreb<\/li><li>Etnografski muzej, Trg Ma\u017eurani\u0107a 14, Zagreb<\/li><li>Kulturno-informacijski centar KIC, Preradovi\u0107eva 5, Zagreb<\/li><li>Institut za etnologiju i folkloristiku, Knji\u017enica, \u0160ubi\u0107eva 42\/V, Zagreb<\/li><\/ul>\n\n\n\n<hr class=\"wp-block-separator\"\/>\n\n\n\n<p>Izvor i dodatne obavijesti:<\/p>\n\n\n\n<figure class=\"wp-block-embed-wordpress wp-block-embed is-type-wp-embed is-provider-filozofski-fakultet-sveucilista-u-zagrebu\"><div class=\"wp-block-embed__wrapper\">\n<blockquote class=\"wp-embedded-content\" data-secret=\"tBZ3oPFBkH\"><a href=\"https:\/\/web2020.ffzg.unizg.hr\/blog\/2022\/10\/18\/godisnji-skup-hrvatskog-etnoloskog-drustva-vizualno-u-etnologiji-i-kulturnoj-antropologiji\/\">Godi\u0161nji skup Hrvatskog etnolo\u0161kog dru\u0161tva &#8221;Vizualno u etnologiji i kulturnoj antropologiji&#8221;<\/a><\/blockquote><iframe loading=\"lazy\" class=\"wp-embedded-content\" sandbox=\"allow-scripts\" security=\"restricted\" style=\"position: absolute; clip: rect(1px, 1px, 1px, 1px);\" title=\"&#8220;Godi\u0161nji skup Hrvatskog etnolo\u0161kog dru\u0161tva &#8221;Vizualno u etnologiji i kulturnoj antropologiji&#8221;&#8221; &#8212; Filozofski fakultet Sveu\u010dili\u0161ta u Zagrebu\" src=\"https:\/\/web2020.ffzg.unizg.hr\/blog\/2022\/10\/18\/godisnji-skup-hrvatskog-etnoloskog-drustva-vizualno-u-etnologiji-i-kulturnoj-antropologiji\/embed\/#?secret=tBZ3oPFBkH\" data-secret=\"tBZ3oPFBkH\" width=\"600\" height=\"338\" frameborder=\"0\" marginwidth=\"0\" marginheight=\"0\" scrolling=\"no\"><\/iframe>\n<\/div><\/figure>\n\n\n\n<figure class=\"wp-block-embed-wordpress wp-block-embed is-type-wp-embed is-provider-hrvatsko-etnolosko-drustvo\"><div class=\"wp-block-embed__wrapper\">\n<blockquote class=\"wp-embedded-content\" data-secret=\"5I8VfZfsP5\"><a href=\"https:\/\/hrvatskoetnoloskodrustvo.hr\/\">Naslovnica<\/a><\/blockquote><iframe loading=\"lazy\" class=\"wp-embedded-content\" sandbox=\"allow-scripts\" security=\"restricted\" style=\"position: absolute; clip: rect(1px, 1px, 1px, 1px);\" title=\"&#8220;Naslovnica&#8221; &#8212; hrvatsko etnolo\u0161ko dru\u0161tvo\" src=\"https:\/\/hrvatskoetnoloskodrustvo.hr\/embed\/#?secret=KmEBucuu5q#?secret=5I8VfZfsP5\" data-secret=\"5I8VfZfsP5\" width=\"600\" height=\"338\" frameborder=\"0\" marginwidth=\"0\" marginheight=\"0\" scrolling=\"no\"><\/iframe>\n<\/div><\/figure>\n\n\n\n<hr class=\"wp-block-separator\"\/>\n","protected":false},"excerpt":{"rendered":"","protected":false},"author":2,"featured_media":33078,"comment_status":"open","ping_status":"open","sticky":false,"template":"","format":"standard","meta":{"_acf_changed":false,"jetpack_post_was_ever_published":false,"_jetpack_newsletter_access":"","_jetpack_dont_email_post_to_subs":false,"_jetpack_newsletter_tier_id":0,"_jetpack_memberships_contains_paywalled_content":false,"_jetpack_memberships_contains_paid_content":false,"footnotes":"","jetpack_publicize_message":"","jetpack_publicize_feature_enabled":true,"jetpack_social_post_already_shared":true,"jetpack_social_options":{"image_generator_settings":{"template":"highway","default_image_id":0,"font":"","enabled":false},"version":2}},"categories":[3,9],"tags":[],"class_list":["post-33077","post","type-post","status-publish","format-standard","has-post-thumbnail","hentry","category-novosti","category-skupovi"],"acf":{"facebook_opis":""},"jetpack_publicize_connections":[],"jetpack_featured_media_url":"https:\/\/i0.wp.com\/historiografija.hr\/wp-content\/uploads\/2022\/10\/HED-2022.jpg?fit=768%2C1096&ssl=1","jetpack_sharing_enabled":true,"jetpack-related-posts":[],"_links":{"self":[{"href":"https:\/\/historiografija.hr\/index.php?rest_route=\/wp\/v2\/posts\/33077","targetHints":{"allow":["GET"]}}],"collection":[{"href":"https:\/\/historiografija.hr\/index.php?rest_route=\/wp\/v2\/posts"}],"about":[{"href":"https:\/\/historiografija.hr\/index.php?rest_route=\/wp\/v2\/types\/post"}],"author":[{"embeddable":true,"href":"https:\/\/historiografija.hr\/index.php?rest_route=\/wp\/v2\/users\/2"}],"replies":[{"embeddable":true,"href":"https:\/\/historiografija.hr\/index.php?rest_route=%2Fwp%2Fv2%2Fcomments&post=33077"}],"version-history":[{"count":1,"href":"https:\/\/historiografija.hr\/index.php?rest_route=\/wp\/v2\/posts\/33077\/revisions"}],"predecessor-version":[{"id":33079,"href":"https:\/\/historiografija.hr\/index.php?rest_route=\/wp\/v2\/posts\/33077\/revisions\/33079"}],"wp:featuredmedia":[{"embeddable":true,"href":"https:\/\/historiografija.hr\/index.php?rest_route=\/wp\/v2\/media\/33078"}],"wp:attachment":[{"href":"https:\/\/historiografija.hr\/index.php?rest_route=%2Fwp%2Fv2%2Fmedia&parent=33077"}],"wp:term":[{"taxonomy":"category","embeddable":true,"href":"https:\/\/historiografija.hr\/index.php?rest_route=%2Fwp%2Fv2%2Fcategories&post=33077"},{"taxonomy":"post_tag","embeddable":true,"href":"https:\/\/historiografija.hr\/index.php?rest_route=%2Fwp%2Fv2%2Ftags&post=33077"}],"curies":[{"name":"wp","href":"https:\/\/api.w.org\/{rel}","templated":true}]}}