{"id":33073,"date":"2022-10-19T19:59:36","date_gmt":"2022-10-19T19:59:36","guid":{"rendered":"http:\/\/historiografija.hr\/?p=33073"},"modified":"2022-10-19T19:59:36","modified_gmt":"2022-10-19T19:59:36","slug":"filmski-cetvrtak-u-hda-galeb-je-zaplovio","status":"publish","type":"post","link":"https:\/\/historiografija.hr\/?p=33073","title":{"rendered":"Filmski \u010detvrtak u HDA: Galeb je zaplovio"},"content":{"rendered":"\n<p>Ove godine navr\u0161ava se 70. godina od prve plovidbe broda Galeb, najpoznatijeg kao rezidencijalnog broda koji je prevozio predsjednika SFRJ-a Josipa Broza Tita na njegove diplomatske misije diljem svijeta. Brod \u0107e uskoro u organizaciji Muzeja grada Rijeke biti pretvoren u prvi hrvatski brod-muzej.<\/p>\n\n\n\n<p>Povodom 70. obljetnice Broda i skora\u0161njeg otvaranja muzeja, u sklopu redovnog programa Filmski \u010detvrtak, 20. listopada 2022., u 18 h (dvorana Katalozi) odr\u017eat \u0107e se filmski program &#8220;Galeb je zaplovio&#8221;. Kroz niz dokumentarnih zapisa i filmskih \u017eurnala prikazat \u0107emo slojevitu povijest broda Galeb \u2013 od trenutka spa\u0161avanja potopljenog broda s dna rije\u010dke luke preko njegove obnove i prenamjene u \u0161kolski brod za obuku \u010dasnika Jugoslavenske ratne mornarice do njegovih putovanja u slu\u017ebi diplomatskih misija predsjednika Tita.<\/p>\n\n\n\n<p>Osvrt na filmove i povijest broda Galeb nakon projekcije odr\u017eat \u0107e kustosica Muzeja grada Rijeke Kristina Pavec.<\/p>\n\n\n\n<p>Program je priredio vi\u0161i filmski arhivist Juraj Kuko\u010d. Filmovi na programu dio su zbirki Hrvatske kinoteke, filmskog odjela Hrvatskog dr\u017eavnoga arhiva.<\/p>\n\n\n\n<figure class=\"wp-block-image size-large\"><img data-recalc-dims=\"1\" loading=\"lazy\" decoding=\"async\" width=\"724\" height=\"1024\" data-attachment-id=\"33074\" data-permalink=\"https:\/\/historiografija.hr\/?attachment_id=33074\" data-orig-file=\"https:\/\/i0.wp.com\/historiografija.hr\/wp-content\/uploads\/2022\/10\/Galeb-2022.jpg?fit=1241%2C1755&amp;ssl=1\" data-orig-size=\"1241,1755\" data-comments-opened=\"1\" data-image-meta=\"{&quot;aperture&quot;:&quot;0&quot;,&quot;credit&quot;:&quot;&quot;,&quot;camera&quot;:&quot;&quot;,&quot;caption&quot;:&quot;&quot;,&quot;created_timestamp&quot;:&quot;0&quot;,&quot;copyright&quot;:&quot;&quot;,&quot;focal_length&quot;:&quot;0&quot;,&quot;iso&quot;:&quot;0&quot;,&quot;shutter_speed&quot;:&quot;0&quot;,&quot;title&quot;:&quot;&quot;,&quot;orientation&quot;:&quot;0&quot;}\" data-image-title=\"Galeb-2022\" data-image-description=\"\" data-image-caption=\"\" data-large-file=\"https:\/\/i0.wp.com\/historiografija.hr\/wp-content\/uploads\/2022\/10\/Galeb-2022.jpg?fit=724%2C1024&amp;ssl=1\" src=\"https:\/\/i0.wp.com\/historiografija.hr\/wp-content\/uploads\/2022\/10\/Galeb-2022.jpg?resize=724%2C1024&#038;ssl=1\" alt=\"\" class=\"wp-image-33074\" srcset=\"https:\/\/i0.wp.com\/historiografija.hr\/wp-content\/uploads\/2022\/10\/Galeb-2022.jpg?resize=724%2C1024&amp;ssl=1 724w, https:\/\/i0.wp.com\/historiografija.hr\/wp-content\/uploads\/2022\/10\/Galeb-2022.jpg?resize=212%2C300&amp;ssl=1 212w, https:\/\/i0.wp.com\/historiografija.hr\/wp-content\/uploads\/2022\/10\/Galeb-2022.jpg?resize=768%2C1086&amp;ssl=1 768w, https:\/\/i0.wp.com\/historiografija.hr\/wp-content\/uploads\/2022\/10\/Galeb-2022.jpg?resize=1086%2C1536&amp;ssl=1 1086w, https:\/\/i0.wp.com\/historiografija.hr\/wp-content\/uploads\/2022\/10\/Galeb-2022.jpg?w=1241&amp;ssl=1 1241w\" sizes=\"auto, (max-width: 724px) 100vw, 724px\" \/><\/figure>\n\n\n\n<hr class=\"wp-block-separator\"\/>\n\n\n\n<p>Izvor:<\/p>\n\n\n\n<p><a href=\"http:\/\/www.arhiv.hr\/hr-hr\/Izlozbe-i-dogadjanja\/ArticleId\/1633\/oamid\/1633\">http:\/\/www.arhiv.hr\/hr-hr\/Izlozbe-i-dogadjanja\/ArticleId\/1633\/oamid\/1633<\/a><\/p>\n\n\n\n<hr class=\"wp-block-separator\"\/>\n","protected":false},"excerpt":{"rendered":"","protected":false},"author":2,"featured_media":33075,"comment_status":"open","ping_status":"open","sticky":false,"template":"","format":"standard","meta":{"_acf_changed":false,"jetpack_post_was_ever_published":false,"_jetpack_newsletter_access":"","_jetpack_dont_email_post_to_subs":false,"_jetpack_newsletter_tier_id":0,"_jetpack_memberships_contains_paywalled_content":false,"_jetpack_memberships_contains_paid_content":false,"footnotes":"","jetpack_publicize_message":"","jetpack_publicize_feature_enabled":true,"jetpack_social_post_already_shared":true,"jetpack_social_options":{"image_generator_settings":{"template":"highway","default_image_id":0,"font":"","enabled":false},"version":2}},"categories":[13,3],"tags":[],"class_list":["post-33073","post","type-post","status-publish","format-standard","has-post-thumbnail","hentry","category-filmovi-i-serije","category-novosti"],"acf":{"facebook_opis":""},"jetpack_publicize_connections":[],"jetpack_featured_media_url":"https:\/\/i0.wp.com\/historiografija.hr\/wp-content\/uploads\/2022\/10\/Prica_dokumenti_kazivanja_Galeb.jpg?fit=500%2C500&ssl=1","jetpack_sharing_enabled":true,"jetpack-related-posts":[],"_links":{"self":[{"href":"https:\/\/historiografija.hr\/index.php?rest_route=\/wp\/v2\/posts\/33073","targetHints":{"allow":["GET"]}}],"collection":[{"href":"https:\/\/historiografija.hr\/index.php?rest_route=\/wp\/v2\/posts"}],"about":[{"href":"https:\/\/historiografija.hr\/index.php?rest_route=\/wp\/v2\/types\/post"}],"author":[{"embeddable":true,"href":"https:\/\/historiografija.hr\/index.php?rest_route=\/wp\/v2\/users\/2"}],"replies":[{"embeddable":true,"href":"https:\/\/historiografija.hr\/index.php?rest_route=%2Fwp%2Fv2%2Fcomments&post=33073"}],"version-history":[{"count":1,"href":"https:\/\/historiografija.hr\/index.php?rest_route=\/wp\/v2\/posts\/33073\/revisions"}],"predecessor-version":[{"id":33076,"href":"https:\/\/historiografija.hr\/index.php?rest_route=\/wp\/v2\/posts\/33073\/revisions\/33076"}],"wp:featuredmedia":[{"embeddable":true,"href":"https:\/\/historiografija.hr\/index.php?rest_route=\/wp\/v2\/media\/33075"}],"wp:attachment":[{"href":"https:\/\/historiografija.hr\/index.php?rest_route=%2Fwp%2Fv2%2Fmedia&parent=33073"}],"wp:term":[{"taxonomy":"category","embeddable":true,"href":"https:\/\/historiografija.hr\/index.php?rest_route=%2Fwp%2Fv2%2Fcategories&post=33073"},{"taxonomy":"post_tag","embeddable":true,"href":"https:\/\/historiografija.hr\/index.php?rest_route=%2Fwp%2Fv2%2Ftags&post=33073"}],"curies":[{"name":"wp","href":"https:\/\/api.w.org\/{rel}","templated":true}]}}