{"id":33058,"date":"2022-10-18T16:21:19","date_gmt":"2022-10-18T16:21:19","guid":{"rendered":"http:\/\/historiografija.hr\/?p=33058"},"modified":"2022-10-18T16:27:18","modified_gmt":"2022-10-18T16:27:18","slug":"scholarly-conference-towns-and-cities-of-the-croatian-middle-ages-crises-and-catastrophes","status":"publish","type":"post","link":"https:\/\/historiografija.hr\/?p=33058","title":{"rendered":"Scholarly Conference &#8220;Towns and Cities of the Croatian Middle Ages \u2013 Crises and Catastrophes&#8221;"},"content":{"rendered":"\n<p><strong>October, 25 \u2013 26 2022<\/strong><\/p>\n\n\n\n<p>organised by Croatian Institute of History,<\/p>\n\n\n\n<p>Croatian Science Foundation and Matica Hrvatska<\/p>\n\n\n\n<p>at Matica Hrvatska Hall, Ulica Matice Hrvatske 2, Zagreb<\/p>\n\n\n\n<hr class=\"wp-block-separator\"\/>\n\n\n\n<div class=\"wp-block-file\"><a href=\"https:\/\/historiografija.hr\/wp-content\/uploads\/2022\/10\/Program.pdf\">Program<\/a><a href=\"https:\/\/historiografija.hr\/wp-content\/uploads\/2022\/10\/Program.pdf\" class=\"wp-block-file__button\" download>Preuzmi<\/a><\/div>\n\n\n\n<hr class=\"wp-block-separator\"\/>\n\n\n\n<p><a href=\"http:\/\/www.isp.hr\/25-26-10-2022-scholary-conference-towns-and-cities-of-the-croatian-middle-ages-crises-and-catastrophes\/\">http:\/\/www.isp.hr\/25-26-10-2022-scholary-conference-towns-and-cities-of-the-croatian-middle-ages-crises-and-catastrophes\/<\/a><\/p>\n\n\n\n<hr class=\"wp-block-separator\"\/>\n\n\n\n<p><strong>Znanstveni skup \u0107e se mo\u0107i pratiti i preko Zoom platforme:<\/strong><\/p>\n\n\n\n<p>HIP Zagreb is inviting you to a scheduled Zoom meeting.<br><br>Topic: 5th Triennial Scholarly Conference &#8220;Towns and Cities of the Croatian Middle Ages&#8221; &#8211; &#8220;Crises and Catastrophes&#8221;<br>Time: Oct 25, 2022 9:00 Sarajevo, Skopje, Zagreb<br>&nbsp;&nbsp;&nbsp;&nbsp;&nbsp;&nbsp;&nbsp; Every day, until Oct 26, 2022, 2 occurrence(s)<br>&nbsp;&nbsp;&nbsp;&nbsp;&nbsp;&nbsp;&nbsp; Oct 25, 2022 9:00<br>&nbsp;&nbsp;&nbsp;&nbsp;&nbsp;&nbsp;&nbsp; Oct 26, 2022 9:00<br>Please download and import the following iCalendar (.ics) files to your calendar system.<\/p>\n\n\n\n<p>Daily: <a href=\"https:\/\/us02web.zoom.us\/meeting\/tZUvfuivpj4oHNTvvr5nVBivbuI9lH2XfcaI\/ics?icsToken=98tyKuGprDIrHdyQsh-HRpwcAIr4d-3xiCVBgo1pign3Vi5lQArgNPdra75XQuDW\">https:\/\/us02web.zoom.us\/meeting\/tZUvfuivpj4oHNTvvr5nVBivbuI9lH2XfcaI\/ics?icsToken=98tyKuGprDIrHdyQsh-HRpwcAIr4d-3xiCVBgo1pign3Vi5lQArgNPdra75XQuDW<\/a><\/p>\n\n\n\n<p><br>Join Zoom Meeting<br><a href=\"https:\/\/us02web.zoom.us\/j\/81291785260?pwd=dXMrTVA5dDh2RHJyQWJMUklzQ3dNdz09\">https:\/\/us02web.zoom.us\/j\/81291785260?pwd=dXMrTVA5dDh2RHJyQWJMUklzQ3dNdz09<\/a><\/p>\n\n\n\n<p>Meeting ID: 812 9178 5260<br>Passcode: T&amp;C-Crisis<\/p>\n\n\n\n<hr class=\"wp-block-separator\"\/>\n\n\n\n<figure data-wp-context=\"{&quot;imageId&quot;:&quot;6a979af2492f4&quot;}\" data-wp-interactive=\"core\/image\" data-wp-key=\"6a979af2492f4\" class=\"wp-block-image size-large wp-lightbox-container\"><img data-recalc-dims=\"1\" loading=\"lazy\" decoding=\"async\" width=\"700\" height=\"765\" data-attachment-id=\"33059\" data-permalink=\"https:\/\/historiografija.hr\/?attachment_id=33059\" data-orig-file=\"https:\/\/i0.wp.com\/historiografija.hr\/wp-content\/uploads\/2022\/10\/Hrvatski-institut-za-povijest-plakat.jpg?fit=700%2C765&amp;ssl=1\" data-orig-size=\"700,765\" data-comments-opened=\"1\" data-image-meta=\"{&quot;aperture&quot;:&quot;0&quot;,&quot;credit&quot;:&quot;&quot;,&quot;camera&quot;:&quot;&quot;,&quot;caption&quot;:&quot;&quot;,&quot;created_timestamp&quot;:&quot;0&quot;,&quot;copyright&quot;:&quot;&quot;,&quot;focal_length&quot;:&quot;0&quot;,&quot;iso&quot;:&quot;0&quot;,&quot;shutter_speed&quot;:&quot;0&quot;,&quot;title&quot;:&quot;&quot;,&quot;orientation&quot;:&quot;1&quot;}\" data-image-title=\"Hrvatski-institut-za-povijest-plakat\" data-image-description=\"\" data-image-caption=\"\" data-large-file=\"https:\/\/i0.wp.com\/historiografija.hr\/wp-content\/uploads\/2022\/10\/Hrvatski-institut-za-povijest-plakat.jpg?fit=700%2C765&amp;ssl=1\" data-wp-class--hide=\"state.isContentHidden\" data-wp-class--show=\"state.isContentVisible\" data-wp-init=\"callbacks.setButtonStyles\" data-wp-on--click=\"actions.showLightbox\" data-wp-on--load=\"callbacks.setButtonStyles\" data-wp-on-window--resize=\"callbacks.setButtonStyles\" src=\"https:\/\/i0.wp.com\/historiografija.hr\/wp-content\/uploads\/2022\/10\/Hrvatski-institut-za-povijest-plakat.jpg?resize=700%2C765&#038;ssl=1\" alt=\"\" class=\"wp-image-33059\" srcset=\"https:\/\/i0.wp.com\/historiografija.hr\/wp-content\/uploads\/2022\/10\/Hrvatski-institut-za-povijest-plakat.jpg?w=700&amp;ssl=1 700w, https:\/\/i0.wp.com\/historiografija.hr\/wp-content\/uploads\/2022\/10\/Hrvatski-institut-za-povijest-plakat.jpg?resize=275%2C300&amp;ssl=1 275w\" sizes=\"auto, (max-width: 700px) 100vw, 700px\" \/><button\n\t\t\tclass=\"lightbox-trigger\"\n\t\t\ttype=\"button\"\n\t\t\taria-haspopup=\"dialog\"\n\t\t\taria-label=\"Uve\u0107aj\"\n\t\t\tdata-wp-init=\"callbacks.initTriggerButton\"\n\t\t\tdata-wp-on--click=\"actions.showLightbox\"\n\t\t\tdata-wp-style--right=\"state.imageButtonRight\"\n\t\t\tdata-wp-style--top=\"state.imageButtonTop\"\n\t\t>\n\t\t\t<svg xmlns=\"http:\/\/www.w3.org\/2000\/svg\" width=\"12\" height=\"12\" fill=\"none\" viewBox=\"0 0 12 12\">\n\t\t\t\t<path fill=\"#fff\" d=\"M2 0a2 2 0 0 0-2 2v2h1.5V2a.5.5 0 0 1 .5-.5h2V0H2Zm2 10.5H2a.5.5 0 0 1-.5-.5V8H0v2a2 2 0 0 0 2 2h2v-1.5ZM8 12v-1.5h2a.5.5 0 0 0 .5-.5V8H12v2a2 2 0 0 1-2 2H8Zm2-12a2 2 0 0 1 2 2v2h-1.5V2a.5.5 0 0 0-.5-.5H8V0h2Z\" \/>\n\t\t\t<\/svg>\n\t\t<\/button><\/figure>\n\n\n\n<hr class=\"wp-block-separator\"\/>\n\n\n\n<figure class=\"wp-block-embed-wordpress wp-block-embed is-type-wp-embed is-provider-historiografija-hr\"><div class=\"wp-block-embed__wrapper\">\n<blockquote class=\"wp-embedded-content\" data-secret=\"S7dB6wjGM4\"><a href=\"https:\/\/historiografija.hr\/?p=28950\">CfP: 5th Triennial Scholarly Conference &#8220;Towns and Cities of the Croatian Middle Ages: Crises and Catastrophes&#8221;<\/a><\/blockquote><iframe loading=\"lazy\" class=\"wp-embedded-content\" sandbox=\"allow-scripts\" security=\"restricted\" style=\"position: absolute; clip: rect(1px, 1px, 1px, 1px);\" title=\"&#8220;CfP: 5th Triennial Scholarly Conference &#8220;Towns and Cities of the Croatian Middle Ages: Crises and Catastrophes&#8221;&#8221; &#8212; Historiografija.hr\" src=\"https:\/\/historiografija.hr\/?p=28950&#038;embed=true#?secret=S7dB6wjGM4\" data-secret=\"S7dB6wjGM4\" width=\"600\" height=\"338\" frameborder=\"0\" marginwidth=\"0\" marginheight=\"0\" scrolling=\"no\"><\/iframe>\n<\/div><\/figure>\n\n\n\n<hr class=\"wp-block-separator\"\/>\n","protected":false},"excerpt":{"rendered":"","protected":false},"author":2,"featured_media":33059,"comment_status":"open","ping_status":"open","sticky":false,"template":"","format":"standard","meta":{"_acf_changed":false,"_jetpack_newsletter_access":"","_jetpack_dont_email_post_to_subs":false,"_jetpack_newsletter_tier_id":0,"_jetpack_memberships_contains_paywalled_content":false,"_jetpack_memberships_contains_paid_content":false,"footnotes":"","jetpack_publicize_message":"","jetpack_publicize_feature_enabled":true,"jetpack_social_post_already_shared":true,"jetpack_social_options":{"image_generator_settings":{"template":"highway","default_image_id":0,"font":"","enabled":false},"version":2},"jetpack_post_was_ever_published":false},"categories":[3,9],"tags":[],"class_list":["post-33058","post","type-post","status-publish","format-standard","has-post-thumbnail","hentry","category-novosti","category-skupovi"],"acf":{"facebook_opis":""},"jetpack_publicize_connections":[],"jetpack_featured_media_url":"https:\/\/i0.wp.com\/historiografija.hr\/wp-content\/uploads\/2022\/10\/Hrvatski-institut-za-povijest-plakat.jpg?fit=700%2C765&ssl=1","jetpack_sharing_enabled":true,"jetpack-related-posts":[{"id":54937,"url":"https:\/\/historiografija.hr\/?p=54937","url_meta":{"origin":33058,"position":0},"title":"Predstavljanje monografije: Tomislav Galovi\u0107, John P. Kraljic, &#8220;DUBA\u0160NICA SOCIAL CLUB OF AMERICA INC. (NEW YORK, USA): 85. obljetnica \/ 85th Anniversary (1940-2025)&#8221;","author":"Branimir Jankovi\u0107","date":"11. kolovoza 2026.","format":false,"excerpt":"Op\u0107ina Malinska - Duba\u0161nica, Hrvatska matica iseljenika - podru\u017enica Rijeka, DUBoak - Interpretacijski centar maritimne ba\u0161tine imaju \u010dast pozvati Vas na predstavljanje monografije: Prof. dr. sc. Tomislav GALOVI\u0106 \/ Dr. iur. John P. KRALJIC DUBA\u0160NICA SOCIAL CLUB OF AMERICA INC. (NEW YORK, USA): 85. obljetnica \/ 85th Anniversary (1940-2025) Nedjelja\u2026","rel":"","context":"U &quot;Novosti&quot;","block_context":{"text":"Novosti","link":"https:\/\/historiografija.hr\/?cat=3"},"img":{"alt_text":"","src":"https:\/\/i0.wp.com\/historiografija.hr\/wp-content\/uploads\/2026\/08\/Pozivnica-Malinska.jpg?fit=849%2C1200&ssl=1&resize=350%2C200","width":350,"height":200,"srcset":"https:\/\/i0.wp.com\/historiografija.hr\/wp-content\/uploads\/2026\/08\/Pozivnica-Malinska.jpg?fit=849%2C1200&ssl=1&resize=350%2C200 1x, https:\/\/i0.wp.com\/historiografija.hr\/wp-content\/uploads\/2026\/08\/Pozivnica-Malinska.jpg?fit=849%2C1200&ssl=1&resize=525%2C300 1.5x, https:\/\/i0.wp.com\/historiografija.hr\/wp-content\/uploads\/2026\/08\/Pozivnica-Malinska.jpg?fit=849%2C1200&ssl=1&resize=700%2C400 2x"},"classes":[]},{"id":52996,"url":"https:\/\/historiografija.hr\/?p=52996","url_meta":{"origin":33058,"position":1},"title":"Nikolina \u017didek, &#8220;The Croatian Diaspora in Argentina&#8221;","author":"Filip \u0160imunjak","date":"8. svibnja 2026.","format":false,"excerpt":"Description Following the collapse of the fascist Independent State of Croatia (1941\u20131945), around 10,000 political \u00e9migr\u00e9s fled to Per\u00f3n\u2019s Argentina. This study traces the Croatian diaspora\u2019s evolution from its founding to the present. Initially marked by trauma \u2013 military defeat, exile, and reprisals\u2014the community redefined its identity within Cold War\u2026","rel":"","context":"U &quot;Knjige&quot;","block_context":{"text":"Knjige","link":"https:\/\/historiografija.hr\/?cat=8"},"img":{"alt_text":"","src":"https:\/\/i0.wp.com\/historiografija.hr\/wp-content\/uploads\/2026\/05\/NIKOLINA-ZIDEK-%E2%80%9ETHE-CROATIAN-DIASPORA-IN-ARGENTINA-scaled.webp?fit=795%2C1200&ssl=1&resize=350%2C200","width":350,"height":200,"srcset":"https:\/\/i0.wp.com\/historiografija.hr\/wp-content\/uploads\/2026\/05\/NIKOLINA-ZIDEK-%E2%80%9ETHE-CROATIAN-DIASPORA-IN-ARGENTINA-scaled.webp?fit=795%2C1200&ssl=1&resize=350%2C200 1x, https:\/\/i0.wp.com\/historiografija.hr\/wp-content\/uploads\/2026\/05\/NIKOLINA-ZIDEK-%E2%80%9ETHE-CROATIAN-DIASPORA-IN-ARGENTINA-scaled.webp?fit=795%2C1200&ssl=1&resize=525%2C300 1.5x, https:\/\/i0.wp.com\/historiografija.hr\/wp-content\/uploads\/2026\/05\/NIKOLINA-ZIDEK-%E2%80%9ETHE-CROATIAN-DIASPORA-IN-ARGENTINA-scaled.webp?fit=795%2C1200&ssl=1&resize=700%2C400 2x"},"classes":[]},{"id":54476,"url":"https:\/\/historiografija.hr\/?p=54476","url_meta":{"origin":33058,"position":2},"title":"Predavanje Senne \u0160imek &#8220;Croatian Government Responses to ICTY Judgments on Bosnia and Herzegovina: Continuity or Change?&#8221; u Berlinu","author":"Branimir Jankovi\u0107","date":"6. srpnja 2026.","format":false,"excerpt":"U sklopu kolokvija \"Themen, Theorien und Forschungsans\u00e4tze in der Geschichte Mittel-\/S\u00fcdosteuropas\" (TTF) koji se odr\u017eava na\u00a0Katedri za povijest jugoisto\u010dne Europe (Chair for Southeast European History) u okviru Odsjeka za povijest Humboldtovog sveu\u010dili\u0161ta u Berlinu, u srijedu, 8. srpnja 2026. u 12:15, doktorandica na doktorskom studiju Moderna i suvremena hrvatska povijest\u2026","rel":"","context":"U &quot;Novosti&quot;","block_context":{"text":"Novosti","link":"https:\/\/historiografija.hr\/?cat=3"},"img":{"alt_text":"","src":"https:\/\/i0.wp.com\/historiografija.hr\/wp-content\/uploads\/2017\/07\/Huberlin-logo_svg.png?fit=1024%2C1024&ssl=1&resize=350%2C200","width":350,"height":200,"srcset":"https:\/\/i0.wp.com\/historiografija.hr\/wp-content\/uploads\/2017\/07\/Huberlin-logo_svg.png?fit=1024%2C1024&ssl=1&resize=350%2C200 1x, https:\/\/i0.wp.com\/historiografija.hr\/wp-content\/uploads\/2017\/07\/Huberlin-logo_svg.png?fit=1024%2C1024&ssl=1&resize=525%2C300 1.5x, https:\/\/i0.wp.com\/historiografija.hr\/wp-content\/uploads\/2017\/07\/Huberlin-logo_svg.png?fit=1024%2C1024&ssl=1&resize=700%2C400 2x"},"classes":[]},{"id":53719,"url":"https:\/\/historiografija.hr\/?p=53719","url_meta":{"origin":33058,"position":3},"title":"Izlo\u017eba &#8220;Hrvatska kultura u Krakovu&#8221; (1. \u2013 30. lipnja 2026)\u00a0","author":"Filip \u0160imunjak","date":"26. svibnja 2026.","format":false,"excerpt":"Mjesto:\u00a0Izlo\u017ebena dvorana Jagelonske knji\u017eniceTermin:\u00a01. lipnja 2026. \u2013 30. lipnja 2026.Sve\u010dano otvaranje: 1. lipnja 2026. u 17 satiOrganizatori:\u00a0Institut za slavensku filologiju Jagelonskog sveu\u010dili\u0161ta, Jagelonska knji\u017enica, Udruga KliofestPokrovitelji: Matica hrvatska, Mi\u0119dzynarodowe Centrum KulturyPo\u010dasno pokroviteljstvo\u00a0Rektor Jagelonskog sveu\u010dili\u0161ta prof. Piotr Jedynak\u00a0Autor i kurator:\u00a0prof. Maciej Czerwi\u0144ski Popratna knji\u017eica izlo\u017ebe (preuzmite) Na izlo\u017ebi \u0107e biti prikazano\u2026","rel":"","context":"U &quot;Izlo\u017ebe&quot;","block_context":{"text":"Izlo\u017ebe","link":"https:\/\/historiografija.hr\/?cat=10"},"img":{"alt_text":"","src":"https:\/\/i0.wp.com\/historiografija.hr\/wp-content\/uploads\/2026\/05\/Hrvatska-kultura-u-Krakovu-Plakat.jpg?fit=841%2C1200&ssl=1&resize=350%2C200","width":350,"height":200,"srcset":"https:\/\/i0.wp.com\/historiografija.hr\/wp-content\/uploads\/2026\/05\/Hrvatska-kultura-u-Krakovu-Plakat.jpg?fit=841%2C1200&ssl=1&resize=350%2C200 1x, https:\/\/i0.wp.com\/historiografija.hr\/wp-content\/uploads\/2026\/05\/Hrvatska-kultura-u-Krakovu-Plakat.jpg?fit=841%2C1200&ssl=1&resize=525%2C300 1.5x, https:\/\/i0.wp.com\/historiografija.hr\/wp-content\/uploads\/2026\/05\/Hrvatska-kultura-u-Krakovu-Plakat.jpg?fit=841%2C1200&ssl=1&resize=700%2C400 2x"},"classes":[]},{"id":54429,"url":"https:\/\/historiografija.hr\/?p=54429","url_meta":{"origin":33058,"position":4},"title":"CfP: War Veterans in Transition and Post-War Societies","author":"Branimir Jankovi\u0107","date":"2. srpnja 2026.","format":false,"excerpt":"Po\u0161tovane kolegice i kolege, pozivamo sve zainteresirane istra\u017eiva\u010de da dostave sa\u017eetke i sudjeluju na me\u0111unarodnoj konferenciji Ratni veterani u tranziciji u poslijeratnim dru\u0161tvima. Konferencija \u0107e se odr\u017eati u \u010detvrtak, 12. studenog 2026. u Splitu na Filozofskom fakultetu. Cilj ove konferencije je ispitati polo\u017eaj ratnih veterana u poslijeratnim dru\u0161tvima i identificirati\u2026","rel":"","context":"U &quot;Novosti&quot;","block_context":{"text":"Novosti","link":"https:\/\/historiografija.hr\/?cat=3"},"img":{"alt_text":"","src":"https:\/\/i0.wp.com\/historiografija.hr\/wp-content\/uploads\/2026\/07\/CfP-Split.jpg?fit=800%2C593&ssl=1&resize=350%2C200","width":350,"height":200,"srcset":"https:\/\/i0.wp.com\/historiografija.hr\/wp-content\/uploads\/2026\/07\/CfP-Split.jpg?fit=800%2C593&ssl=1&resize=350%2C200 1x, https:\/\/i0.wp.com\/historiografija.hr\/wp-content\/uploads\/2026\/07\/CfP-Split.jpg?fit=800%2C593&ssl=1&resize=525%2C300 1.5x, https:\/\/i0.wp.com\/historiografija.hr\/wp-content\/uploads\/2026\/07\/CfP-Split.jpg?fit=800%2C593&ssl=1&resize=700%2C400 2x"},"classes":[]},{"id":55040,"url":"https:\/\/historiografija.hr\/?p=55040","url_meta":{"origin":33058,"position":5},"title":"\u00c9ric-Emmanuel Schmitt, &#8220;Noin sin&#8221;","author":"Branimir Jankovi\u0107","date":"21. kolovoza 2026.","format":false,"excerpt":"Noin sin\u00a0roman je suvremenoga francuskog knji\u017eevnika \u00c9rica-Emmanuela Schmitta, koji je na hrvatski jezik preveo Vinko Grubi\u0161i\u0107. Objavila ga je Matica hrvatska 2026. godine. O romanu:\u00a0 U romanu se govori o odrastanju dje\u010daka Josepha u burnom razdoblju Drugoga svjetskog rata. Radnja djela smje\u0161tena je u 1942. godinu u Bruxelles, gdje sedmogodi\u0161njem\u2026","rel":"","context":"U &quot;Novosti&quot;","block_context":{"text":"Novosti","link":"https:\/\/historiografija.hr\/?cat=3"},"img":{"alt_text":"","src":"https:\/\/i0.wp.com\/historiografija.hr\/wp-content\/uploads\/2026\/08\/noin-sin-1492_medium.jpeg?resize=350%2C200&ssl=1","width":350,"height":200},"classes":[]}],"_links":{"self":[{"href":"https:\/\/historiografija.hr\/index.php?rest_route=\/wp\/v2\/posts\/33058","targetHints":{"allow":["GET"]}}],"collection":[{"href":"https:\/\/historiografija.hr\/index.php?rest_route=\/wp\/v2\/posts"}],"about":[{"href":"https:\/\/historiografija.hr\/index.php?rest_route=\/wp\/v2\/types\/post"}],"author":[{"embeddable":true,"href":"https:\/\/historiografija.hr\/index.php?rest_route=\/wp\/v2\/users\/2"}],"replies":[{"embeddable":true,"href":"https:\/\/historiografija.hr\/index.php?rest_route=%2Fwp%2Fv2%2Fcomments&post=33058"}],"version-history":[{"count":4,"href":"https:\/\/historiografija.hr\/index.php?rest_route=\/wp\/v2\/posts\/33058\/revisions"}],"predecessor-version":[{"id":33064,"href":"https:\/\/historiografija.hr\/index.php?rest_route=\/wp\/v2\/posts\/33058\/revisions\/33064"}],"wp:featuredmedia":[{"embeddable":true,"href":"https:\/\/historiografija.hr\/index.php?rest_route=\/wp\/v2\/media\/33059"}],"wp:attachment":[{"href":"https:\/\/historiografija.hr\/index.php?rest_route=%2Fwp%2Fv2%2Fmedia&parent=33058"}],"wp:term":[{"taxonomy":"category","embeddable":true,"href":"https:\/\/historiografija.hr\/index.php?rest_route=%2Fwp%2Fv2%2Fcategories&post=33058"},{"taxonomy":"post_tag","embeddable":true,"href":"https:\/\/historiografija.hr\/index.php?rest_route=%2Fwp%2Fv2%2Ftags&post=33058"}],"curies":[{"name":"wp","href":"https:\/\/api.w.org\/{rel}","templated":true}]}}