{"id":33055,"date":"2022-10-18T16:01:35","date_gmt":"2022-10-18T16:01:35","guid":{"rendered":"http:\/\/historiografija.hr\/?p=33055"},"modified":"2022-10-18T16:01:35","modified_gmt":"2022-10-18T16:01:35","slug":"izlozba-descriptio-oeconomiae-prikazi-gospodarskih-sadrzaja-na-novovjekovnim-kartama","status":"publish","type":"post","link":"https:\/\/historiografija.hr\/?p=33055","title":{"rendered":"Izlo\u017eba \u201eDescriptio Oeconomiae \u2013 prikazi gospodarskih sadr\u017eaja na novovjekovnim kartama\u201c"},"content":{"rendered":"\n<p>Dr\u017eavni arhiv u Zadru, Dr\u017eavna geodetska uprava i Sveu\u010dili\u0161te u Zadru pozivaju Vas na izlo\u017ebu prigodom obilje\u017eavanja Dana infrastrukture prostornih podataka 2022. \u201eDescriptio Oeconomiae \u2013 prikazi gospodarskih sadr\u017eaja na novovjekovnim kartama\u201c.<\/p>\n\n\n\n<p>Otvorenje izlo\u017ebe \u0107e se odr\u017eati u izlo\u017ebenoj dvorani Dr\u017eavnog arhiva u Zadru u srijedu, 19. listopada 2022. u 18:30.<\/p>\n\n\n\n<hr class=\"wp-block-separator\"\/>\n\n\n\n<p>Izvor:<\/p>\n\n\n\n<p><a href=\"https:\/\/www.unizd.hr\/obavijesti\/view\/poziv-na-izlozbu-descriptio-oeconomiae\">https:\/\/www.unizd.hr\/obavijesti\/view\/poziv-na-izlozbu-descriptio-oeconomiae<\/a><\/p>\n\n\n\n<hr class=\"wp-block-separator\"\/>\n\n\n\n<p>Op\u0161irnije:<\/p>\n\n\n\n<p><a href=\"https:\/\/www.dazd.hr\/hr\/izlozba\/izlozba-descriptio-oeconomiae-prikazi-gospodarskih-sadrzaja-na-novovjekovnim-kartama\/23\">https:\/\/www.dazd.hr\/hr\/izlozba\/izlozba-descriptio-oeconomiae-prikazi-gospodarskih-sadrzaja-na-novovjekovnim-kartama\/23<\/a><\/p>\n\n\n\n<hr class=\"wp-block-separator\"\/>\n","protected":false},"excerpt":{"rendered":"","protected":false},"author":2,"featured_media":33056,"comment_status":"open","ping_status":"open","sticky":false,"template":"","format":"standard","meta":{"_acf_changed":false,"jetpack_post_was_ever_published":false,"_jetpack_newsletter_access":"","_jetpack_dont_email_post_to_subs":false,"_jetpack_newsletter_tier_id":0,"_jetpack_memberships_contains_paywalled_content":false,"_jetpack_memberships_contains_paid_content":false,"footnotes":"","jetpack_publicize_message":"","jetpack_publicize_feature_enabled":true,"jetpack_social_post_already_shared":true,"jetpack_social_options":{"image_generator_settings":{"template":"highway","default_image_id":0,"font":"","enabled":false},"version":2}},"categories":[10,3],"tags":[],"class_list":["post-33055","post","type-post","status-publish","format-standard","has-post-thumbnail","hentry","category-izlozbe","category-novosti"],"acf":{"facebook_opis":""},"jetpack_publicize_connections":[],"jetpack_featured_media_url":"https:\/\/i0.wp.com\/historiografija.hr\/wp-content\/uploads\/2022\/10\/Descriptio-oeconomiae.jpg?fit=1240%2C620&ssl=1","jetpack_sharing_enabled":true,"jetpack-related-posts":[],"_links":{"self":[{"href":"https:\/\/historiografija.hr\/index.php?rest_route=\/wp\/v2\/posts\/33055","targetHints":{"allow":["GET"]}}],"collection":[{"href":"https:\/\/historiografija.hr\/index.php?rest_route=\/wp\/v2\/posts"}],"about":[{"href":"https:\/\/historiografija.hr\/index.php?rest_route=\/wp\/v2\/types\/post"}],"author":[{"embeddable":true,"href":"https:\/\/historiografija.hr\/index.php?rest_route=\/wp\/v2\/users\/2"}],"replies":[{"embeddable":true,"href":"https:\/\/historiografija.hr\/index.php?rest_route=%2Fwp%2Fv2%2Fcomments&post=33055"}],"version-history":[{"count":1,"href":"https:\/\/historiografija.hr\/index.php?rest_route=\/wp\/v2\/posts\/33055\/revisions"}],"predecessor-version":[{"id":33057,"href":"https:\/\/historiografija.hr\/index.php?rest_route=\/wp\/v2\/posts\/33055\/revisions\/33057"}],"wp:featuredmedia":[{"embeddable":true,"href":"https:\/\/historiografija.hr\/index.php?rest_route=\/wp\/v2\/media\/33056"}],"wp:attachment":[{"href":"https:\/\/historiografija.hr\/index.php?rest_route=%2Fwp%2Fv2%2Fmedia&parent=33055"}],"wp:term":[{"taxonomy":"category","embeddable":true,"href":"https:\/\/historiografija.hr\/index.php?rest_route=%2Fwp%2Fv2%2Fcategories&post=33055"},{"taxonomy":"post_tag","embeddable":true,"href":"https:\/\/historiografija.hr\/index.php?rest_route=%2Fwp%2Fv2%2Ftags&post=33055"}],"curies":[{"name":"wp","href":"https:\/\/api.w.org\/{rel}","templated":true}]}}