{"id":33046,"date":"2022-10-18T15:10:31","date_gmt":"2022-10-18T15:10:31","guid":{"rendered":"http:\/\/historiografija.hr\/?p=33046"},"modified":"2022-10-18T15:10:31","modified_gmt":"2022-10-18T15:10:31","slug":"znanstveni-skup-predsjednici-matice-hrvatske-1842-1996","status":"publish","type":"post","link":"https:\/\/historiografija.hr\/?p=33046","title":{"rendered":"Znanstveni skup PREDSJEDNICI MATICE HRVATSKE 1842-1996."},"content":{"rendered":"\n<p>\u010cetvrtak, 20. listopada 2022. u 10:00 sati, Dvorana Jure Petri\u010devi\u0107a, Ulica Matice hrvatske 2, Strossmayerov trg 4, Zagreb<\/p>\n\n\n\n<hr class=\"wp-block-separator\"\/>\n\n\n\n<p><strong>20. listopada 2022, \u010detvrtak<\/strong><\/p>\n\n\n\n<p>10:00 Otvaranje skupa<\/p>\n\n\n\n<p>10:20 \u017deljko Holjevac: <strong>JANKO DRA\u0160KOVI\u0106<\/strong><\/p>\n\n\n\n<p>10:35 Ana Bio\u010di\u0107: <strong>AMBROZ VRANICZANY<\/strong><\/p>\n\n\n\n<p>10:50 Agneza Szabo: <strong>IVAN MA\u017dURANI\u0106<\/strong><\/p>\n\n\n\n<p>11:05 Tihana Lueti\u0107: <strong>MATIJA MESI\u0106<\/strong><\/p>\n\n\n\n<p>11:20 Stanka<\/p>\n\n\n\n<p>11:50 Vlasta \u0160voger: <strong>IVAN KUKULJEVI\u0106 SAKCINSKI<\/strong><\/p>\n\n\n\n<p>12:05 Marko Vuki\u010devi\u0107: <strong>TADIJA SMI\u010cIKLAS<\/strong><\/p>\n\n\n\n<p>12:20 Damir Barbari\u0107: <strong>GJURO ARNOLD<\/strong><\/p>\n\n\n\n<p>12:35 Tatjana Kren: <strong>OTON KU\u010cERA<\/strong><\/p>\n\n\n\n<p>12:50 &nbsp;Stanka<\/p>\n\n\n\n<p>14:30 Tea Rogi\u0107 Musa: <strong>KRSTO PAVLETI\u0106<\/strong><\/p>\n\n\n\n<p>14:45 Maja Vrkljan: <strong>FRAN TU\u0106AN<\/strong><\/p>\n\n\n\n<p>15:00 Vladimir Lon\u010darevi\u0107: <strong>DRAGUTIN DOMJANI\u0106<\/strong><\/p>\n\n\n\n<p>15:15 Damir Barbari\u0107: <strong>ALBERT BAZALA<\/strong><\/p>\n\n\n\n<p>15:30 Stanka<\/p>\n\n\n\n<p>16:00 Stipe Kljaji\u0107: <strong>FILIP LUKAS<\/strong><\/p>\n\n\n\n<p>16:15 Bo\u017eidar Petra\u010d: <strong>MIHOVIL NIKOLI\u0106<\/strong><\/p>\n\n\n\n<p>16:30 Bo\u017eidar Petra\u010d: <strong>GUSTAV&nbsp; KRKLEC<\/strong><\/p>\n\n\n\n<p>16:45 Katica \u010corkalo Jemri\u0107: <strong>IVAN TRNSKI<\/strong><\/p>\n\n\n\n<p>&nbsp;<strong>21. listopada 2022, petak<\/strong><\/p>\n\n\n\n<p>10:00 &nbsp;Stjepan Damjanovi\u0107: <strong>JAK\u0160A RAVLI\u0106<\/strong><\/p>\n\n\n\n<p>10.15 Suzana Ini\u0107: <strong>HRVOJE IVEKOVI\u0106<\/strong><\/p>\n\n\n\n<p>10.30 Kre\u0161imir Mi\u0107anovi\u0107: <strong>LJUDEVIT JONKE<\/strong><\/p>\n\n\n\n<p>10:45 Cvijeta Pavlovi\u0107 i Tomislav Bran\u0111olica: <strong>PETAR \u0160EGEDIN<\/strong><\/p>\n\n\n\n<p>11:00 Zorislav Luki\u0107: <strong>VLADO GOTOVAC<\/strong><\/p>\n\n\n\n<p>11:20 Zatvaranje skupa<\/p>\n\n\n\n<p>Po\u010dasno predsjedni\u0161tvo: Josip Bratuli\u0107, Igor Zidi\u0107, Stjepan Damjanovi\u0107, Stipe Botica, Miro Gavran<\/p>\n\n\n\n<p>Organizacijski odbor: \u017deljko Holjevac, Mario Jareb, Zorislav Luki\u0107, Mirko Cvjetko (tajnik)<\/p>\n\n\n\n<p>Uz skup, do 22. listopada na Strossmayerovu trgu u Zagrebu mo\u017eete pogledati novu izlo\u017ebu Hrvatskog povijesnog muzeja \u201eMati\u010dine Matice \u2013 Predsjednici Matice hrvatske 1842\u20132022\u201c. Izlo\u017eba je organizirana u suradnji s MH u povodu 180. obljetnice osnutka. Vi\u0161e o izlo\u017ebi mo\u017eete saznati ovdje: <a href=\"https:\/\/hismus.hr\/hr\/novosti\/aktualno\/izlozba\/nova-izlozba\/?fbclid=IwAR3iEEllFOZ8HlzvJZflX2HHeSkUkiUiNQOxqlI_PA-VjWLqLrrkQxgefgA\">https:\/\/hismus.hr\/hr\/novosti\/aktualno\/izlozba\/nova-izlozba\/<\/a>.<\/p>\n\n\n\n<hr class=\"wp-block-separator\"\/>\n\n\n\n<p>Izvor:<\/p>\n\n\n\n<p><a href=\"https:\/\/www.matica.hr\/zbivanja\/znanstveni-skup-predsjednici-matice-hrvatske-1842-1996-3494\/\">https:\/\/www.matica.hr\/zbivanja\/znanstveni-skup-predsjednici-matice-hrvatske-1842-1996-3494\/<\/a><\/p>\n\n\n\n<hr class=\"wp-block-separator\"\/>\n","protected":false},"excerpt":{"rendered":"","protected":false},"author":2,"featured_media":33047,"comment_status":"open","ping_status":"open","sticky":false,"template":"","format":"standard","meta":{"_acf_changed":false,"jetpack_post_was_ever_published":false,"_jetpack_newsletter_access":"","_jetpack_dont_email_post_to_subs":false,"_jetpack_newsletter_tier_id":0,"_jetpack_memberships_contains_paywalled_content":false,"_jetpack_memberships_contains_paid_content":false,"footnotes":"","jetpack_publicize_message":"","jetpack_publicize_feature_enabled":true,"jetpack_social_post_already_shared":true,"jetpack_social_options":{"image_generator_settings":{"template":"highway","default_image_id":0,"font":"","enabled":false},"version":2}},"categories":[3,9],"tags":[],"class_list":["post-33046","post","type-post","status-publish","format-standard","has-post-thumbnail","hentry","category-novosti","category-skupovi"],"acf":{"facebook_opis":""},"jetpack_publicize_connections":[],"jetpack_featured_media_url":"https:\/\/i0.wp.com\/historiografija.hr\/wp-content\/uploads\/2022\/10\/predsjednici_matice_hrvatske.jpg?fit=680%2C962&ssl=1","jetpack_sharing_enabled":true,"jetpack-related-posts":[],"_links":{"self":[{"href":"https:\/\/historiografija.hr\/index.php?rest_route=\/wp\/v2\/posts\/33046","targetHints":{"allow":["GET"]}}],"collection":[{"href":"https:\/\/historiografija.hr\/index.php?rest_route=\/wp\/v2\/posts"}],"about":[{"href":"https:\/\/historiografija.hr\/index.php?rest_route=\/wp\/v2\/types\/post"}],"author":[{"embeddable":true,"href":"https:\/\/historiografija.hr\/index.php?rest_route=\/wp\/v2\/users\/2"}],"replies":[{"embeddable":true,"href":"https:\/\/historiografija.hr\/index.php?rest_route=%2Fwp%2Fv2%2Fcomments&post=33046"}],"version-history":[{"count":1,"href":"https:\/\/historiografija.hr\/index.php?rest_route=\/wp\/v2\/posts\/33046\/revisions"}],"predecessor-version":[{"id":33048,"href":"https:\/\/historiografija.hr\/index.php?rest_route=\/wp\/v2\/posts\/33046\/revisions\/33048"}],"wp:featuredmedia":[{"embeddable":true,"href":"https:\/\/historiografija.hr\/index.php?rest_route=\/wp\/v2\/media\/33047"}],"wp:attachment":[{"href":"https:\/\/historiografija.hr\/index.php?rest_route=%2Fwp%2Fv2%2Fmedia&parent=33046"}],"wp:term":[{"taxonomy":"category","embeddable":true,"href":"https:\/\/historiografija.hr\/index.php?rest_route=%2Fwp%2Fv2%2Fcategories&post=33046"},{"taxonomy":"post_tag","embeddable":true,"href":"https:\/\/historiografija.hr\/index.php?rest_route=%2Fwp%2Fv2%2Ftags&post=33046"}],"curies":[{"name":"wp","href":"https:\/\/api.w.org\/{rel}","templated":true}]}}