{"id":33026,"date":"2022-10-17T16:29:53","date_gmt":"2022-10-17T16:29:53","guid":{"rendered":"http:\/\/historiografija.hr\/?p=33026"},"modified":"2022-10-17T16:29:53","modified_gmt":"2022-10-17T16:29:53","slug":"mednarodna-znanstvena-konferenca-fasizem-sto-let-pozneje-stanje-raziskav-in-nove-raziskovalne-perspektive","status":"publish","type":"post","link":"https:\/\/historiografija.hr\/?p=33026","title":{"rendered":"Mednarodna znanstvena konferenca &#8220;Fa\u0161izem \u2013 sto let pozneje. Stanje raziskav in nove raziskovalne perspektive&#8221;"},"content":{"rendered":"\n<p><strong>\u0160tudijski center za narodno spravo<\/strong><br><strong>Park voja\u0161ke zgodovine Pivka<\/strong><br><br><strong>VABITA NA<\/strong><br><br>MEDNARODNO ZNANSTVENO KONFERENCO<br><br><strong>FA\u0160IZEM \u2013 STO LET POZNEJE. STANJE RAZISKAV IN NOVE RAZISKOVALNE PERSPEKTIVE<\/strong><br><br><br>Konferenca bo potekala v <strong>sredo 19. oktobra 2022&nbsp;<\/strong>v prostorih Parka voja\u0161ke zgodovine Pivka&nbsp;<\/p>\n\n\n\n<p>(Kolodvorska cesta 51, 6257 Pivka) s pri\u010detkom ob 9.00.<br><br>Konferenca bo potekala v angle\u0161kem jeziku.<br><br><strong>Neposredni prenos konference lahko spremljate tudi na YouTube kanalu Parka voja\u0161ke zgodovine na naslednji povezavi:<\/strong><br><a href=\"https:\/\/scnr.us17.list-manage.com\/track\/click?u=11c2b01cce119cc360938f16b&amp;id=b30e358ea1&amp;e=4b521702c2\" target=\"_blank\" rel=\"noreferrer noopener\"><strong>https:\/\/youtu.be\/ig7nWJzzyME<\/strong><\/a><br><br>Celotno vabilo je na povezavi: <a href=\"https:\/\/scnr.us17.list-manage.com\/track\/click?u=11c2b01cce119cc360938f16b&amp;id=ad9da07799&amp;e=4b521702c2\" target=\"_blank\" rel=\"noreferrer noopener\">Vabilo<\/a>.<br><br>Program in povzetki mednarodne znanstvene konference so na povezavi:<\/p>\n\n\n\n<p>\u00a0<a rel=\"noreferrer noopener\" href=\"https:\/\/scnr.us17.list-manage.com\/track\/click?u=11c2b01cce119cc360938f16b&amp;id=34298ca103&amp;e=4b521702c2\" target=\"_blank\">Program s povzetki<\/a>.<br><br><strong>Vljudno vabljeni!<\/strong><\/p>\n\n\n\n<hr class=\"wp-block-separator\"\/>\n\n\n\n<p>Izvor:<\/p>\n\n\n\n<p><a href=\"https:\/\/www.scnr.si\/mednarodna-znanstvena-konferenca-faizem-sto-let-pozneje-stanje-raziskav-in-nove-raziskovalne-perspektive.html\">https:\/\/www.scnr.si\/mednarodna-znanstvena-konferenca-faizem-sto-let-pozneje-stanje-raziskav-in-nove-raziskovalne-perspektive.html<\/a><\/p>\n\n\n\n<hr class=\"wp-block-separator\"\/>\n","protected":false},"excerpt":{"rendered":"","protected":false},"author":2,"featured_media":33027,"comment_status":"open","ping_status":"open","sticky":false,"template":"","format":"standard","meta":{"_acf_changed":false,"_jetpack_newsletter_access":"","_jetpack_dont_email_post_to_subs":false,"_jetpack_newsletter_tier_id":0,"_jetpack_memberships_contains_paywalled_content":false,"_jetpack_memberships_contains_paid_content":false,"footnotes":"","jetpack_publicize_message":"","jetpack_publicize_feature_enabled":true,"jetpack_social_post_already_shared":true,"jetpack_social_options":{"image_generator_settings":{"template":"highway","default_image_id":0,"font":"","enabled":false},"version":2},"jetpack_post_was_ever_published":false},"categories":[3,9],"tags":[],"class_list":["post-33026","post","type-post","status-publish","format-standard","has-post-thumbnail","hentry","category-novosti","category-skupovi"],"acf":{"facebook_opis":""},"jetpack_publicize_connections":[],"jetpack_featured_media_url":"https:\/\/i0.wp.com\/historiografija.hr\/wp-content\/uploads\/2022\/10\/scnr.jpg?fit=366%2C246&ssl=1","jetpack_sharing_enabled":true,"jetpack-related-posts":[{"id":55050,"url":"https:\/\/historiografija.hr\/?p=55050","url_meta":{"origin":33026,"position":0},"title":"Francesca Albanese, &#8220;Kad svijet spava&#8221;","author":"Branimir Jankovi\u0107","date":"21. kolovoza 2026.","format":false,"excerpt":"Nakon srpskog izdanja na koje smo prethodno uputili, objavljeno je i hrvatsko izdanje knjige Francesce Albanese, posebne izvjestiteljice UN-a za stanje ljudskih prava na okupiranom palestinskom teritoriju. Duh mjesta \u2013 genius loci \u2013 \u010dine ljudi i njihove pri\u010de, a Palestina je mjesto gdje se povijest i svakodnevni \u017eivot sudaraju rijetko\u2026","rel":"","context":"U &quot;Knjige&quot;","block_context":{"text":"Knjige","link":"https:\/\/historiografija.hr\/?cat=8"},"img":{"alt_text":"","src":"https:\/\/i0.wp.com\/historiografija.hr\/wp-content\/uploads\/2026\/08\/slika-8.png?fit=782%2C1200&ssl=1&resize=350%2C200","width":350,"height":200,"srcset":"https:\/\/i0.wp.com\/historiografija.hr\/wp-content\/uploads\/2026\/08\/slika-8.png?fit=782%2C1200&ssl=1&resize=350%2C200 1x, https:\/\/i0.wp.com\/historiografija.hr\/wp-content\/uploads\/2026\/08\/slika-8.png?fit=782%2C1200&ssl=1&resize=525%2C300 1.5x, https:\/\/i0.wp.com\/historiografija.hr\/wp-content\/uploads\/2026\/08\/slika-8.png?fit=782%2C1200&ssl=1&resize=700%2C400 2x"},"classes":[]},{"id":53567,"url":"https:\/\/historiografija.hr\/?p=53567","url_meta":{"origin":33026,"position":1},"title":"Prikazivanje filma Ivana Salati\u0107a &#8220;Otapanje vladara&#8221;","author":"Branimir Jankovi\u0107","date":"21. svibnja 2026.","format":false,"excerpt":"U \u010detvrtak, 21. 05. 2026, u 19h, u Mikro-kinu MaMa u Zagrebu bit \u0107e prikazan igrani film redatelja Ivana Salati\u0107a Otapanje vladara. Film je nadahnut zavr\u0161nom dionicom \u017eivota Petra II Petrovi\u0107a Njego\u0161a, vladike, dr\u017eavnika i najve\u0107eg pjesnika Crne Gore, koji uz pomo\u0107 vjernog sluge u Italiji tra\u017ei lijek protiv smrtonosne\u2026","rel":"","context":"U &quot;Filmovi i serije&quot;","block_context":{"text":"Filmovi i serije","link":"https:\/\/historiografija.hr\/?cat=13"},"img":{"alt_text":"","src":"https:\/\/i0.wp.com\/historiografija.hr\/wp-content\/uploads\/2026\/05\/Film_Njegos.jpg?fit=1200%2C676&ssl=1&resize=350%2C200","width":350,"height":200,"srcset":"https:\/\/i0.wp.com\/historiografija.hr\/wp-content\/uploads\/2026\/05\/Film_Njegos.jpg?fit=1200%2C676&ssl=1&resize=350%2C200 1x, https:\/\/i0.wp.com\/historiografija.hr\/wp-content\/uploads\/2026\/05\/Film_Njegos.jpg?fit=1200%2C676&ssl=1&resize=525%2C300 1.5x, https:\/\/i0.wp.com\/historiografija.hr\/wp-content\/uploads\/2026\/05\/Film_Njegos.jpg?fit=1200%2C676&ssl=1&resize=700%2C400 2x, https:\/\/i0.wp.com\/historiografija.hr\/wp-content\/uploads\/2026\/05\/Film_Njegos.jpg?fit=1200%2C676&ssl=1&resize=1050%2C600 3x"},"classes":[]},{"id":54744,"url":"https:\/\/historiografija.hr\/?p=54744","url_meta":{"origin":33026,"position":2},"title":"Prikazivanje filma &#8220;Odiseja&#8221;","author":"Filip \u0160imunjak","date":"22. srpnja 2026.","format":false,"excerpt":"Christopher Nolanov film, Odiseja, mitski je akcijski ep snimljen diljem svijeta kori\u0161tenjem potpuno nove IMAX\u00ae filmske tehnologije. Film po prvi put donosi Homerovu temeljnu sagu na IMAX\u00ae filmska platna i u kinima diljem svijeta. Izvorni naslov: The OdysseyRe\u017eiser: Christopher NolanUloge: Matt Damon, Tom Holland, Anne Hathaway, Robert Pattinson, Lupita Nyong'o,\u2026","rel":"","context":"U &quot;Filmovi i serije&quot;","block_context":{"text":"Filmovi i serije","link":"https:\/\/historiografija.hr\/?cat=13"},"img":{"alt_text":"","src":"https:\/\/i0.wp.com\/historiografija.hr\/wp-content\/uploads\/2026\/07\/Odisej.jpg?fit=1200%2C675&ssl=1&resize=350%2C200","width":350,"height":200,"srcset":"https:\/\/i0.wp.com\/historiografija.hr\/wp-content\/uploads\/2026\/07\/Odisej.jpg?fit=1200%2C675&ssl=1&resize=350%2C200 1x, https:\/\/i0.wp.com\/historiografija.hr\/wp-content\/uploads\/2026\/07\/Odisej.jpg?fit=1200%2C675&ssl=1&resize=525%2C300 1.5x, https:\/\/i0.wp.com\/historiografija.hr\/wp-content\/uploads\/2026\/07\/Odisej.jpg?fit=1200%2C675&ssl=1&resize=700%2C400 2x, https:\/\/i0.wp.com\/historiografija.hr\/wp-content\/uploads\/2026\/07\/Odisej.jpg?fit=1200%2C675&ssl=1&resize=1050%2C600 3x"},"classes":[]},{"id":54976,"url":"https:\/\/historiografija.hr\/?p=54976","url_meta":{"origin":33026,"position":3},"title":"Hadrijan Franjo Borak &#8211; Tomislav Janko \u0160agi-Buni\u0107. Korespondencija 1947. \u2013 1979.","author":"Branimir Jankovi\u0107","date":"14. kolovoza 2026.","format":false,"excerpt":"Uredili: Andrea Fili\u0107 i Anto Bari\u0161i\u0107 Broj stranica: 648Godina izdanja: 2026.Izdava\u010d: Hrvatska kapucinska provincija sv. Leopolda Bogdana Mandi\u0107a, Kr\u0161\u0107anska sada\u0161njost d.o.o. Ova iznimna knjiga donosi vi\u0161e od trideset godina korespondencije dvojice istaknutih hrvatskih kapucina, profesora i teologa \u2013 Hadrijana Franje Boraka i Tomislava Janka \u0160agi-Buni\u0107a. U razdoblju od 1947. do\u2026","rel":"","context":"U &quot;Knjige&quot;","block_context":{"text":"Knjige","link":"https:\/\/historiografija.hr\/?cat=8"},"img":{"alt_text":"","src":"https:\/\/i0.wp.com\/historiografija.hr\/wp-content\/uploads\/2026\/08\/slika-5.png?fit=705%2C1000&ssl=1&resize=350%2C200","width":350,"height":200,"srcset":"https:\/\/i0.wp.com\/historiografija.hr\/wp-content\/uploads\/2026\/08\/slika-5.png?fit=705%2C1000&ssl=1&resize=350%2C200 1x, https:\/\/i0.wp.com\/historiografija.hr\/wp-content\/uploads\/2026\/08\/slika-5.png?fit=705%2C1000&ssl=1&resize=525%2C300 1.5x, https:\/\/i0.wp.com\/historiografija.hr\/wp-content\/uploads\/2026\/08\/slika-5.png?fit=705%2C1000&ssl=1&resize=700%2C400 2x"},"classes":[]},{"id":53186,"url":"https:\/\/historiografija.hr\/?p=53186","url_meta":{"origin":33026,"position":4},"title":"&#8220;Polji\u010dica &#8211; Savez za Poljica&#8221;","author":"Branimir Jankovi\u0107","date":"12. svibnja 2026.","format":false,"excerpt":"Nepune dvije godine, puno znanja i jo\u0161 vi\u0161e dobre volje bilo je potrebno Savezu za Poljica i suradnicima da polji\u010dicu - pismo Polji\u010dke kne\u017eevine digitaliziraju u digitalni font pod imenom \"Polji\u010dica - Savez za Poljica\".\u00a0 Dijele\u0107i ovim povodom radost sa svima kojima je do Poljica stalo, vjerujemo da \u0107e u\u2026","rel":"","context":"U &quot;Novosti&quot;","block_context":{"text":"Novosti","link":"https:\/\/historiografija.hr\/?cat=3"},"img":{"alt_text":"","src":"https:\/\/i0.wp.com\/historiografija.hr\/wp-content\/uploads\/2026\/05\/Poljica-2.jpg?fit=1079%2C546&ssl=1&resize=350%2C200","width":350,"height":200,"srcset":"https:\/\/i0.wp.com\/historiografija.hr\/wp-content\/uploads\/2026\/05\/Poljica-2.jpg?fit=1079%2C546&ssl=1&resize=350%2C200 1x, https:\/\/i0.wp.com\/historiografija.hr\/wp-content\/uploads\/2026\/05\/Poljica-2.jpg?fit=1079%2C546&ssl=1&resize=525%2C300 1.5x, https:\/\/i0.wp.com\/historiografija.hr\/wp-content\/uploads\/2026\/05\/Poljica-2.jpg?fit=1079%2C546&ssl=1&resize=700%2C400 2x, https:\/\/i0.wp.com\/historiografija.hr\/wp-content\/uploads\/2026\/05\/Poljica-2.jpg?fit=1079%2C546&ssl=1&resize=1050%2C600 3x"},"classes":[]},{"id":2068,"url":"https:\/\/historiografija.hr\/?p=2068","url_meta":{"origin":33026,"position":5},"title":"Stjepko Barac &#8211; Prikaz knjige &#8211; Carlo Ginzburg, &#8220;Threads and Traces: True, False, Fictive&#8221;, University of California Press, 2012, 328 str.","author":"admin","date":"7. prosinca 2014.","format":false,"excerpt":"Carlo Ginzburg, Threads and Traces: True, False, Fictive, University of California Press, 2012, 328 str.Ljudi vole pri\u010de. Ima ne\u0161to u pri\u010dama, u uzbudljivosti naracije i i\u0161\u010dekivanju trenutka kada se po\u010detak, sredina i kraj spoje u razumljivu cjelinu iz \u010dega proizlazi osobita mo\u0107 preno\u0161enja znanja i iskustva. Jo\u0161 je 1979. godine\u2026","rel":"","context":"U &quot;Prikazi i osvrti&quot;","block_context":{"text":"Prikazi i osvrti","link":"https:\/\/historiografija.hr\/?cat=4"},"img":{"alt_text":"","src":"","width":0,"height":0},"classes":[]}],"_links":{"self":[{"href":"https:\/\/historiografija.hr\/index.php?rest_route=\/wp\/v2\/posts\/33026","targetHints":{"allow":["GET"]}}],"collection":[{"href":"https:\/\/historiografija.hr\/index.php?rest_route=\/wp\/v2\/posts"}],"about":[{"href":"https:\/\/historiografija.hr\/index.php?rest_route=\/wp\/v2\/types\/post"}],"author":[{"embeddable":true,"href":"https:\/\/historiografija.hr\/index.php?rest_route=\/wp\/v2\/users\/2"}],"replies":[{"embeddable":true,"href":"https:\/\/historiografija.hr\/index.php?rest_route=%2Fwp%2Fv2%2Fcomments&post=33026"}],"version-history":[{"count":1,"href":"https:\/\/historiografija.hr\/index.php?rest_route=\/wp\/v2\/posts\/33026\/revisions"}],"predecessor-version":[{"id":33028,"href":"https:\/\/historiografija.hr\/index.php?rest_route=\/wp\/v2\/posts\/33026\/revisions\/33028"}],"wp:featuredmedia":[{"embeddable":true,"href":"https:\/\/historiografija.hr\/index.php?rest_route=\/wp\/v2\/media\/33027"}],"wp:attachment":[{"href":"https:\/\/historiografija.hr\/index.php?rest_route=%2Fwp%2Fv2%2Fmedia&parent=33026"}],"wp:term":[{"taxonomy":"category","embeddable":true,"href":"https:\/\/historiografija.hr\/index.php?rest_route=%2Fwp%2Fv2%2Fcategories&post=33026"},{"taxonomy":"post_tag","embeddable":true,"href":"https:\/\/historiografija.hr\/index.php?rest_route=%2Fwp%2Fv2%2Ftags&post=33026"}],"curies":[{"name":"wp","href":"https:\/\/api.w.org\/{rel}","templated":true}]}}