{"id":32967,"date":"2022-10-13T13:00:26","date_gmt":"2022-10-13T13:00:26","guid":{"rendered":"http:\/\/historiografija.hr\/?p=32967"},"modified":"2022-10-13T13:00:26","modified_gmt":"2022-10-13T13:00:26","slug":"vjeran-pavlakovic-davor-paukovic-nikolina-zidek-ur-uokvirivanje-nacije-i-kolektivni-identiteti-politicki-rituali-i-kultura-sjecanja-na-traume-20-stoljeca-u-hrvatskoj","status":"publish","type":"post","link":"https:\/\/historiografija.hr\/?p=32967","title":{"rendered":"Vjeran Pavlakovi\u0107, Davor Paukovi\u0107, Nikolina \u017didek (ur.), \u201eUokvirivanje nacije i kolektivni identiteti. Politi\u010dki rituali i kultura sje\u0107anja na traume 20. stolje\u0107a u Hrvatskoj\u201c"},"content":{"rendered":"\n<p>U knjizi je provedena strategija uokvirivanja nacije i kolektivnih identiteta odozgo prema dolje i odozdo prema gore kroz komemorativne prakse doga\u0111aja iz Drugog svjetskog rata i Domovinskog rata u Hrvatskoj. S posebnim fokusom na medijsko prikazivanje komemorativnih doga\u0111aja i istra\u017eivanja javnog mi\u0161ljenja, knjiga se oslanja na intervjue i opa\u017eanja sudionika komemorativnih proslava, posebno na govore pripadnika politi\u010dkih elita, oporbenih politi\u010dara i drugih dru\u0161tvenih aktera koji podr\u017eavaju ili osporavaju slu\u017ebene narative, poput du\u017enosnika Katoli\u010dke crkve, pripadnika antifa\u0161isti\u010dkih organizacija i braniteljskih udruga i udruga ratnih \u017ertava.<\/p>\n\n\n\n<p>Koriste\u0107i inovativne metode istra\u017eivanja i analize komemorativnih praksi u postkonfliktnim dru\u0161tvima, ovo istra\u017eivanje tranzicije Hrvatske od jugoslavenske republike do neovisne dr\u017eave \u2013 od 2013. punopravne \u010dlanice Europske unije \u2013 predstavlja jedinstvenu studiju slu\u010daja za istra\u017eiva\u010de kulture sje\u0107anja i politika identiteta, zainteresiranih za pitanja stvaranja i reprezentacije nacionalnih identiteta u slu\u017ebenim narativima.<\/p>\n\n\n\n<hr class=\"wp-block-separator\"\/>\n\n\n\n<p>Izvor:<\/p>\n\n\n\n<figure class=\"wp-block-embed-wordpress wp-block-embed is-type-wp-embed is-provider-srednja-europa\"><div class=\"wp-block-embed__wrapper\">\n<blockquote class=\"wp-embedded-content\" data-secret=\"EjyWF1VDfg\"><a href=\"https:\/\/srednja-europa.hr\/nove-knjige\/nova-knjiga-uokvirivanje-nacije-i-kolektivni-identiteti\/\">NOVA KNJIGA! UOKVIRIVANJE NACIJE I KOLEKTIVNI IDENTITETI<\/a><\/blockquote><iframe loading=\"lazy\" class=\"wp-embedded-content\" sandbox=\"allow-scripts\" security=\"restricted\" style=\"position: absolute; clip: rect(1px, 1px, 1px, 1px);\" title=\"&#8220;NOVA KNJIGA! UOKVIRIVANJE NACIJE I KOLEKTIVNI IDENTITETI&#8221; &#8212; Srednja Europa\" src=\"https:\/\/srednja-europa.hr\/nove-knjige\/nova-knjiga-uokvirivanje-nacije-i-kolektivni-identiteti\/embed\/#?secret=EjyWF1VDfg\" data-secret=\"EjyWF1VDfg\" width=\"600\" height=\"338\" frameborder=\"0\" marginwidth=\"0\" marginheight=\"0\" scrolling=\"no\"><\/iframe>\n<\/div><\/figure>\n\n\n\n<hr class=\"wp-block-separator\"\/>\n\n\n\n<p>Odjeci:<\/p>\n\n\n\n<p><a href=\"https:\/\/historiografija.ba\/article.php?id=1384\">https:\/\/historiografija.ba\/article.php?id=1384<\/a><\/p>\n\n\n\n<figure class=\"wp-block-embed-wordpress wp-block-embed is-type-wp-embed is-provider-nacional-hr\"><div class=\"wp-block-embed__wrapper\">\n<blockquote class=\"wp-embedded-content\" data-secret=\"sosRd659n3\"><a href=\"https:\/\/www.nacional.hr\/vjeran-pavlakovic-hrvatska-je-duboko-uronjena-u-politiku-sjecanja-vezanu-za-1990-e-ali-i-za-komunizam\/\">VJERAN PAVLAKOVI\u0106: &#8216;Hrvatska je duboko uronjena u politiku sje\u0107anja vezanu za 1990-e, ali i za komunizam&#8217;<\/a><\/blockquote><iframe loading=\"lazy\" class=\"wp-embedded-content\" sandbox=\"allow-scripts\" security=\"restricted\" style=\"position: absolute; clip: rect(1px, 1px, 1px, 1px);\" title=\"&#8220;VJERAN PAVLAKOVI\u0106: &#8216;Hrvatska je duboko uronjena u politiku sje\u0107anja vezanu za 1990-e, ali i za komunizam&#8217;&#8221; &#8212; NACIONAL.HR\" src=\"https:\/\/www.nacional.hr\/vjeran-pavlakovic-hrvatska-je-duboko-uronjena-u-politiku-sjecanja-vezanu-za-1990-e-ali-i-za-komunizam\/embed\/#?secret=sosRd659n3\" data-secret=\"sosRd659n3\" width=\"600\" height=\"338\" frameborder=\"0\" marginwidth=\"0\" marginheight=\"0\" scrolling=\"no\"><\/iframe>\n<\/div><\/figure>\n\n\n\n<hr class=\"wp-block-separator\"\/>\n","protected":false},"excerpt":{"rendered":"","protected":false},"author":2,"featured_media":32968,"comment_status":"open","ping_status":"open","sticky":false,"template":"","format":"standard","meta":{"_acf_changed":false,"jetpack_post_was_ever_published":false,"_jetpack_newsletter_access":"","_jetpack_dont_email_post_to_subs":false,"_jetpack_newsletter_tier_id":0,"_jetpack_memberships_contains_paywalled_content":false,"_jetpack_memberships_contains_paid_content":false,"footnotes":"","jetpack_publicize_message":"","jetpack_publicize_feature_enabled":true,"jetpack_social_post_already_shared":true,"jetpack_social_options":{"image_generator_settings":{"template":"highway","default_image_id":0,"font":"","enabled":false},"version":2}},"categories":[8,3],"tags":[],"class_list":["post-32967","post","type-post","status-publish","format-standard","has-post-thumbnail","hentry","category-knjige","category-novosti"],"acf":{"facebook_opis":""},"jetpack_publicize_connections":[],"jetpack_featured_media_url":"https:\/\/i0.wp.com\/historiografija.hr\/wp-content\/uploads\/2022\/10\/uokvirivanje-nacije-i-kolektivni-identiteti.jpg?fit=570%2C678&ssl=1","jetpack_sharing_enabled":true,"jetpack-related-posts":[],"_links":{"self":[{"href":"https:\/\/historiografija.hr\/index.php?rest_route=\/wp\/v2\/posts\/32967","targetHints":{"allow":["GET"]}}],"collection":[{"href":"https:\/\/historiografija.hr\/index.php?rest_route=\/wp\/v2\/posts"}],"about":[{"href":"https:\/\/historiografija.hr\/index.php?rest_route=\/wp\/v2\/types\/post"}],"author":[{"embeddable":true,"href":"https:\/\/historiografija.hr\/index.php?rest_route=\/wp\/v2\/users\/2"}],"replies":[{"embeddable":true,"href":"https:\/\/historiografija.hr\/index.php?rest_route=%2Fwp%2Fv2%2Fcomments&post=32967"}],"version-history":[{"count":2,"href":"https:\/\/historiografija.hr\/index.php?rest_route=\/wp\/v2\/posts\/32967\/revisions"}],"predecessor-version":[{"id":32970,"href":"https:\/\/historiografija.hr\/index.php?rest_route=\/wp\/v2\/posts\/32967\/revisions\/32970"}],"wp:featuredmedia":[{"embeddable":true,"href":"https:\/\/historiografija.hr\/index.php?rest_route=\/wp\/v2\/media\/32968"}],"wp:attachment":[{"href":"https:\/\/historiografija.hr\/index.php?rest_route=%2Fwp%2Fv2%2Fmedia&parent=32967"}],"wp:term":[{"taxonomy":"category","embeddable":true,"href":"https:\/\/historiografija.hr\/index.php?rest_route=%2Fwp%2Fv2%2Fcategories&post=32967"},{"taxonomy":"post_tag","embeddable":true,"href":"https:\/\/historiografija.hr\/index.php?rest_route=%2Fwp%2Fv2%2Ftags&post=32967"}],"curies":[{"name":"wp","href":"https:\/\/api.w.org\/{rel}","templated":true}]}}