{"id":32958,"date":"2022-10-12T09:42:04","date_gmt":"2022-10-12T09:42:04","guid":{"rendered":"http:\/\/historiografija.hr\/?p=32958"},"modified":"2022-10-12T09:42:04","modified_gmt":"2022-10-12T09:42:04","slug":"franz-kafka-dnevnici-svezak-2-1912-1914","status":"publish","type":"post","link":"https:\/\/historiografija.hr\/?p=32958","title":{"rendered":"Franz Kafka, \u201eDnevnici \u2013 Svezak 2. 1912\u20131914.\u201c"},"content":{"rendered":"\n<p>Iako je Franz Kafka jedan od najve\u0107ih, naj\u010ditanijih i najutjecajnijih autora dvadesetog stolje\u0107a, i danas nam je nedoku\u010div, a njegov \u017eivot i knji\u017eevna ostav\u0161tina podlo\u017eni su raznim interpretacijama. Ovi nam dnevni\u010dki zapisi daju uvid u pravog Kafku, \u010dovjeka iza zagonetnog umjetnika, sa svim svojim osje\u0107ajima, strahovima, ambicijama i sanjarenjima.<\/p>\n\n\n\n<p>Pokrivaju\u0107i razdoblje od 1909. do 1923, samo godinu dana prije autorove prerane smrti, <em>Dnevnici<\/em> nam otvaraju vrata Kafkina svijeta, nude\u0107i nam iznimno zanimljive bilje\u0161ke o kulturnome i dru\u0161tvenom \u017eivotu u Pragu na po\u010detku dvadesetoga stolje\u0107a. Ni\u0161ta manje zanimljivi nisu Kafkini zapisi o osje\u0107ajima prema ocu kojeg je obo\u017eavao i s kojim, zbog ambicija koje je nastojao prenijeti na sina, nije uspio uspostaviti skladne odnose, prema svom prijatelju i biografu Maxu Brodu te prema \u017eeni s kojom se nikad nije vjen\u010dao. Na koncu, fascinantni su i zapisi vlastitih snova iza kojih stoji neprestan osje\u0107aj krivnje i Kafkina borba da se doka\u017ee kao pisac u svijetu vo\u0111enom mra\u010dnim i nepoznatim mehanizmima.<\/p>\n\n\n\n<p><em>Dnevnici <\/em>nisu samo neophodni za razumijevanje Kafke i njegovih romana i pripovijedaka, ve\u0107 su \u010ditak prikaz jednoga nevjerojatno burnog \u017eivota koji nagoni na razmi\u0161ljanje.<\/p>\n\n\n\n<p><em>* * *<\/em><\/p>\n\n\n\n<p><em>Strah od ludila. Vidjeti ludilo u svakom osje\u0107aju koji stremi ravno naprijed i zaboravlja na sve drugo. \u0160to je onda ne-ludilo? Ne-ludilo je stajati pred pragom, prosja\u010dki sa strane ulaza, propadati i sru\u0161iti se. Moraju postojati ludila koja su ve\u0107a od svojih nositelja. Ono odvratno je mo\u017eda napinjanje malih lu\u0111aka u njihovoj velikoj ludosti. No zar za farizeje Isus nije bio u istom tom stanju?<\/em><\/p>\n\n\n\n<p><em>* * *<\/em><\/p>\n\n\n\n<p><em>Kad bih se ubio, sasvim izvjesno nitko ne bi bio kriv, \u010dak ni kada bi na primjer o\u010diti povod bilo pona\u0161anje F. Ve\u0107 sam jednom u polusnu zami\u0161ljao prizor koji bi nastao kada bih, predvi\u0111aju\u0107i kraj, u njezin stan do\u0161ao s opro\u0161tajnim pismom u d\u017eepu, kao prosac bio odbijen, stavio pismo na stol, oti\u0161ao do balkona, otrgnuo se od svih koji hitaju zadr\u017eati me i, spu\u0161taju\u0107i ruke jednu za drugom, presko\u010dio ogradu.<\/em><\/p>\n\n\n\n<p><em>* * *<\/em><\/p>\n\n\n\n<p><em>Sa stajali\u0161ta literature, moja je sudbina posve jednostavna. Smisao za prikazivanje mojega snovitog unutarnjeg \u017eivota potisnuo je sve drugo pa je na stra\u0161an na\u010din zakr\u017eljalo i ne prestaje dalje kr\u017eljati. Ni\u0161ta me drugo ne mo\u017ee zadovoljiti. No moja snaga za to prikazivanje sasvim je neura\u010dunljiva, mo\u017eda je zauvijek nestala, mo\u017eda \u0107e mi opet do\u0107i, no moje \u017eivotne okolnosti za nju nisu povoljne.<\/em><\/p>\n\n\n\n<p><em>* * *<\/em><\/p>\n\n\n\n<p><em>Nema dvojbe da se nalazim u zako\u010denosti koja me potpuno okru\u017euje, ali s kojom jo\u0161 posve izvjesno nisam srastao, primje\u0107ujem da povremeno popu\u0161ta i mogla bi se ukloniti. Dva su na\u010dina, \u017eeniti se ili Berlin, ovo drugo je sigurnije, prvo izravno privla\u010dnije.<\/em><\/p>\n\n\n\n<ul class=\"wp-block-list\"><li><strong>ISBN:<\/strong> 978-953-369-013-1<\/li><li><strong>ISBN cjeline:<\/strong> 978-953-369-004-9<\/li><li><strong>Dimenzije:<\/strong> 142\u00d7205 mm<\/li><li><strong>Broj stranica:<\/strong> 232<\/li><li><strong>Uvez:<\/strong> meki<\/li><li><strong>Godina izdanja:<\/strong> 2022.<\/li><li><strong>Naslov izvornika:<\/strong> Tageb\u00fccher<\/li><li><strong>Jezik izvornika:<\/strong> njema\u010dki<\/li><li><strong>Prijevod:<\/strong> Nade\u017eda \u010ca\u010dinovi\u010d<\/li><\/ul>\n\n\n\n<hr class=\"wp-block-separator\"\/>\n\n\n\n<p>Izvor i dodatne informacije:<\/p>\n\n\n\n<p><a href=\"https:\/\/tim-press.hr\/hr\/knjige\/dnevnici-svezak-2\/\">https:\/\/tim-press.hr\/hr\/knjige\/dnevnici-svezak-2\/<\/a><\/p>\n\n\n\n<hr class=\"wp-block-separator\"\/>\n","protected":false},"excerpt":{"rendered":"","protected":false},"author":2,"featured_media":32959,"comment_status":"open","ping_status":"open","sticky":false,"template":"","format":"standard","meta":{"_acf_changed":false,"jetpack_post_was_ever_published":false,"_jetpack_newsletter_access":"","_jetpack_dont_email_post_to_subs":false,"_jetpack_newsletter_tier_id":0,"_jetpack_memberships_contains_paywalled_content":false,"_jetpack_memberships_contains_paid_content":false,"footnotes":"","jetpack_publicize_message":"","jetpack_publicize_feature_enabled":true,"jetpack_social_post_already_shared":true,"jetpack_social_options":{"image_generator_settings":{"template":"highway","default_image_id":0,"font":"","enabled":false},"version":2}},"categories":[8,3,12],"tags":[],"class_list":["post-32958","post","type-post","status-publish","format-standard","has-post-thumbnail","hentry","category-knjige","category-novosti","category-knjizevnost"],"acf":{"facebook_opis":""},"jetpack_publicize_connections":[],"jetpack_featured_media_url":"https:\/\/i0.wp.com\/historiografija.hr\/wp-content\/uploads\/2022\/10\/kafka_2.jpg?fit=300%2C465&ssl=1","jetpack_sharing_enabled":true,"jetpack-related-posts":[],"_links":{"self":[{"href":"https:\/\/historiografija.hr\/index.php?rest_route=\/wp\/v2\/posts\/32958","targetHints":{"allow":["GET"]}}],"collection":[{"href":"https:\/\/historiografija.hr\/index.php?rest_route=\/wp\/v2\/posts"}],"about":[{"href":"https:\/\/historiografija.hr\/index.php?rest_route=\/wp\/v2\/types\/post"}],"author":[{"embeddable":true,"href":"https:\/\/historiografija.hr\/index.php?rest_route=\/wp\/v2\/users\/2"}],"replies":[{"embeddable":true,"href":"https:\/\/historiografija.hr\/index.php?rest_route=%2Fwp%2Fv2%2Fcomments&post=32958"}],"version-history":[{"count":1,"href":"https:\/\/historiografija.hr\/index.php?rest_route=\/wp\/v2\/posts\/32958\/revisions"}],"predecessor-version":[{"id":32960,"href":"https:\/\/historiografija.hr\/index.php?rest_route=\/wp\/v2\/posts\/32958\/revisions\/32960"}],"wp:featuredmedia":[{"embeddable":true,"href":"https:\/\/historiografija.hr\/index.php?rest_route=\/wp\/v2\/media\/32959"}],"wp:attachment":[{"href":"https:\/\/historiografija.hr\/index.php?rest_route=%2Fwp%2Fv2%2Fmedia&parent=32958"}],"wp:term":[{"taxonomy":"category","embeddable":true,"href":"https:\/\/historiografija.hr\/index.php?rest_route=%2Fwp%2Fv2%2Fcategories&post=32958"},{"taxonomy":"post_tag","embeddable":true,"href":"https:\/\/historiografija.hr\/index.php?rest_route=%2Fwp%2Fv2%2Ftags&post=32958"}],"curies":[{"name":"wp","href":"https:\/\/api.w.org\/{rel}","templated":true}]}}