{"id":32955,"date":"2022-10-12T09:17:09","date_gmt":"2022-10-12T09:17:09","guid":{"rendered":"http:\/\/historiografija.hr\/?p=32955"},"modified":"2022-10-17T13:53:52","modified_gmt":"2022-10-17T13:53:52","slug":"znanstveno-strucni-skup-gorjani-mjesto-ljudi-identitet-bastina","status":"publish","type":"post","link":"https:\/\/historiografija.hr\/?p=32955","title":{"rendered":"Znanstveno-stru\u010dni skup \u201cGorjani \u2013 mjesto, ljudi, identitet, ba\u0161tina\u201d"},"content":{"rendered":"\n<p>U organizaciji Hrvatskog katoli\u010dkog sveu\u010dili\u0161ta, Instituta dru\u0161tvenih znanosti Ivo Pilar, Hrvatskog instituta za povijest, Fakulteta hrvatskih studija Sveu\u010dili\u0161ta u Zagrebu i Hrvatskog restauratorskog zavoda, a pod pokroviteljstvom Op\u0107ine Gorjani, od 19. do 21. listopada 2022. godine u Gorjanima odr\u017eat \u0107e se znanstveno-stru\u010dni skup &#8220;Gorjani \u2013 mjesto, ljudi, identitet, ba\u0161tina&#8221;. Rije\u010d je o danas malom mjestu s izuzetno bogatom povijesnom ba\u0161tinom (plemi\u0107i Gorjanski, Gorjanska bitka s Osmanlijama, ljelje, arheolo\u0161ki lokaliteti). Skup je multidisciplinarnog i interdisciplinarnog karaktera te \u0107e na njemu sudjelovati vi\u0161e od 30 uglednih izlaga\u010da, a prire\u0111ena je i izlo\u017eba \u201eGorjani \u2013 pod suncem, pod zemljom\u201c.<\/p>\n\n\n\n<hr class=\"wp-block-separator\"\/>\n\n\n\n<p><a href=\"https:\/\/www.pilar.hr\/wp-content\/uploads\/2022\/10\/Gorjani_Plakat.pdf\">Plakat skupa<\/a><\/p>\n\n\n\n<p><a href=\"https:\/\/www.pilar.hr\/wp-content\/uploads\/2022\/10\/Gorjani_Program.pdf\">Program skupa<\/a> &nbsp;<\/p>\n\n\n\n<p><a href=\"https:\/\/www.pilar.hr\/wp-content\/uploads\/2022\/10\/GORJANI_ProgramskaKnjizica.pdf\">Programska knji\u017eica<\/a><\/p>\n\n\n\n<hr class=\"wp-block-separator\"\/>\n\n\n\n<p>Izvori i dodatne informacije:<\/p>\n\n\n\n<figure class=\"wp-block-embed-wordpress wp-block-embed is-type-wp-embed is-provider-institut-drustvenih-znanosti-ivo-pilar\"><div class=\"wp-block-embed__wrapper\">\n<blockquote class=\"wp-embedded-content\" data-secret=\"kwjtzpcHL4\"><a href=\"https:\/\/www.pilar.hr\/2022\/10\/znanstveno-strucni-skup-gorjani-mjesto-ljudi-identitet-bastina-gorjani-9-21-10-2022\/\">Znanstveno-stru\u010dni skup &#8220;Gorjani &#8211; mjesto, ljudi, identitet, ba\u0161tina&#8221;; Gorjani, 9.-21. 10. 2022.<\/a><\/blockquote><iframe loading=\"lazy\" class=\"wp-embedded-content\" sandbox=\"allow-scripts\" security=\"restricted\" style=\"position: absolute; clip: rect(1px, 1px, 1px, 1px);\" title=\"&#8220;Znanstveno-stru\u010dni skup &#8220;Gorjani &#8211; mjesto, ljudi, identitet, ba\u0161tina&#8221;; Gorjani, 9.-21. 10. 2022.&#8221; &#8212; Institut dru\u0161tvenih znanosti Ivo Pilar\" src=\"https:\/\/www.pilar.hr\/2022\/10\/znanstveno-strucni-skup-gorjani-mjesto-ljudi-identitet-bastina-gorjani-9-21-10-2022\/embed\/#?secret=tnYB5MWSzl#?secret=kwjtzpcHL4\" data-secret=\"kwjtzpcHL4\" width=\"600\" height=\"338\" frameborder=\"0\" marginwidth=\"0\" marginheight=\"0\" scrolling=\"no\"><\/iframe>\n<\/div><\/figure>\n\n\n\n<p><a href=\"https:\/\/www.gorjani.hr\/\">https:\/\/www.gorjani.hr\/<\/a><\/p>\n\n\n\n<hr class=\"wp-block-separator\"\/>\n\n\n\n<p><a href=\"https:\/\/www.unicath.hr\/hks-najave\/znanstveno-strucni-skup-gorjani-mjesto-ljudi-identitet-bastina\">https:\/\/www.unicath.hr\/hks-najave\/znanstveno-strucni-skup-gorjani-mjesto-ljudi-identitet-bastina<\/a><\/p>\n\n\n\n<p><a href=\"http:\/\/www.isp.hr\/gorjani-mjesto-ljudi-identitet-bastina\/\">http:\/\/www.isp.hr\/gorjani-mjesto-ljudi-identitet-bastina\/<\/a><\/p>\n\n\n\n<figure class=\"wp-block-embed-wordpress wp-block-embed is-type-wp-embed is-provider-hrvatski-institut-za-povijest\"><div class=\"wp-block-embed__wrapper\">\n<blockquote class=\"wp-embedded-content\" data-secret=\"9Rq4XGnTdo\"><a href=\"http:\/\/hipsb.hr\/najava-znanstveno-strucni-skup-gorjani-mjesto-ljudi-identitet-bastina\/\">NAJAVA: Znanstveno-stru\u010dni skup \u00bbGORJANI \u2013 MJESTO, LJUDI, IDENTITET, BA\u0160TINA, \u00ab<\/a><\/blockquote><iframe loading=\"lazy\" class=\"wp-embedded-content\" sandbox=\"allow-scripts\" security=\"restricted\" style=\"position: absolute; clip: rect(1px, 1px, 1px, 1px);\" title=\"&#8220;NAJAVA: Znanstveno-stru\u010dni skup \u00bbGORJANI \u2013 MJESTO, LJUDI, IDENTITET, BA\u0160TINA, \u00ab&#8221; &#8212; Hrvatski institut za povijest\" src=\"http:\/\/hipsb.hr\/najava-znanstveno-strucni-skup-gorjani-mjesto-ljudi-identitet-bastina\/embed\/#?secret=9Rq4XGnTdo\" data-secret=\"9Rq4XGnTdo\" width=\"600\" height=\"338\" frameborder=\"0\" marginwidth=\"0\" marginheight=\"0\" scrolling=\"no\"><\/iframe>\n<\/div><\/figure>\n\n\n\n<hr class=\"wp-block-separator\"\/>\n","protected":false},"excerpt":{"rendered":"","protected":false},"author":2,"featured_media":32956,"comment_status":"open","ping_status":"open","sticky":false,"template":"","format":"standard","meta":{"_acf_changed":false,"jetpack_post_was_ever_published":false,"_jetpack_newsletter_access":"","_jetpack_dont_email_post_to_subs":false,"_jetpack_newsletter_tier_id":0,"_jetpack_memberships_contains_paywalled_content":false,"_jetpack_memberships_contains_paid_content":false,"footnotes":"","jetpack_publicize_message":"","jetpack_publicize_feature_enabled":true,"jetpack_social_post_already_shared":true,"jetpack_social_options":{"image_generator_settings":{"template":"highway","default_image_id":0,"font":"","enabled":false},"version":2}},"categories":[3,9],"tags":[],"class_list":["post-32955","post","type-post","status-publish","format-standard","has-post-thumbnail","hentry","category-novosti","category-skupovi"],"acf":{"facebook_opis":""},"jetpack_publicize_connections":[],"jetpack_featured_media_url":"https:\/\/i0.wp.com\/historiografija.hr\/wp-content\/uploads\/2022\/10\/Gorjani.jpg?fit=620%2C859&ssl=1","jetpack_sharing_enabled":true,"jetpack-related-posts":[],"_links":{"self":[{"href":"https:\/\/historiografija.hr\/index.php?rest_route=\/wp\/v2\/posts\/32955","targetHints":{"allow":["GET"]}}],"collection":[{"href":"https:\/\/historiografija.hr\/index.php?rest_route=\/wp\/v2\/posts"}],"about":[{"href":"https:\/\/historiografija.hr\/index.php?rest_route=\/wp\/v2\/types\/post"}],"author":[{"embeddable":true,"href":"https:\/\/historiografija.hr\/index.php?rest_route=\/wp\/v2\/users\/2"}],"replies":[{"embeddable":true,"href":"https:\/\/historiografija.hr\/index.php?rest_route=%2Fwp%2Fv2%2Fcomments&post=32955"}],"version-history":[{"count":2,"href":"https:\/\/historiografija.hr\/index.php?rest_route=\/wp\/v2\/posts\/32955\/revisions"}],"predecessor-version":[{"id":33021,"href":"https:\/\/historiografija.hr\/index.php?rest_route=\/wp\/v2\/posts\/32955\/revisions\/33021"}],"wp:featuredmedia":[{"embeddable":true,"href":"https:\/\/historiografija.hr\/index.php?rest_route=\/wp\/v2\/media\/32956"}],"wp:attachment":[{"href":"https:\/\/historiografija.hr\/index.php?rest_route=%2Fwp%2Fv2%2Fmedia&parent=32955"}],"wp:term":[{"taxonomy":"category","embeddable":true,"href":"https:\/\/historiografija.hr\/index.php?rest_route=%2Fwp%2Fv2%2Fcategories&post=32955"},{"taxonomy":"post_tag","embeddable":true,"href":"https:\/\/historiografija.hr\/index.php?rest_route=%2Fwp%2Fv2%2Ftags&post=32955"}],"curies":[{"name":"wp","href":"https:\/\/api.w.org\/{rel}","templated":true}]}}