{"id":32946,"date":"2022-10-12T08:55:14","date_gmt":"2022-10-12T08:55:14","guid":{"rendered":"http:\/\/historiografija.hr\/?p=32946"},"modified":"2022-10-12T08:57:32","modified_gmt":"2022-10-12T08:57:32","slug":"medunarodni-znanstveni-skup-glagoljastvo-bastina-tradicija-inovacija","status":"publish","type":"post","link":"https:\/\/historiografija.hr\/?p=32946","title":{"rendered":"Me\u0111unarodni znanstveni skup \u00bbGlagolja\u0161tvo \u2013 ba\u0161tina, tradicija, inovacija\u00ab"},"content":{"rendered":"\n<p>Hrvatsko glagolja\u0161tvo, kao jedinstveni odvjetak \u0107irilometodske ba\u0161tine me\u0111u Hrvatima, jedna je od temeljnih sastavnica hrvatskoga kulturnog identiteta i jedan od najbogatijih segmenata hrvatskoga doprinosa europskoj kulturnoj povijesti.<\/p>\n\n\n\n<p>Vi\u0161e od tisu\u0107lje\u0107a dugoj hrvatskoglagoljskoj povijesti posve\u0107en je me\u0111unarodni znanstveni skup \u00bbGlagolja\u0161tvo \u2013 ba\u0161tina, tradicija i inovacija\u00ab (<a href=\"https:\/\/stin.hr\/glagoljastvo2022\/\">https:\/\/stin.hr\/glagoljastvo2022\/<\/a>), koji \u0107e se odr\u017eati u Krku na otoku Krku, kolijevci hrvatskoga glagolja\u0161tva, od 20. do 22. listopada 2022. godine.<\/p>\n\n\n\n<p>Skup je organiziran u povodu 120. obljetnice osnutka Staroslavenske akademije u Krku i 70. obljetnice postojanja njezina sljednika Staroslavenskoga instituta u Zagrebu (<a href=\"https:\/\/stin.hr\/\">https:\/\/stin.hr\/<\/a>), sredi\u0161nje hrvatske akademske ustanove za istra\u017eivanje hrvatske glagoljice i glagolja\u0161tva.<\/p>\n\n\n\n<p>U tri radna dana 78 znanstvenika iz 12 zemalja (Hrvatske, Bosne i Hercegovine, \u010ce\u0161ke, Bugarske, Makedonije, Rusije, Austrije, Njema\u010dke, \u0160vedske, Italije, Vatikana i SAD-a) predstavit \u0107e rezultate svojih najnovijih istra\u017eivanja o hrvatskoglagoljskoj i \u0161iroj \u0107irilometodskoj ba\u0161tini. Nema sumnje da \u0107e i ovogodi\u0161nji slavljeni\u010dki skup, kao i oni prije njega (1992., 2002., 2012.), otkriti nove dosege hrvatskih glagolja\u0161a, rasvijetliti dubinu njihove uronjenosti u (crkveno)slavensko, mediteransko i europsko kulturno naslje\u0111e te pru\u017eiti uvid u potencijal njihove ba\u0161tine u sada\u0161njosti i budu\u0107nosti.<\/p>\n\n\n\n<p>Skup u\u017eiva visoko pokroviteljstvo Hrvatskoga sabora te financijsku podr\u0161ku Grada Krka, Ministarstva znanosti i obrazovanja te Primorsko-goranske \u017eupanije.<\/p>\n\n\n\n<p>Organizatori su skupa Staroslavenski institut, Kr\u010dka biskupija, Katoli\u010dki bogoslovni fakultet Sveu\u010dili\u0161ta u Zagrebu, Znanstveni centar izvrsnosti za hrvatsko glagolja\u0161tvo pri Staroslavenskom institutu te Slovansk\u00fd \u00fastav Akademie v\u011bd \u010cesk\u00e9 republiky.<\/p>\n\n\n\n<hr class=\"wp-block-separator\"\/>\n\n\n\n<div class=\"wp-block-file\"><a href=\"https:\/\/historiografija.hr\/wp-content\/uploads\/2022\/10\/PROGRAM_skupa_f.pdf\">PROGRAM_skupa_f<\/a><a href=\"https:\/\/historiografija.hr\/wp-content\/uploads\/2022\/10\/PROGRAM_skupa_f.pdf\" class=\"wp-block-file__button\" download>Preuzmi<\/a><\/div>\n\n\n\n<hr class=\"wp-block-separator\"\/>\n\n\n\n<figure data-wp-context=\"{&quot;imageId&quot;:&quot;6a98e25b32a3b&quot;}\" data-wp-interactive=\"core\/image\" data-wp-key=\"6a98e25b32a3b\" class=\"wp-block-image size-large wp-lightbox-container\"><img data-recalc-dims=\"1\" loading=\"lazy\" decoding=\"async\" width=\"723\" height=\"1024\" data-attachment-id=\"32948\" data-permalink=\"https:\/\/historiografija.hr\/?attachment_id=32948\" data-orig-file=\"https:\/\/i0.wp.com\/historiografija.hr\/wp-content\/uploads\/2022\/10\/Plakat_Glagoljastvo_2022.jpg?fit=1200%2C1700&amp;ssl=1\" data-orig-size=\"1200,1700\" data-comments-opened=\"1\" data-image-meta=\"{&quot;aperture&quot;:&quot;0&quot;,&quot;credit&quot;:&quot;&quot;,&quot;camera&quot;:&quot;&quot;,&quot;caption&quot;:&quot;&quot;,&quot;created_timestamp&quot;:&quot;0&quot;,&quot;copyright&quot;:&quot;&quot;,&quot;focal_length&quot;:&quot;0&quot;,&quot;iso&quot;:&quot;0&quot;,&quot;shutter_speed&quot;:&quot;0&quot;,&quot;title&quot;:&quot;&quot;,&quot;orientation&quot;:&quot;0&quot;}\" data-image-title=\"Plakat_Glagoljastvo_2022\" data-image-description=\"\" data-image-caption=\"\" data-large-file=\"https:\/\/i0.wp.com\/historiografija.hr\/wp-content\/uploads\/2022\/10\/Plakat_Glagoljastvo_2022.jpg?fit=723%2C1024&amp;ssl=1\" data-wp-class--hide=\"state.isContentHidden\" data-wp-class--show=\"state.isContentVisible\" data-wp-init=\"callbacks.setButtonStyles\" data-wp-on--click=\"actions.showLightbox\" data-wp-on--load=\"callbacks.setButtonStyles\" data-wp-on-window--resize=\"callbacks.setButtonStyles\" src=\"https:\/\/i0.wp.com\/historiografija.hr\/wp-content\/uploads\/2022\/10\/Plakat_Glagoljastvo_2022.jpg?resize=723%2C1024&#038;ssl=1\" alt=\"\" class=\"wp-image-32948\" srcset=\"https:\/\/i0.wp.com\/historiografija.hr\/wp-content\/uploads\/2022\/10\/Plakat_Glagoljastvo_2022.jpg?resize=723%2C1024&amp;ssl=1 723w, https:\/\/i0.wp.com\/historiografija.hr\/wp-content\/uploads\/2022\/10\/Plakat_Glagoljastvo_2022.jpg?resize=212%2C300&amp;ssl=1 212w, https:\/\/i0.wp.com\/historiografija.hr\/wp-content\/uploads\/2022\/10\/Plakat_Glagoljastvo_2022.jpg?resize=768%2C1088&amp;ssl=1 768w, https:\/\/i0.wp.com\/historiografija.hr\/wp-content\/uploads\/2022\/10\/Plakat_Glagoljastvo_2022.jpg?resize=1084%2C1536&amp;ssl=1 1084w, https:\/\/i0.wp.com\/historiografija.hr\/wp-content\/uploads\/2022\/10\/Plakat_Glagoljastvo_2022.jpg?w=1200&amp;ssl=1 1200w\" sizes=\"auto, (max-width: 723px) 100vw, 723px\" \/><button\n\t\t\tclass=\"lightbox-trigger\"\n\t\t\ttype=\"button\"\n\t\t\taria-haspopup=\"dialog\"\n\t\t\taria-label=\"Uve\u0107aj\"\n\t\t\tdata-wp-init=\"callbacks.initTriggerButton\"\n\t\t\tdata-wp-on--click=\"actions.showLightbox\"\n\t\t\tdata-wp-style--right=\"state.imageButtonRight\"\n\t\t\tdata-wp-style--top=\"state.imageButtonTop\"\n\t\t>\n\t\t\t<svg xmlns=\"http:\/\/www.w3.org\/2000\/svg\" width=\"12\" height=\"12\" fill=\"none\" viewBox=\"0 0 12 12\">\n\t\t\t\t<path fill=\"#fff\" d=\"M2 0a2 2 0 0 0-2 2v2h1.5V2a.5.5 0 0 1 .5-.5h2V0H2Zm2 10.5H2a.5.5 0 0 1-.5-.5V8H0v2a2 2 0 0 0 2 2h2v-1.5ZM8 12v-1.5h2a.5.5 0 0 0 .5-.5V8H12v2a2 2 0 0 1-2 2H8Zm2-12a2 2 0 0 1 2 2v2h-1.5V2a.5.5 0 0 0-.5-.5H8V0h2Z\" \/>\n\t\t\t<\/svg>\n\t\t<\/button><\/figure>\n\n\n\n<hr class=\"wp-block-separator\"\/>\n","protected":false},"excerpt":{"rendered":"","protected":false},"author":2,"featured_media":32948,"comment_status":"open","ping_status":"open","sticky":false,"template":"","format":"standard","meta":{"_acf_changed":false,"_jetpack_newsletter_access":"","_jetpack_dont_email_post_to_subs":false,"_jetpack_newsletter_tier_id":0,"_jetpack_memberships_contains_paywalled_content":false,"_jetpack_memberships_contains_paid_content":false,"footnotes":"","jetpack_publicize_message":"","jetpack_publicize_feature_enabled":true,"jetpack_social_post_already_shared":true,"jetpack_social_options":{"image_generator_settings":{"template":"highway","default_image_id":0,"font":"","enabled":false},"version":2},"jetpack_post_was_ever_published":false},"categories":[3,9],"tags":[],"class_list":["post-32946","post","type-post","status-publish","format-standard","has-post-thumbnail","hentry","category-novosti","category-skupovi"],"acf":{"facebook_opis":""},"jetpack_publicize_connections":[],"jetpack_featured_media_url":"https:\/\/i0.wp.com\/historiografija.hr\/wp-content\/uploads\/2022\/10\/Plakat_Glagoljastvo_2022.jpg?fit=1200%2C1700&ssl=1","jetpack_sharing_enabled":true,"jetpack-related-posts":[{"id":53194,"url":"https:\/\/historiografija.hr\/?p=53194","url_meta":{"origin":32946,"position":0},"title":"U HAZU znanstveni skup u povodu 100. godi\u0161njice smrti akademika Mije Ki\u0161pati\u0107a","author":"Branimir Jankovi\u0107","date":"12. svibnja 2026.","format":false,"excerpt":"Hrvatska akademija znanosti i umjetnosti prire\u0111uje prigodni znanstveni skup u povodu 100. godi\u0161njice smrti akademika Mije Ki\u0161pati\u0107a, istaknutoga hrvatskog prirodoslovca, sveu\u010dili\u0161noga profesora i redovitoga \u010dlana Akademije. Obilje\u017eavanjem ove obljetnice Akademija odaje po\u010dast znanstveniku koji je svojim djelovanjem trajno obilje\u017eio razvoj hrvatskih prirodnih znanosti te zauzeo istaknuto mjesto u nacionalnoj znanstvenoj\u2026","rel":"","context":"U &quot;Novosti&quot;","block_context":{"text":"Novosti","link":"https:\/\/historiografija.hr\/?cat=3"},"img":{"alt_text":"","src":"https:\/\/i0.wp.com\/historiografija.hr\/wp-content\/uploads\/2026\/05\/Mijo-Kispatic.png?fit=398%2C500&ssl=1&resize=350%2C200","width":350,"height":200},"classes":[]},{"id":53619,"url":"https:\/\/historiografija.hr\/?p=53619","url_meta":{"origin":32946,"position":1},"title":"U HAZU me\u0111unarodni znanstveni skup Borba protiv tuberkuloze: politike, razmjene i reprezentacije u Europi i njezinim kolonijama od 1850-ih do 1970-ih","author":"Branimir Jankovi\u0107","date":"22. svibnja 2026.","format":false,"excerpt":"U organizaciji Zavoda za povijest i filozofiju znanosti Hrvatske akademije znanosti i umjetnosti i pod pokroviteljstvom Razreda za medicinske znanosti HAZU, u utorak 26. svibnja 2026. u Knji\u017enici HAZU od 9 do 18 sati odr\u017eat \u0107e se\u00a0me\u0111unarodni znanstveni skup The Fight against Tuberculosis: Policies, Exchanges and Representations in Europe and\u2026","rel":"","context":"U &quot;Novosti&quot;","block_context":{"text":"Novosti","link":"https:\/\/historiografija.hr\/?cat=3"},"img":{"alt_text":"","src":"https:\/\/i0.wp.com\/historiografija.hr\/wp-content\/uploads\/2026\/05\/vagonasi.jpg?fit=1200%2C911&ssl=1&resize=350%2C200","width":350,"height":200,"srcset":"https:\/\/i0.wp.com\/historiografija.hr\/wp-content\/uploads\/2026\/05\/vagonasi.jpg?fit=1200%2C911&ssl=1&resize=350%2C200 1x, https:\/\/i0.wp.com\/historiografija.hr\/wp-content\/uploads\/2026\/05\/vagonasi.jpg?fit=1200%2C911&ssl=1&resize=525%2C300 1.5x, https:\/\/i0.wp.com\/historiografija.hr\/wp-content\/uploads\/2026\/05\/vagonasi.jpg?fit=1200%2C911&ssl=1&resize=700%2C400 2x, https:\/\/i0.wp.com\/historiografija.hr\/wp-content\/uploads\/2026\/05\/vagonasi.jpg?fit=1200%2C911&ssl=1&resize=1050%2C600 3x"},"classes":[]},{"id":52830,"url":"https:\/\/historiografija.hr\/?p=52830","url_meta":{"origin":32946,"position":2},"title":"Znanstveni skup \u201eFa\u0161izam: teorija i povijest jedne ideje\u201c","author":"Filip \u0160imunjak","date":"5. svibnja 2026.","format":false,"excerpt":"U sklopu Festivala povijesti Kliofest, u petak 8. svibnja, s po\u010detkom u 12 sati u Knji\u017enici Fakulteta hrvatskih studija Sveu\u010dili\u0161ta u Zagrebu (Borongajska cesta 83d), odr\u017eava se me\u0111unarodni znanstveni skup \u201eFa\u0161izam: teorija i povijest jedne ideje\u201c. Rije\u010d je o \u010detvrtom u nizu interdisciplinarnih znanstvenih skupova koji se svake godine posve\u0107uju\u2026","rel":"","context":"U &quot;Novosti&quot;","block_context":{"text":"Novosti","link":"https:\/\/historiografija.hr\/?cat=3"},"img":{"alt_text":"","src":"https:\/\/i0.wp.com\/historiografija.hr\/wp-content\/uploads\/2026\/05\/Fasizam-teorija-i-povijest-jedne-ideje.jpg?fit=1069%2C800&ssl=1&resize=350%2C200","width":350,"height":200,"srcset":"https:\/\/i0.wp.com\/historiografija.hr\/wp-content\/uploads\/2026\/05\/Fasizam-teorija-i-povijest-jedne-ideje.jpg?fit=1069%2C800&ssl=1&resize=350%2C200 1x, https:\/\/i0.wp.com\/historiografija.hr\/wp-content\/uploads\/2026\/05\/Fasizam-teorija-i-povijest-jedne-ideje.jpg?fit=1069%2C800&ssl=1&resize=525%2C300 1.5x, https:\/\/i0.wp.com\/historiografija.hr\/wp-content\/uploads\/2026\/05\/Fasizam-teorija-i-povijest-jedne-ideje.jpg?fit=1069%2C800&ssl=1&resize=700%2C400 2x, https:\/\/i0.wp.com\/historiografija.hr\/wp-content\/uploads\/2026\/05\/Fasizam-teorija-i-povijest-jedne-ideje.jpg?fit=1069%2C800&ssl=1&resize=1050%2C600 3x"},"classes":[]},{"id":54849,"url":"https:\/\/historiografija.hr\/?p=54849","url_meta":{"origin":32946,"position":3},"title":"Glazbeno-scenska ve\u010der i predstavljanje knjige &#8220;OD HRVATSKOGA KRALJEVSTVA DO LIJEPE NA\u0160E&#8221;","author":"Branimir Jankovi\u0107","date":"31. srpnja 2026.","format":false,"excerpt":"Ogranak Matice hrvatske u Trogiru i\u201eRadovan\u201c dru\u0161tvo za za\u0161titu kulturnih dobara Trogira s rado\u0161\u0107u vas pozivaju na glazbeno-scensku ve\u010der i predstavljanje knjige OD HRVATSKOGA KRALJEVSTVA DO LIJEPE NA\u0160E Sudjeluju:Vlatko Belas, baritonBarbara Gari\u0107, sopranprof. Ratko Bartulovi\u0107, glazbenikNik\u0161a Buble, recitatori autori knjige dr. sc. Danka Radi\u0107 i Radovan Slade-\u0160ilovi\u0107 Radujemo se Va\u0161em\u2026","rel":"","context":"U &quot;Novosti&quot;","block_context":{"text":"Novosti","link":"https:\/\/historiografija.hr\/?cat=3"},"img":{"alt_text":"","src":"https:\/\/i0.wp.com\/historiografija.hr\/wp-content\/uploads\/2026\/07\/od_hrvatskog_kraljevstva_do_lijepe_nase.jpg?fit=596%2C467&ssl=1&resize=350%2C200","width":350,"height":200,"srcset":"https:\/\/i0.wp.com\/historiografija.hr\/wp-content\/uploads\/2026\/07\/od_hrvatskog_kraljevstva_do_lijepe_nase.jpg?fit=596%2C467&ssl=1&resize=350%2C200 1x, https:\/\/i0.wp.com\/historiografija.hr\/wp-content\/uploads\/2026\/07\/od_hrvatskog_kraljevstva_do_lijepe_nase.jpg?fit=596%2C467&ssl=1&resize=525%2C300 1.5x"},"classes":[]},{"id":52887,"url":"https:\/\/historiografija.hr\/?p=52887","url_meta":{"origin":32946,"position":4},"title":"Znanstveni skup \u201eKalnik ju\u010der, danas, sutra\u201c","author":"Filip \u0160imunjak","date":"6. svibnja 2026.","format":false,"excerpt":"U Planinarskom domu Kalnik (Planinarac) u petak 8. svibnja 2026. odr\u017eat \u0107e se znanstveno-stru\u010dni skup \u201eKalnik ju\u010der, danas, sutra\u201c, koji okuplja znanstvenike, stru\u010dnjake i razvojne dionike s ciljem predstavljanja najnovijih istra\u017eivanja o Kalniku te otvaranja pitanja njegove obnove, valorizacije i budu\u0107e uloge u regionalnom razvoju. Program skupa strukturiran je kroz\u2026","rel":"","context":"U &quot;Novosti&quot;","block_context":{"text":"Novosti","link":"https:\/\/historiografija.hr\/?cat=3"},"img":{"alt_text":"","src":"https:\/\/i0.wp.com\/historiografija.hr\/wp-content\/uploads\/2026\/05\/Kalnik-skup-2026.jpg?fit=1200%2C675&ssl=1&resize=350%2C200","width":350,"height":200,"srcset":"https:\/\/i0.wp.com\/historiografija.hr\/wp-content\/uploads\/2026\/05\/Kalnik-skup-2026.jpg?fit=1200%2C675&ssl=1&resize=350%2C200 1x, https:\/\/i0.wp.com\/historiografija.hr\/wp-content\/uploads\/2026\/05\/Kalnik-skup-2026.jpg?fit=1200%2C675&ssl=1&resize=525%2C300 1.5x, https:\/\/i0.wp.com\/historiografija.hr\/wp-content\/uploads\/2026\/05\/Kalnik-skup-2026.jpg?fit=1200%2C675&ssl=1&resize=700%2C400 2x, https:\/\/i0.wp.com\/historiografija.hr\/wp-content\/uploads\/2026\/05\/Kalnik-skup-2026.jpg?fit=1200%2C675&ssl=1&resize=1050%2C600 3x"},"classes":[]},{"id":54563,"url":"https:\/\/historiografija.hr\/?p=54563","url_meta":{"origin":32946,"position":5},"title":"International workshop \u201cIntellectual History of Antifascism: Women\u2019s Responses to the Rise of Fascism and Nazism\u201d","author":"Branimir Jankovi\u0107","date":"13. srpnja 2026.","format":false,"excerpt":"U Pragu je 4. i 5. lipnja 2026. odr\u017ean me\u0111unarodni znanstveni skup \u201cIntellectual History of Antifascism: Women\u2019s Responses to the Rise of Fascism and Nazism\u201d, s nekoliko izlaganja na teme iz povijesti Jugoslavije. Op\u0161irnije: https:\/\/www.usd.cas.cz\/aktuality\/intellectual-history-of-antifascism-womens-responses-to-the-rise-of-fascism-and-nazism\/ https:\/\/inz.si\/en\/2026\/06\/17\/international-workshop-intellectual-history-of-antifascism-womens-responses-to-the-rise-of-fascism-and-nazism\/","rel":"","context":"U &quot;Novosti&quot;","block_context":{"text":"Novosti","link":"https:\/\/historiografija.hr\/?cat=3"},"img":{"alt_text":"","src":"https:\/\/i0.wp.com\/historiografija.hr\/wp-content\/uploads\/2026\/07\/Prague.jpg?fit=1200%2C1000&ssl=1&resize=350%2C200","width":350,"height":200,"srcset":"https:\/\/i0.wp.com\/historiografija.hr\/wp-content\/uploads\/2026\/07\/Prague.jpg?fit=1200%2C1000&ssl=1&resize=350%2C200 1x, https:\/\/i0.wp.com\/historiografija.hr\/wp-content\/uploads\/2026\/07\/Prague.jpg?fit=1200%2C1000&ssl=1&resize=525%2C300 1.5x, https:\/\/i0.wp.com\/historiografija.hr\/wp-content\/uploads\/2026\/07\/Prague.jpg?fit=1200%2C1000&ssl=1&resize=700%2C400 2x, https:\/\/i0.wp.com\/historiografija.hr\/wp-content\/uploads\/2026\/07\/Prague.jpg?fit=1200%2C1000&ssl=1&resize=1050%2C600 3x"},"classes":[]}],"_links":{"self":[{"href":"https:\/\/historiografija.hr\/index.php?rest_route=\/wp\/v2\/posts\/32946","targetHints":{"allow":["GET"]}}],"collection":[{"href":"https:\/\/historiografija.hr\/index.php?rest_route=\/wp\/v2\/posts"}],"about":[{"href":"https:\/\/historiografija.hr\/index.php?rest_route=\/wp\/v2\/types\/post"}],"author":[{"embeddable":true,"href":"https:\/\/historiografija.hr\/index.php?rest_route=\/wp\/v2\/users\/2"}],"replies":[{"embeddable":true,"href":"https:\/\/historiografija.hr\/index.php?rest_route=%2Fwp%2Fv2%2Fcomments&post=32946"}],"version-history":[{"count":3,"href":"https:\/\/historiografija.hr\/index.php?rest_route=\/wp\/v2\/posts\/32946\/revisions"}],"predecessor-version":[{"id":32951,"href":"https:\/\/historiografija.hr\/index.php?rest_route=\/wp\/v2\/posts\/32946\/revisions\/32951"}],"wp:featuredmedia":[{"embeddable":true,"href":"https:\/\/historiografija.hr\/index.php?rest_route=\/wp\/v2\/media\/32948"}],"wp:attachment":[{"href":"https:\/\/historiografija.hr\/index.php?rest_route=%2Fwp%2Fv2%2Fmedia&parent=32946"}],"wp:term":[{"taxonomy":"category","embeddable":true,"href":"https:\/\/historiografija.hr\/index.php?rest_route=%2Fwp%2Fv2%2Fcategories&post=32946"},{"taxonomy":"post_tag","embeddable":true,"href":"https:\/\/historiografija.hr\/index.php?rest_route=%2Fwp%2Fv2%2Ftags&post=32946"}],"curies":[{"name":"wp","href":"https:\/\/api.w.org\/{rel}","templated":true}]}}