{"id":32943,"date":"2022-10-11T21:27:48","date_gmt":"2022-10-11T21:27:48","guid":{"rendered":"http:\/\/historiografija.hr\/?p=32943"},"modified":"2022-10-11T21:27:48","modified_gmt":"2022-10-11T21:27:48","slug":"symposium-zum-gedenken-an-historiker-thomas-welskopp","status":"publish","type":"post","link":"https:\/\/historiografija.hr\/?p=32943","title":{"rendered":"Symposium zum Gedenken an Historiker Thomas Welskopp"},"content":{"rendered":"\n<p>U Bielefeldu \u0107e se 13. i 14. listopada 2022. odr\u017eati simpozij u spomen povjesni\u010daru Thomasu Welskoppu (1961-2021) koji je svojim radovima o povijesti rada, kapitalizma i potro\u0161a\u010dkog dru\u0161tva te teoriji povijesti utjecao na obnavljanje poznate tradicije bielefeldske socijalne historije.<\/p>\n\n\n\n<hr class=\"wp-block-separator\"\/>\n\n\n\n<p><strong>Fakult\u00e4t l\u00e4dt zu Konferenz ins Zentrum f\u00fcr interdisziplin\u00e4re Forschung ein<\/strong><\/p>\n\n\n\n<p><strong>Zum Gedenken an den verstorbenen Historiker Professor Dr. Thomas Welskopp richtet die Fakult\u00e4t f\u00fcr Geschichtswissenschaft, Philosophie und Theologie am 13. und 14. Oktober eine wissenschaftliche Tagung aus. Welskopp war Professor f\u00fcr Allgemeine Geschichte unter besonderer Ber\u00fccksichtigung der Geschichte moderner Gesellschaften. Der Historiker galt als wichtiger Erneuerer der Sozialgeschichte Bielefelder Pr\u00e4gung. Am 19. August 2021 verstarb er im Alter von 59 Jahren. Um ihn und sein Lebenswerk zu w\u00fcrdigen, l\u00e4dt seine Fakult\u00e4t zu einer akademischen Gedenkfeier in das Zentrum f\u00fcr interdisziplin\u00e4re Forschung (ZiF) der Universit\u00e4t Bielefeld ein. Interessierte k\u00f6nnen das Symposium online verfolgen.<\/strong><\/p>\n\n\n\n<p>Die Gedenkfeier soll Freund*innen, Kolleg*innen, Mitarbeiter*innen, Doktorand*innen, Studierenden und fr\u00fcheren Wegbegleiter*innen von Welskopp einen Rahmen bieten, sich \u00fcber seinen intellektuellen Nachlass auszutauschen. Dazu sind zwei Podiumsdiskussionen und drei Vortr\u00e4ge geplant.<\/p>\n\n\n\n<p>Kolleg*innen und Freund*innen wollten Thomas Welskopp zu seinem sechzigsten Geburtstag mit einer Festschrift \u00fcberraschen. Etwa zwei Wochen vor dem Geburtstag verstarb Welskopp. In dem Buch setzen sich die Autor*innen mit der thematischen Breite seiner Forschungsans\u00e4tze auseinander. Das Buch ist inzwischen als Gedenkschrift erschienen \u2013 einzelne Beitr\u00e4ge werden auf dem Symposium vorgestellt. Der Band tr\u00e4gt den Titel \u201eEntbehrung und Erf\u00fcllung. Praktiken von Arbeit, K\u00f6rper und Konsum in der Geschichte moderner Gesellschaften\u201c.<\/p>\n\n\n\n<p>Thomas Welskopp hat der Geschichtswissenschaft wichtige Impulse gegeben.&nbsp; Seine methodisch reflektierten und zugleich empirisch fundierten Arbeiten widmeten sich vor allem einer weitgefassten Geschichte der Arbeit, der Konsum- und Kapitalismusgeschichte sowie der Geschichtstheorie. Durch sein Wirken hat er auch die Universit\u00e4t Bielefeld ma\u00dfgeblich gepr\u00e4gt. So z\u00e4hlte Thomas Welskopp zu den Initiator*innen der Bielefeld Graduate School in History and Sociology (Bielefelder Graduiertenschule f\u00fcr Geschichte und Soziologie, BGHS) und war langj\u00e4hriger Direktor der Einrichtung. Zus\u00e4tzlich hat er sich f\u00fcr den wissenschaftlichen Nachwuchs eingesetzt, zahlreiche Promovierende betreute er auf dem Weg in die wissenschaftliche Laufbahn.<\/p>\n\n\n\n<p>Thomas Welskopp engagierte sich auch gesellschaftspolitisch und machte sich f\u00fcr die Erinnerungskultur stark. So setzte er sich mit weiteren Akteur*innen f\u00fcr den Ausbau der Gedenkst\u00e4tte \u201eKriegsgefangenenlager Stalag 326\u201c zu einem europ\u00e4ischen Erinnerungsort ein. 2020 war er einer der Leiter*innen eines Symposiums, das sich der Aufarbeitung der Geschichte des Lagers zwischen 1941 und 1945 widmete.<\/p>\n\n\n\n<p>Sein Studium der Geschichtswissenschaft und Soziologie begann Thomas Welskopp 1982 an der Universit\u00e4t Bielefeld. Als Student partizipierte er an der \u201eBielefelder Schule\u201c, einem international bekannten Ansatz der Geschichtswissenschaft. 1992 promovierte er an der Freien Universit\u00e4t (FU) Berlin zu den Arbeitsbeziehungen in der deutschen und der amerikanischen Eisen- und Stahlindustrie von der ersten Industrialisierungsphase bis zu den 1940er-Jahren. In seiner Habilitation an der FU Berlin befasste Welskopp sich mit der fr\u00fchen deutschen Sozialdemokratie. Nach Stationen in Z\u00fcrich und G\u00f6ttingen wurde er schlie\u00dflich 2004 nach Bielefeld berufen.<\/p>\n\n\n\n<p>Interessierte k\u00f6nnen das Symposium <a href=\"https:\/\/www.youtube.com\/watch?v=dqCicZbCEAI\" target=\"_blank\" rel=\"noreferrer noopener\">online<\/a> verfolgen und unter Angabe von #thomaswelskopp zur Diskussion auf Social Media beitragen.<\/p>\n\n\n\n<p>Kooperationspartner und F\u00f6rderer sind die Friedrich-Ebert-Stiftung, die Hans-B\u00f6ckler-Stiftung, die Stiftung Geschichte des Ruhrgebiets, die Bielefeld Graduate School in History and Sociology (BGHS), die Universit\u00e4tsgesellschaft Bielefeld und der Sonderforschungsbereich 1288 \u201ePraktiken des Vergleichens\u201c.<\/p>\n\n\n\n<p><strong>Weitere Informationen:<\/strong><\/p>\n\n\n\n<ul class=\"wp-block-list\"><li><a href=\"https:\/\/www.youtube.com\/watch?v=dqCicZbCEAI\" target=\"_blank\" rel=\"noreferrer noopener\">Livestream <\/a>des Gedenk-Symposiums am 13. und 14. Oktober<\/li><li><a href=\"https:\/\/blogs.uni-bielefeld.de\/blog\/pressemitteilungen\/entry\/universit%C3%A4t_trauert_um_professor_welskopp\">Pressemitteilung<\/a> zum Tod von Professor Dr. Thomas Welskopp<\/li><li><a href=\"https:\/\/katalogplus.ub.uni-bielefeld.de\/Record\/991025869147406442\">Gedenkschrift<\/a> \u201eEntbehrung und Erf\u00fcllung: Praktiken von Arbeit, K\u00f6rper und Konsum in der Geschichte moderner Gesellschaften\u201c, herausgegeben von Gleb J. Albert, Daniel Siemens und Frank Wolff, erschienen im Oktober 2021, Verlag JHW Dietz, 464 Seiten (ISBN 978-3-801242-78-7)&nbsp;<\/li><\/ul>\n\n\n\n<hr class=\"wp-block-separator\"\/>\n\n\n\n<p><a href=\"https:\/\/www.uni-bielefeld.de\/fakultaeten\/geschichtswissenschaft\/gedenken-thomas-welskopp\/\">https:\/\/www.uni-bielefeld.de\/fakultaeten\/geschichtswissenschaft\/gedenken-thomas-welskopp\/<\/a><\/p>\n\n\n\n<hr class=\"wp-block-separator\"\/>\n","protected":false},"excerpt":{"rendered":"","protected":false},"author":2,"featured_media":32944,"comment_status":"open","ping_status":"open","sticky":false,"template":"","format":"standard","meta":{"_acf_changed":false,"jetpack_post_was_ever_published":false,"_jetpack_newsletter_access":"","_jetpack_dont_email_post_to_subs":false,"_jetpack_newsletter_tier_id":0,"_jetpack_memberships_contains_paywalled_content":false,"_jetpack_memberships_contains_paid_content":false,"footnotes":"","jetpack_publicize_message":"","jetpack_publicize_feature_enabled":true,"jetpack_social_post_already_shared":true,"jetpack_social_options":{"image_generator_settings":{"template":"highway","default_image_id":0,"font":"","enabled":false},"version":2}},"categories":[3,9],"tags":[],"class_list":["post-32943","post","type-post","status-publish","format-standard","has-post-thumbnail","hentry","category-novosti","category-skupovi"],"acf":{"facebook_opis":""},"jetpack_publicize_connections":[],"jetpack_featured_media_url":"https:\/\/i0.wp.com\/historiografija.hr\/wp-content\/uploads\/2022\/10\/Welskopp.png?fit=768%2C1093&ssl=1","jetpack_sharing_enabled":true,"jetpack-related-posts":[],"_links":{"self":[{"href":"https:\/\/historiografija.hr\/index.php?rest_route=\/wp\/v2\/posts\/32943","targetHints":{"allow":["GET"]}}],"collection":[{"href":"https:\/\/historiografija.hr\/index.php?rest_route=\/wp\/v2\/posts"}],"about":[{"href":"https:\/\/historiografija.hr\/index.php?rest_route=\/wp\/v2\/types\/post"}],"author":[{"embeddable":true,"href":"https:\/\/historiografija.hr\/index.php?rest_route=\/wp\/v2\/users\/2"}],"replies":[{"embeddable":true,"href":"https:\/\/historiografija.hr\/index.php?rest_route=%2Fwp%2Fv2%2Fcomments&post=32943"}],"version-history":[{"count":1,"href":"https:\/\/historiografija.hr\/index.php?rest_route=\/wp\/v2\/posts\/32943\/revisions"}],"predecessor-version":[{"id":32945,"href":"https:\/\/historiografija.hr\/index.php?rest_route=\/wp\/v2\/posts\/32943\/revisions\/32945"}],"wp:featuredmedia":[{"embeddable":true,"href":"https:\/\/historiografija.hr\/index.php?rest_route=\/wp\/v2\/media\/32944"}],"wp:attachment":[{"href":"https:\/\/historiografija.hr\/index.php?rest_route=%2Fwp%2Fv2%2Fmedia&parent=32943"}],"wp:term":[{"taxonomy":"category","embeddable":true,"href":"https:\/\/historiografija.hr\/index.php?rest_route=%2Fwp%2Fv2%2Fcategories&post=32943"},{"taxonomy":"post_tag","embeddable":true,"href":"https:\/\/historiografija.hr\/index.php?rest_route=%2Fwp%2Fv2%2Ftags&post=32943"}],"curies":[{"name":"wp","href":"https:\/\/api.w.org\/{rel}","templated":true}]}}