{"id":32939,"date":"2022-10-11T21:00:59","date_gmt":"2022-10-11T21:00:59","guid":{"rendered":"http:\/\/historiografija.hr\/?p=32939"},"modified":"2022-10-11T21:01:44","modified_gmt":"2022-10-11T21:01:44","slug":"john-connelly-od-naroda-do-nacija-povijest-istocne-europe","status":"publish","type":"post","link":"https:\/\/historiografija.hr\/?p=32939","title":{"rendered":"John Connelly, \u201eOd naroda do nacija. Povijest isto\u010dne Europe\u201c"},"content":{"rendered":"\n<p>Gravitacijska sila nacionalizma toliko je sna\u017ena da \u0107e i politi\u010dare kojima do nacije nije stalo preobraziti u ekstremiste, konstatira ameri\u010dki povjesni\u010dar John Connelly u svojoj jedinstvenoj povijesti isto\u010dnoeuropskih nacionalnih previranja, <em>Od naroda do nacija<\/em>. Davna povijest invazija i migracija u\u010dinila je ovo podru\u010dje iznimno raznolikim, s bezbrojnim narodima koji su tijekom dugih razdoblja \u017eivjeli u miru rame uz rame, dok bi pozivi na nacionalnu autonomiju \u010desto potom ostavljali neizbrisive krvave tragove. Od carskog dekreta Josipa II. o njema\u010dkom jeziku, preko uspona nacionalizma i stvaranja novih dr\u017eava nakon Prvog svjetskog rata, osvajanja Tre\u0107eg Reicha, kontrole Sovjetskog Saveza i kona\u010dnog ru\u0161enja komunizma, pa sve do suvremenog uspona nacionalizma i populisti\u010dkih politika diljem regije, Connelly minuciozno opisuje posljedice povijesnih doga\u0111aja na obi\u010dne ljude koji su po \u010desto nejasnim kriterijima tvorili odre\u0111ene etnose. S obzirom na okolnosti u kojima su \u017eivjeli, Isto\u010dni Europljani su, nedvojbeno, razvili osje\u0107aj za neizvjesnost povijesti: nacije nisu vje\u010dne, one nastaju, a katkad i nestaju. <em>Od naroda do nacija \u2013 povijest isto\u010dne Europe<\/em> sjajan je, intrigantan i zanimljiv prikaz ovog povijesnog fenomena.<\/p>\n\n\n\n<hr class=\"wp-block-separator\"\/>\n\n\n\n<p>Jezik izvornika: engleski<\/p>\n\n\n\n<p>Prijevod: Vuk Peri\u0161i\u0107<\/p>\n\n\n\n<p>Broj stranica: 1200<\/p>\n\n\n\n<p>Datum izdanja: rujan 2022.<\/p>\n\n\n\n<p>Naslov izvornika: From Peoples into Nations<\/p>\n\n\n\n<hr class=\"wp-block-separator\"\/>\n\n\n\n<p>Izvor:<\/p>\n\n\n\n<p><a href=\"https:\/\/fraktura.hr\/od-naroda-do-nacija.html\">https:\/\/fraktura.hr\/od-naroda-do-nacija.html<\/a><\/p>\n\n\n\n<hr class=\"wp-block-separator\"\/>\n","protected":false},"excerpt":{"rendered":"","protected":false},"author":2,"featured_media":32942,"comment_status":"open","ping_status":"open","sticky":false,"template":"","format":"standard","meta":{"_acf_changed":false,"jetpack_post_was_ever_published":false,"_jetpack_newsletter_access":"","_jetpack_dont_email_post_to_subs":false,"_jetpack_newsletter_tier_id":0,"_jetpack_memberships_contains_paywalled_content":false,"_jetpack_memberships_contains_paid_content":false,"footnotes":"","jetpack_publicize_message":"","jetpack_publicize_feature_enabled":true,"jetpack_social_post_already_shared":true,"jetpack_social_options":{"image_generator_settings":{"template":"highway","default_image_id":0,"font":"","enabled":false},"version":2}},"categories":[8,3],"tags":[],"class_list":["post-32939","post","type-post","status-publish","format-standard","has-post-thumbnail","hentry","category-knjige","category-novosti"],"acf":{"facebook_opis":""},"jetpack_publicize_connections":[],"jetpack_featured_media_url":"https:\/\/i0.wp.com\/historiografija.hr\/wp-content\/uploads\/2022\/10\/od_naroda_do_nacija.jpg?fit=402%2C610&ssl=1","jetpack_sharing_enabled":true,"jetpack-related-posts":[],"_links":{"self":[{"href":"https:\/\/historiografija.hr\/index.php?rest_route=\/wp\/v2\/posts\/32939","targetHints":{"allow":["GET"]}}],"collection":[{"href":"https:\/\/historiografija.hr\/index.php?rest_route=\/wp\/v2\/posts"}],"about":[{"href":"https:\/\/historiografija.hr\/index.php?rest_route=\/wp\/v2\/types\/post"}],"author":[{"embeddable":true,"href":"https:\/\/historiografija.hr\/index.php?rest_route=\/wp\/v2\/users\/2"}],"replies":[{"embeddable":true,"href":"https:\/\/historiografija.hr\/index.php?rest_route=%2Fwp%2Fv2%2Fcomments&post=32939"}],"version-history":[{"count":1,"href":"https:\/\/historiografija.hr\/index.php?rest_route=\/wp\/v2\/posts\/32939\/revisions"}],"predecessor-version":[{"id":32941,"href":"https:\/\/historiografija.hr\/index.php?rest_route=\/wp\/v2\/posts\/32939\/revisions\/32941"}],"wp:featuredmedia":[{"embeddable":true,"href":"https:\/\/historiografija.hr\/index.php?rest_route=\/wp\/v2\/media\/32942"}],"wp:attachment":[{"href":"https:\/\/historiografija.hr\/index.php?rest_route=%2Fwp%2Fv2%2Fmedia&parent=32939"}],"wp:term":[{"taxonomy":"category","embeddable":true,"href":"https:\/\/historiografija.hr\/index.php?rest_route=%2Fwp%2Fv2%2Fcategories&post=32939"},{"taxonomy":"post_tag","embeddable":true,"href":"https:\/\/historiografija.hr\/index.php?rest_route=%2Fwp%2Fv2%2Ftags&post=32939"}],"curies":[{"name":"wp","href":"https:\/\/api.w.org\/{rel}","templated":true}]}}