{"id":32910,"date":"2022-10-07T21:20:50","date_gmt":"2022-10-07T21:20:50","guid":{"rendered":"http:\/\/historiografija.hr\/?p=32910"},"modified":"2022-10-07T21:23:58","modified_gmt":"2022-10-07T21:23:58","slug":"kalam-toubin-ljubav-u-mracno-doba-gej-zivoti-od-oskara-vajlda-do-pedra-almodovara","status":"publish","type":"post","link":"https:\/\/historiografija.hr\/?p=32910","title":{"rendered":"Kalam Toubin, \u201eLjubav u mra\u010dno doba. Gej \u017eivoti od Oskara Vajlda do Pedra Almodovara\u201c"},"content":{"rendered":"\n<p>\u201eZanimale su me li\u010dnosti iz nekog prohujalog vremena, \u010dije nasle\u0111e je bilo dvosmisleno, koje su propatile zbog svoje homoseksualnosti kao Oskar Vajld (Oscar Wilde, 1854\u20131900) i irski revolucionar Rod\u017eer Kejsment (Roger Casement, 1864\u20131916) ili su ose\u0107ali nelagodu zbog nje i dr\u017eali je u tajnosti poput Tomasa Mana (Thomas Mann, 1875\u20131955) i pesnikinje Elizabet Bi\u0161op (Elizabeth Bishop, 1911\u20131979). Bili su to oni koji su dopustili da homoseksualnost dopunjuje njihovo delo, pre nego da njim dominira, kao \u0161to je slu\u010daj sa delom pisca D\u017eejmsa Boldvina (James Baldwin, 1924\u20131987), zatim oni koji su cvetali u nepovoljnim uslovima poput slikara Frensisa Bejkona (Francis Bacon, 1909\u20131992) i re\u017eisera Pedra Almodovara (Pedro Almod\u00f3var, 1949\u2013), kao i oni koji su pisali elegije i memoare tokom epidemije HIV-a poput pesnika Toma Gana (Thomson \u201eThom\u201c Gunn, 1929\u20132004) i Marka Doutija (Mark Doty, 1953\u2013).<br>Ovo je, dakle, u su\u0161tini knjiga o gej li\u010dnostima za koje je \u010dinjenica da su gej bila sekundarna u njihovom javnom \u017eivotu, bilo kao posledica izbora ili nu\u017enosti. Ali u \u010dijim su li\u010dnim \u017eivotima, u dubini njihove du\u0161e, zakoni \u017eudnje izmenili skoro sve. Borba za gej senzibilitet po\u010dela je kao isklju\u010divo li\u010dna borba, a potom se polako, ukoliko su se taj gej mu\u0161karac ili \u017eena bavili pisanjem ili slikanjem, re\u017eijom ili inovacijama, uvukla u jezik, slike i politiku na \u010dudesne i o\u010daravaju\u0107e na\u010dine. Pisanje ovih tekstova mi je pomoglo da se suo\u010dim sa nekim fenomenima \u2013 sa mojim zanimanjem za tajnu, erotsku energiju (Kejsment i Man), interesovanjem za katoli\u010danstvo (Vajld i Kejsment su se pred kraj \u017eivota preobratili u katolike; Almodovarova dela obiluju katoli\u010dkom simbolikom), zanimanjem za irske protestante (Vajld, Kejsment, Bejkon), divljenjem prema li\u010dnostima koje, za razliku od mene, nisu bile pla\u0161ljive (Vajld, Bejkon, Almodovar), mojom ve\u010dnom op\u010dinjeno\u0161\u0107u tugom (Bi\u0161op, Boldvin, Douti) a svakako i tragikom (Gan i Douti).\u201c<\/p>\n\n\n\n<hr class=\"wp-block-separator\"\/>\n\n\n\n<p>Prevod: Ivana Maksi\u0107, Goran Bojovi\u0107, Goran Kapetanovi\u0107<\/p>\n\n\n\n<p>Broj strana: 234<\/p>\n\n\n\n<p>Godina izdanja: 2022.<\/p>\n\n\n\n<hr class=\"wp-block-separator\"\/>\n\n\n\n<p>Izvor:<\/p>\n\n\n\n<figure class=\"wp-block-embed-wordpress wp-block-embed is-type-wp-embed is-provider-karpos\"><div class=\"wp-block-embed__wrapper\">\n<blockquote class=\"wp-embedded-content\" data-secret=\"u0lMR9KxVF\"><a href=\"http:\/\/karposbooks.rs\/shop\/biografeme\/ljubav-u-mracno-dobagej-zivoti-od-oskara-vajlda-do-pedra-almodovarakalam-toubin\/\">LJUBAV U MRA\u010cNO DOBAGej \u017eivoti od Oskara Vajlda do Pedra AlmodovaraKalam Toubin<\/a><\/blockquote><iframe loading=\"lazy\" class=\"wp-embedded-content\" sandbox=\"allow-scripts\" security=\"restricted\" style=\"position: absolute; clip: rect(1px, 1px, 1px, 1px);\" title=\"&#132;LJUBAV U MRA\u010cNO DOBA&lt;br&gt;Gej \u017eivoti od Oskara Vajlda do Pedra Almodovara&lt;br&gt;Kalam Toubin&#147; \u2014 Karpos\" src=\"http:\/\/karposbooks.rs\/shop\/biografeme\/ljubav-u-mracno-dobagej-zivoti-od-oskara-vajlda-do-pedra-almodovarakalam-toubin\/embed\/#?secret=u0lMR9KxVF\" data-secret=\"u0lMR9KxVF\" width=\"600\" height=\"338\" frameborder=\"0\" marginwidth=\"0\" marginheight=\"0\" scrolling=\"no\"><\/iframe>\n<\/div><\/figure>\n\n\n\n<hr class=\"wp-block-separator\"\/>\n\n\n\n<figure class=\"wp-block-embed-wordpress wp-block-embed is-type-wp-embed is-provider-historiografija-hr\"><div class=\"wp-block-embed__wrapper\">\n<blockquote class=\"wp-embedded-content\" data-secret=\"ZzMMzQ7OKg\"><a href=\"https:\/\/historiografija.hr\/?p=31639\">Huw Lemmey and Ben Miller, \u201cBad Gays: A Homosexual History\u201d<\/a><\/blockquote><iframe loading=\"lazy\" class=\"wp-embedded-content\" sandbox=\"allow-scripts\" security=\"restricted\" style=\"position: absolute; clip: rect(1px, 1px, 1px, 1px);\" title=\"&#8220;Huw Lemmey and Ben Miller, \u201cBad Gays: A Homosexual History\u201d&#8221; &#8212; Historiografija.hr\" src=\"https:\/\/historiografija.hr\/?p=31639&#038;embed=true#?secret=ZzMMzQ7OKg\" data-secret=\"ZzMMzQ7OKg\" width=\"600\" height=\"338\" frameborder=\"0\" marginwidth=\"0\" marginheight=\"0\" scrolling=\"no\"><\/iframe>\n<\/div><\/figure>\n\n\n\n<hr class=\"wp-block-separator\"\/>\n","protected":false},"excerpt":{"rendered":"","protected":false},"author":2,"featured_media":32911,"comment_status":"open","ping_status":"open","sticky":false,"template":"","format":"standard","meta":{"_acf_changed":false,"jetpack_post_was_ever_published":false,"_jetpack_newsletter_access":"","_jetpack_dont_email_post_to_subs":false,"_jetpack_newsletter_tier_id":0,"_jetpack_memberships_contains_paywalled_content":false,"_jetpack_memberships_contains_paid_content":false,"footnotes":"","jetpack_publicize_message":"","jetpack_publicize_feature_enabled":true,"jetpack_social_post_already_shared":true,"jetpack_social_options":{"image_generator_settings":{"template":"highway","default_image_id":0,"font":"","enabled":false},"version":2}},"categories":[8,3],"tags":[],"class_list":["post-32910","post","type-post","status-publish","format-standard","has-post-thumbnail","hentry","category-knjige","category-novosti"],"acf":{"facebook_opis":""},"jetpack_publicize_connections":[],"jetpack_featured_media_url":"https:\/\/i0.wp.com\/historiografija.hr\/wp-content\/uploads\/2022\/10\/Karpos_Ljubav.jpg?fit=565%2C800&ssl=1","jetpack_sharing_enabled":true,"jetpack-related-posts":[],"_links":{"self":[{"href":"https:\/\/historiografija.hr\/index.php?rest_route=\/wp\/v2\/posts\/32910","targetHints":{"allow":["GET"]}}],"collection":[{"href":"https:\/\/historiografija.hr\/index.php?rest_route=\/wp\/v2\/posts"}],"about":[{"href":"https:\/\/historiografija.hr\/index.php?rest_route=\/wp\/v2\/types\/post"}],"author":[{"embeddable":true,"href":"https:\/\/historiografija.hr\/index.php?rest_route=\/wp\/v2\/users\/2"}],"replies":[{"embeddable":true,"href":"https:\/\/historiografija.hr\/index.php?rest_route=%2Fwp%2Fv2%2Fcomments&post=32910"}],"version-history":[{"count":2,"href":"https:\/\/historiografija.hr\/index.php?rest_route=\/wp\/v2\/posts\/32910\/revisions"}],"predecessor-version":[{"id":32913,"href":"https:\/\/historiografija.hr\/index.php?rest_route=\/wp\/v2\/posts\/32910\/revisions\/32913"}],"wp:featuredmedia":[{"embeddable":true,"href":"https:\/\/historiografija.hr\/index.php?rest_route=\/wp\/v2\/media\/32911"}],"wp:attachment":[{"href":"https:\/\/historiografija.hr\/index.php?rest_route=%2Fwp%2Fv2%2Fmedia&parent=32910"}],"wp:term":[{"taxonomy":"category","embeddable":true,"href":"https:\/\/historiografija.hr\/index.php?rest_route=%2Fwp%2Fv2%2Fcategories&post=32910"},{"taxonomy":"post_tag","embeddable":true,"href":"https:\/\/historiografija.hr\/index.php?rest_route=%2Fwp%2Fv2%2Ftags&post=32910"}],"curies":[{"name":"wp","href":"https:\/\/api.w.org\/{rel}","templated":true}]}}