{"id":32903,"date":"2022-10-07T21:06:51","date_gmt":"2022-10-07T21:06:51","guid":{"rendered":"http:\/\/historiografija.hr\/?p=32903"},"modified":"2022-10-07T21:14:07","modified_gmt":"2022-10-07T21:14:07","slug":"nobelova-nagrada-za-knjizevnost-annie-ernaux","status":"publish","type":"post","link":"https:\/\/historiografija.hr\/?p=32903","title":{"rendered":"Nobelova nagrada za knji\u017eevnost Annie Ernaux"},"content":{"rendered":"\n<p>Ovogodi\u0161nju Nobelovu nagradu za knji\u017eevnost dobila je francuska knji\u017eevnica Annie Ernaux, o \u010dijim smo hrvatskim izdanjima njezinih autobiografski zasnovanih djela \u2013 sna\u017eno obilje\u017eenih francuskom i europskom povije\u0161\u0107u druge polovice 20. stolje\u0107a \u2013 redovito obavje\u0161tavali na portalu.<\/p>\n\n\n\n<hr class=\"wp-block-separator\"\/>\n\n\n\n<p>Iz medija:<\/p>\n\n\n\n<p><a href=\"https:\/\/www.hina.hr\/vijest\/11118142\">https:\/\/www.hina.hr\/vijest\/11118142<\/a><\/p>\n\n\n\n<p><a href=\"https:\/\/magazin.hrt.hr\/kultura\/ovogodisnji-nobel-za-annie-ernaux-klasik-francuske-knjizevnosti-10003197\">https:\/\/magazin.hrt.hr\/kultura\/ovogodisnji-nobel-za-annie-ernaux-klasik-francuske-knjizevnosti-10003197<\/a><\/p>\n\n\n\n<p><a href=\"https:\/\/www.vecernji.hr\/kultura\/annie-ernaux-dobitnica-je-nobelove-nagrade-za-knjizevnost-1623150\">https:\/\/www.vecernji.hr\/kultura\/annie-ernaux-dobitnica-je-nobelove-nagrade-za-knjizevnost-1623150<\/a><\/p>\n\n\n\n<p><a href=\"https:\/\/www.jutarnji.hr\/kultura\/knjizevnost\/nobelova-nagrada-za-knjizevnost-pripala-je-annie-ernaux-sjajnoj-francuskoj-knjizevnici-15257775\">https:\/\/www.jutarnji.hr\/kultura\/knjizevnost\/nobelova-nagrada-za-knjizevnost-pripala-je-annie-ernaux-sjajnoj-francuskoj-knjizevnici-15257775<\/a><\/p>\n\n\n\n<hr class=\"wp-block-separator\"\/>\n","protected":false},"excerpt":{"rendered":"","protected":false},"author":2,"featured_media":32909,"comment_status":"open","ping_status":"open","sticky":false,"template":"","format":"standard","meta":{"_acf_changed":false,"jetpack_post_was_ever_published":false,"_jetpack_newsletter_access":"","_jetpack_dont_email_post_to_subs":false,"_jetpack_newsletter_tier_id":0,"_jetpack_memberships_contains_paywalled_content":false,"_jetpack_memberships_contains_paid_content":false,"footnotes":"","jetpack_publicize_message":"","jetpack_publicize_feature_enabled":true,"jetpack_social_post_already_shared":true,"jetpack_social_options":{"image_generator_settings":{"template":"highway","default_image_id":0,"font":"","enabled":false},"version":2}},"categories":[3,12],"tags":[],"class_list":["post-32903","post","type-post","status-publish","format-standard","has-post-thumbnail","hentry","category-novosti","category-knjizevnost"],"acf":{"facebook_opis":""},"jetpack_publicize_connections":[],"jetpack_featured_media_url":"https:\/\/i0.wp.com\/historiografija.hr\/wp-content\/uploads\/2022\/10\/FOTO_Francesca_Mantovani_REUTERS-scaled.jpg?fit=2560%2C1707&ssl=1","jetpack_sharing_enabled":true,"jetpack-related-posts":[],"_links":{"self":[{"href":"https:\/\/historiografija.hr\/index.php?rest_route=\/wp\/v2\/posts\/32903","targetHints":{"allow":["GET"]}}],"collection":[{"href":"https:\/\/historiografija.hr\/index.php?rest_route=\/wp\/v2\/posts"}],"about":[{"href":"https:\/\/historiografija.hr\/index.php?rest_route=\/wp\/v2\/types\/post"}],"author":[{"embeddable":true,"href":"https:\/\/historiografija.hr\/index.php?rest_route=\/wp\/v2\/users\/2"}],"replies":[{"embeddable":true,"href":"https:\/\/historiografija.hr\/index.php?rest_route=%2Fwp%2Fv2%2Fcomments&post=32903"}],"version-history":[{"count":2,"href":"https:\/\/historiografija.hr\/index.php?rest_route=\/wp\/v2\/posts\/32903\/revisions"}],"predecessor-version":[{"id":32908,"href":"https:\/\/historiografija.hr\/index.php?rest_route=\/wp\/v2\/posts\/32903\/revisions\/32908"}],"wp:featuredmedia":[{"embeddable":true,"href":"https:\/\/historiografija.hr\/index.php?rest_route=\/wp\/v2\/media\/32909"}],"wp:attachment":[{"href":"https:\/\/historiografija.hr\/index.php?rest_route=%2Fwp%2Fv2%2Fmedia&parent=32903"}],"wp:term":[{"taxonomy":"category","embeddable":true,"href":"https:\/\/historiografija.hr\/index.php?rest_route=%2Fwp%2Fv2%2Fcategories&post=32903"},{"taxonomy":"post_tag","embeddable":true,"href":"https:\/\/historiografija.hr\/index.php?rest_route=%2Fwp%2Fv2%2Ftags&post=32903"}],"curies":[{"name":"wp","href":"https:\/\/api.w.org\/{rel}","templated":true}]}}