{"id":32871,"date":"2022-10-05T19:40:34","date_gmt":"2022-10-05T19:40:34","guid":{"rendered":"http:\/\/historiografija.hr\/?p=32871"},"modified":"2022-10-05T19:40:34","modified_gmt":"2022-10-05T19:40:34","slug":"summer-school-empire-of-circulation-habsburg-knowledge-in-its-global-settings","status":"publish","type":"post","link":"https:\/\/historiografija.hr\/?p=32871","title":{"rendered":"Summer School &#8220;Empire of Circulation: Habsburg Knowledge in its Global Settings&#8221;"},"content":{"rendered":"\n<p>U Be\u010du se od 3. do 6. listopada 2022. odr\u017eava ljetna \u0161kola \u201eEmpire of Circulation: Habsburg Knowledge in its Global Settings\u201c na kojoj sudjeluju, uz ostale, Zrinko Novosel, Lea Horvat, Lucija Bak\u0161i\u0107.<\/p>\n\n\n\n<hr class=\"wp-block-separator\"\/>\n\n\n\n<p>Placing Habsburg knowledge production from the 17<sup>th<\/sup> to the 20<sup>th<\/sup> centuries afresh in its global settings, this event will serve as a platform for doctoral, post-doctoral and senior researchers who specialise in Habsburg history, the history of science, scholarship and intellectual culture. Our event will allot a special place to Bohemia and its role as an interface between the regions of the Empire and as a switchboard between Central Europe and the globe.<\/p>\n\n\n\n<p><br><strong>[<\/strong>This event is not open to the public.<strong>]<\/strong><\/p>\n\n\n\n<p><strong>Time<\/strong>: 3\u20136 October 2022<br><strong>Location<\/strong>: OeAW, Dr. Ignaz-Seipel Platz 2, 1010 Vienna, Johannessaal<br><strong>Audience<\/strong>: Doctoral and Postdoctoral researchers<br><strong>Conference languages<\/strong>: English and German<br><strong>Organizers<\/strong>: Austrian Academy of Sciences, Johann Gottfried Herder-Research Council in cooperation with the Humboldt University Berlin (HU)<\/p>\n\n\n\n<p><strong>Application<\/strong>: Abstract of your contribution\/research project (250-300 words) and a brief CV (preferably as PDF) to <a href=\"javascript:linkTo_UnCryptMailto(%27pdlowr-vxpphuvfkrroCrhdz1df1dw%27);\">summerschool(at)oeaw.ac.at<\/a><br>Deadline for submissions: <strong>13 March 2022<\/strong><\/p>\n\n\n\n<p><a href=\"https:\/\/www.oeaw.ac.at\/fileadmin\/Institute\/IKT\/PDF\/CfP_Empire_of_Circulation.pdf\">Click here for the full CfP<\/a><\/p>\n\n\n\n<p><br><a href=\"https:\/\/www.oeaw.ac.at\/fileadmin\/Institute\/IKT\/PDF\/Veranstaltungen\/Veranstaltungen_2021_up\/Einladungsblatt-IKT-Summer-School-V22-09-2022-final__2_.pdf\">Programme<\/a><\/p>\n\n\n\n<hr class=\"wp-block-separator\"\/>\n\n\n\n<p><em>Image: A Viennese fan from Hieronymus L\u00f6schenkohl\u2019s factory depicts a Moroccan triptych: a Habsburg envoy at the Moroccan court, the pasha of Tangiers as ambassador before Joseph II in 1783, and the ambassador\u2019s return to the seraglio. \u00a0<a rel=\"noreferrer noopener\" href=\"https:\/\/sammlung.wienmuseum.at\/en\/object\/442530-faltfaecher-mit-darstellung-des-einzugs-des-marokkanischen-botschafters-muhamed-ben-abdul-malek-pascha-von-tanger-in-wien-am-28-februar-1783\/\" target=\"_blank\">Wien Museum<\/a><\/em><\/p>\n\n\n\n<hr class=\"wp-block-separator\"\/>\n\n\n\n<p><a href=\"https:\/\/www.oeaw.ac.at\/ikt\/detail\/events\/summer-school-empire-of-circulation\">https:\/\/www.oeaw.ac.at\/ikt\/detail\/events\/summer-school-empire-of-circulation<\/a><\/p>\n\n\n\n<hr class=\"wp-block-separator\"\/>\n","protected":false},"excerpt":{"rendered":"","protected":false},"author":2,"featured_media":32872,"comment_status":"open","ping_status":"open","sticky":false,"template":"","format":"standard","meta":{"_acf_changed":false,"_jetpack_newsletter_access":"","_jetpack_dont_email_post_to_subs":false,"_jetpack_newsletter_tier_id":0,"_jetpack_memberships_contains_paywalled_content":false,"_jetpack_memberships_contains_paid_content":false,"footnotes":"","jetpack_publicize_message":"","jetpack_publicize_feature_enabled":true,"jetpack_social_post_already_shared":true,"jetpack_social_options":{"image_generator_settings":{"template":"highway","default_image_id":0,"font":"","enabled":false},"version":2},"jetpack_post_was_ever_published":false},"categories":[3,9],"tags":[],"class_list":["post-32871","post","type-post","status-publish","format-standard","has-post-thumbnail","hentry","category-novosti","category-skupovi"],"acf":{"facebook_opis":""},"jetpack_publicize_connections":[],"jetpack_featured_media_url":"https:\/\/i0.wp.com\/historiografija.hr\/wp-content\/uploads\/2022\/10\/Wien_Museum_Online_Sammlung_58561.png?fit=867%2C868&ssl=1","jetpack_sharing_enabled":true,"jetpack-related-posts":[{"id":54767,"url":"https:\/\/historiografija.hr\/?p=54767","url_meta":{"origin":32871,"position":0},"title":"Philipp Ther: The Sound of Habsburg \/ Der Klang der Monarchie. A Musical History of the Austro-Hungarian Empire","author":"Branimir Jankovi\u0107","date":"23. srpnja 2026.","format":false,"excerpt":"A fascinating history of the Austro-Hungarian Empire told through the prism of the music it created and was shaped by From the late 18th century onwards, the Habsburg Monarchy was on the decline internationally, and internally was riven by conflict. But time and again, the Habsburgs rallied together, survived the\u2026","rel":"","context":"U &quot;Knjige&quot;","block_context":{"text":"Knjige","link":"https:\/\/historiografija.hr\/?cat=8"},"img":{"alt_text":"","src":"https:\/\/i0.wp.com\/historiografija.hr\/wp-content\/uploads\/2026\/07\/the-sound-of-habsburg.webp?fit=400%2C635&ssl=1&resize=350%2C200","width":350,"height":200},"classes":[]},{"id":53712,"url":"https:\/\/historiografija.hr\/?p=53712","url_meta":{"origin":32871,"position":1},"title":"INVITATION TO A SERIES OF SHORT LECTURES ENTITLED BEYOND PASTORAL CARE: CLERGY, SOCIETY, AND POPULAR AGENCY IN THE LATE HABSBURG EMPIRE","author":"Branimir Jankovi\u0107","date":"25. svibnja 2026.","format":false,"excerpt":"You are kindly invited to a series of short lectures entitled Beyond Pastoral Care: Clergy, Society, and Popular Agency in the Late Habsburg Empire, which will take place on Tuesday, 26 May 2026, from 11:00 to 13:00 at the Institute of Contemporary History. The event will feature a lecture by\u2026","rel":"","context":"U &quot;Novosti&quot;","block_context":{"text":"Novosti","link":"https:\/\/historiografija.hr\/?cat=3"},"img":{"alt_text":"","src":"https:\/\/i0.wp.com\/historiografija.hr\/wp-content\/uploads\/2026\/05\/Clergy-2.png?fit=1090%2C615&ssl=1&resize=350%2C200","width":350,"height":200,"srcset":"https:\/\/i0.wp.com\/historiografija.hr\/wp-content\/uploads\/2026\/05\/Clergy-2.png?fit=1090%2C615&ssl=1&resize=350%2C200 1x, https:\/\/i0.wp.com\/historiografija.hr\/wp-content\/uploads\/2026\/05\/Clergy-2.png?fit=1090%2C615&ssl=1&resize=525%2C300 1.5x, https:\/\/i0.wp.com\/historiografija.hr\/wp-content\/uploads\/2026\/05\/Clergy-2.png?fit=1090%2C615&ssl=1&resize=700%2C400 2x, https:\/\/i0.wp.com\/historiografija.hr\/wp-content\/uploads\/2026\/05\/Clergy-2.png?fit=1090%2C615&ssl=1&resize=1050%2C600 3x"},"classes":[]},{"id":54276,"url":"https:\/\/historiografija.hr\/?p=54276","url_meta":{"origin":32871,"position":2},"title":"Rok Stergar, Vaclav Smidrkal (eds), &#8220;Nourishing Victory: Food Shortages and Post-Imperial Transition in the Bohemian Lands and Slovenia&#8221;","author":"Branimir Jankovi\u0107","date":"23. lipnja 2026.","format":false,"excerpt":"The aggravating food shortage was the central internal crisis in Habsburg Austria during the First World War and posed a major challenge to the consolidation of the successor states. Nourishing Victory offers a fresh comparative perspective on food and the collapse and rebuilding of political legitimacy from the regional vantage\u2026","rel":"","context":"U &quot;Knjige&quot;","block_context":{"text":"Knjige","link":"https:\/\/historiografija.hr\/?cat=8"},"img":{"alt_text":"","src":"https:\/\/i0.wp.com\/historiografija.hr\/wp-content\/uploads\/2026\/06\/Victory-book.jpg?fit=1200%2C652&ssl=1&resize=350%2C200","width":350,"height":200,"srcset":"https:\/\/i0.wp.com\/historiografija.hr\/wp-content\/uploads\/2026\/06\/Victory-book.jpg?fit=1200%2C652&ssl=1&resize=350%2C200 1x, https:\/\/i0.wp.com\/historiografija.hr\/wp-content\/uploads\/2026\/06\/Victory-book.jpg?fit=1200%2C652&ssl=1&resize=525%2C300 1.5x, https:\/\/i0.wp.com\/historiografija.hr\/wp-content\/uploads\/2026\/06\/Victory-book.jpg?fit=1200%2C652&ssl=1&resize=700%2C400 2x, https:\/\/i0.wp.com\/historiografija.hr\/wp-content\/uploads\/2026\/06\/Victory-book.jpg?fit=1200%2C652&ssl=1&resize=1050%2C600 3x"},"classes":[]},{"id":54169,"url":"https:\/\/historiografija.hr\/?p=54169","url_meta":{"origin":32871,"position":3},"title":"Women, Nationalism, and Social Networks in the Habsburg Monarchy, 1848\u20131918","author":"Branimir Jankovi\u0107","date":"18. lipnja 2026.","format":false,"excerpt":"Edited by Marta Verginella Purdue University Press Series: Central European Studies 258 Pages Published 2023 Women, Nationalism, and Social Networks in the Habsburg Monarchy, 1848\u20131918 focuses on the lives of women in Southeastern Europe during the nineteenth and twentieth centuries, exploring the intersection of gender and nationalism. By looking at\u2026","rel":"","context":"U &quot;Knjige&quot;","block_context":{"text":"Knjige","link":"https:\/\/historiografija.hr\/?cat=8"},"img":{"alt_text":"","src":"https:\/\/historiografija.hr\/wp-content\/uploads\/2026\/06\/Verginella.avif","width":350,"height":200,"srcset":"https:\/\/historiografija.hr\/wp-content\/uploads\/2026\/06\/Verginella.avif 1x, https:\/\/historiografija.hr\/wp-content\/uploads\/2026\/06\/Verginella.avif 1.5x"},"classes":[]},{"id":54031,"url":"https:\/\/historiografija.hr\/?p=54031","url_meta":{"origin":32871,"position":4},"title":"Call for Book Chapters: Alternatives to the Nation-State: Federalism, Autonomy, and Post-Imperial Imaginaries in the Mediterranean Long Nineteenth Century","author":"Branimir Jankovi\u0107","date":"11. lipnja 2026.","format":false,"excerpt":"Workshop Date: September 24, 2026 - September 25, 2026 Location: Greece Subject Fields: Intellectual History, Modern European History \/ Studies \u00a0 \u00a0 \u00a0 \u00a0 \u00a0 \u00a0 \u00a0 \u00a0 \u00a0 \u00a0 \u00a0 \u00a0 \u00a0 \u00a0 \u00a0 \u00a0 \u00a0 \u00a0 \u00a0 \u00a0 \u00a0 \u00a0 \u00a0 \u00a0 \u00a0 \u00a0 \u00a0 \u00a0 \u00a0 \u00a0\u2026","rel":"","context":"U &quot;Novosti&quot;","block_context":{"text":"Novosti","link":"https:\/\/historiografija.hr\/?cat=3"},"img":{"alt_text":"","src":"https:\/\/i0.wp.com\/historiografija.hr\/wp-content\/uploads\/2026\/06\/HNet_Logo_with_tag.png?fit=1200%2C424&ssl=1&resize=350%2C200","width":350,"height":200,"srcset":"https:\/\/i0.wp.com\/historiografija.hr\/wp-content\/uploads\/2026\/06\/HNet_Logo_with_tag.png?fit=1200%2C424&ssl=1&resize=350%2C200 1x, https:\/\/i0.wp.com\/historiografija.hr\/wp-content\/uploads\/2026\/06\/HNet_Logo_with_tag.png?fit=1200%2C424&ssl=1&resize=525%2C300 1.5x, https:\/\/i0.wp.com\/historiografija.hr\/wp-content\/uploads\/2026\/06\/HNet_Logo_with_tag.png?fit=1200%2C424&ssl=1&resize=700%2C400 2x, https:\/\/i0.wp.com\/historiografija.hr\/wp-content\/uploads\/2026\/06\/HNet_Logo_with_tag.png?fit=1200%2C424&ssl=1&resize=1050%2C600 3x"},"classes":[]},{"id":53473,"url":"https:\/\/historiografija.hr\/?p=53473","url_meta":{"origin":32871,"position":5},"title":"CfP: Those Who Serve: Service, Labor, and Social Hierarchies in Historical Perspective","author":"Branimir Jankovi\u0107","date":"19. svibnja 2026.","format":false,"excerpt":"Doctoral and Postdoctoral Workshop: Ljubljana, 12\u201313 November 2026 Keynote: prof. dr. Jane Whittle (University of Exeter) From domestic servants and agricultural laborers to apprentices, soldiers, and clerks \u2013 countless people across history lived and worked in the service of others. This workshop explores service not merely as a job category,\u2026","rel":"","context":"U &quot;Novosti&quot;","block_context":{"text":"Novosti","link":"https:\/\/historiografija.hr\/?cat=3"},"img":{"alt_text":"","src":"https:\/\/i0.wp.com\/historiografija.hr\/wp-content\/uploads\/2017\/10\/hsozkult.png?fit=1006%2C241&ssl=1&resize=350%2C200","width":350,"height":200,"srcset":"https:\/\/i0.wp.com\/historiografija.hr\/wp-content\/uploads\/2017\/10\/hsozkult.png?fit=1006%2C241&ssl=1&resize=350%2C200 1x, https:\/\/i0.wp.com\/historiografija.hr\/wp-content\/uploads\/2017\/10\/hsozkult.png?fit=1006%2C241&ssl=1&resize=525%2C300 1.5x, https:\/\/i0.wp.com\/historiografija.hr\/wp-content\/uploads\/2017\/10\/hsozkult.png?fit=1006%2C241&ssl=1&resize=700%2C400 2x"},"classes":[]}],"_links":{"self":[{"href":"https:\/\/historiografija.hr\/index.php?rest_route=\/wp\/v2\/posts\/32871","targetHints":{"allow":["GET"]}}],"collection":[{"href":"https:\/\/historiografija.hr\/index.php?rest_route=\/wp\/v2\/posts"}],"about":[{"href":"https:\/\/historiografija.hr\/index.php?rest_route=\/wp\/v2\/types\/post"}],"author":[{"embeddable":true,"href":"https:\/\/historiografija.hr\/index.php?rest_route=\/wp\/v2\/users\/2"}],"replies":[{"embeddable":true,"href":"https:\/\/historiografija.hr\/index.php?rest_route=%2Fwp%2Fv2%2Fcomments&post=32871"}],"version-history":[{"count":1,"href":"https:\/\/historiografija.hr\/index.php?rest_route=\/wp\/v2\/posts\/32871\/revisions"}],"predecessor-version":[{"id":32873,"href":"https:\/\/historiografija.hr\/index.php?rest_route=\/wp\/v2\/posts\/32871\/revisions\/32873"}],"wp:featuredmedia":[{"embeddable":true,"href":"https:\/\/historiografija.hr\/index.php?rest_route=\/wp\/v2\/media\/32872"}],"wp:attachment":[{"href":"https:\/\/historiografija.hr\/index.php?rest_route=%2Fwp%2Fv2%2Fmedia&parent=32871"}],"wp:term":[{"taxonomy":"category","embeddable":true,"href":"https:\/\/historiografija.hr\/index.php?rest_route=%2Fwp%2Fv2%2Fcategories&post=32871"},{"taxonomy":"post_tag","embeddable":true,"href":"https:\/\/historiografija.hr\/index.php?rest_route=%2Fwp%2Fv2%2Ftags&post=32871"}],"curies":[{"name":"wp","href":"https:\/\/api.w.org\/{rel}","templated":true}]}}