{"id":32868,"date":"2022-10-05T19:29:56","date_gmt":"2022-10-05T19:29:56","guid":{"rendered":"http:\/\/historiografija.hr\/?p=32868"},"modified":"2022-10-05T19:29:56","modified_gmt":"2022-10-05T19:29:56","slug":"znanstveno-strucni-skup-austrougarske-vojne-investicije-kao-cimbenik-razvoja-istre-u-sisanu","status":"publish","type":"post","link":"https:\/\/historiografija.hr\/?p=32868","title":{"rendered":"Znanstveno-stru\u010dni skup \u201eAustrougarske vojne investicije kao \u010dimbenik razvoja Istre\u201c u \u0160i\u0161anu"},"content":{"rendered":"\n<p>U subotu, 8. listopada 2022., s po\u010detkom u 9 sati u Zajednici Talijana \u0160i\u0161an \u2013 Communit\u00e0 Italiana di Sissano, odr\u017eat \u0107e se znanstveno-stru\u010dni skup \u201eAustrougarske vojne investicije kao \u010dimbenik razvoja Istre\u201c. Po zavr\u0161etku skupa, u 13 sati za sve zainteresirane organiziran je obilazak utvrde Monte Madonna (Svetica), pod vodstvom Zlatka Deved\u017ei\u0107a.<\/p>\n\n\n\n<p>Organizatori manifestacije \u201eLi\u017enjan po\u010detkom 20. stolje\u0107a. U povodu 120. obljetnice vojnopomorskih manevara\u201c, u okviru kojega se otvara znanstveno-stru\u010dnu skup, su Op\u0107ina Li\u017enjan, Turisti\u010dka zajednica Op\u0107ine Li\u017enjan-Lisignano, Zajednica Talijana \u0160i\u0161an \u2013 Comunit\u00e0 degli Italiani di Sissano, BPW Pula, Povijesni i pomorski muzej Istre \u2013 Museo storico e navale dell\u2019Istria, Gradska knji\u017enica i \u010ditaonica Pula, Istarsko povijesno dru\u0161tvo, Dru\u0161tvo za prou\u010davanje pro\u0161losti K. u. k. mornarice Viribus Unitis Pula i Katedra \u010cakavskog sabora za povijest Istre Pazin.<\/p>\n\n\n\n<p><a href=\"https:\/\/ipd-ssi.hr\/wp-content\/uploads\/2022\/10\/Program-manifestacije.pdf\">Program \u2013 Programma<\/a><\/p>\n\n\n\n<hr class=\"wp-block-separator\"\/>\n\n\n\n<p>Izvor:<\/p>\n\n\n\n<figure class=\"wp-block-embed-wordpress wp-block-embed is-type-wp-embed is-provider-istarsko-povijesno-drustvo-societa-storica-istriana\"><div class=\"wp-block-embed__wrapper\">\n<blockquote class=\"wp-embedded-content\" data-secret=\"4F5Kb3BA3n\"><a href=\"https:\/\/ipd-ssi.hr\/2022\/10\/04\/znanstveno-strucni-skup-austrougarske-vojne-investicije-kao-cimbenik-razvoja-istre-u-sisanu\/\">Znanstveno-stru\u010dni skup \u201eAustrougarske vojne investicije kao \u010dimbenik razvoja Istre\u201c u \u0160i\u0161anu<\/a><\/blockquote><iframe loading=\"lazy\" class=\"wp-embedded-content\" sandbox=\"allow-scripts\" security=\"restricted\" style=\"position: absolute; clip: rect(1px, 1px, 1px, 1px);\" title=\"&#8220;Znanstveno-stru\u010dni skup \u201eAustrougarske vojne investicije kao \u010dimbenik razvoja Istre\u201c u \u0160i\u0161anu&#8221; &#8212; Istarsko povijesno dru\u0161tvo - Societ\u00e0 Storica Istriana\" src=\"https:\/\/ipd-ssi.hr\/2022\/10\/04\/znanstveno-strucni-skup-austrougarske-vojne-investicije-kao-cimbenik-razvoja-istre-u-sisanu\/embed\/#?secret=0ay7dnwPUy#?secret=4F5Kb3BA3n\" data-secret=\"4F5Kb3BA3n\" width=\"600\" height=\"338\" frameborder=\"0\" marginwidth=\"0\" marginheight=\"0\" scrolling=\"no\"><\/iframe>\n<\/div><\/figure>\n\n\n\n<hr class=\"wp-block-separator\"\/>\n","protected":false},"excerpt":{"rendered":"","protected":false},"author":2,"featured_media":32869,"comment_status":"open","ping_status":"open","sticky":false,"template":"","format":"standard","meta":{"_acf_changed":false,"jetpack_post_was_ever_published":false,"_jetpack_newsletter_access":"","_jetpack_dont_email_post_to_subs":false,"_jetpack_newsletter_tier_id":0,"_jetpack_memberships_contains_paywalled_content":false,"_jetpack_memberships_contains_paid_content":false,"footnotes":"","jetpack_publicize_message":"","jetpack_publicize_feature_enabled":true,"jetpack_social_post_already_shared":true,"jetpack_social_options":{"image_generator_settings":{"template":"highway","default_image_id":0,"font":"","enabled":false},"version":2}},"categories":[3,9],"tags":[],"class_list":["post-32868","post","type-post","status-publish","format-standard","has-post-thumbnail","hentry","category-novosti","category-skupovi"],"acf":{"facebook_opis":""},"jetpack_publicize_connections":[],"jetpack_featured_media_url":"https:\/\/i0.wp.com\/historiografija.hr\/wp-content\/uploads\/2022\/10\/Pomorski-manevri.jpg?fit=700%2C441&ssl=1","jetpack_sharing_enabled":true,"jetpack-related-posts":[],"_links":{"self":[{"href":"https:\/\/historiografija.hr\/index.php?rest_route=\/wp\/v2\/posts\/32868","targetHints":{"allow":["GET"]}}],"collection":[{"href":"https:\/\/historiografija.hr\/index.php?rest_route=\/wp\/v2\/posts"}],"about":[{"href":"https:\/\/historiografija.hr\/index.php?rest_route=\/wp\/v2\/types\/post"}],"author":[{"embeddable":true,"href":"https:\/\/historiografija.hr\/index.php?rest_route=\/wp\/v2\/users\/2"}],"replies":[{"embeddable":true,"href":"https:\/\/historiografija.hr\/index.php?rest_route=%2Fwp%2Fv2%2Fcomments&post=32868"}],"version-history":[{"count":1,"href":"https:\/\/historiografija.hr\/index.php?rest_route=\/wp\/v2\/posts\/32868\/revisions"}],"predecessor-version":[{"id":32870,"href":"https:\/\/historiografija.hr\/index.php?rest_route=\/wp\/v2\/posts\/32868\/revisions\/32870"}],"wp:featuredmedia":[{"embeddable":true,"href":"https:\/\/historiografija.hr\/index.php?rest_route=\/wp\/v2\/media\/32869"}],"wp:attachment":[{"href":"https:\/\/historiografija.hr\/index.php?rest_route=%2Fwp%2Fv2%2Fmedia&parent=32868"}],"wp:term":[{"taxonomy":"category","embeddable":true,"href":"https:\/\/historiografija.hr\/index.php?rest_route=%2Fwp%2Fv2%2Fcategories&post=32868"},{"taxonomy":"post_tag","embeddable":true,"href":"https:\/\/historiografija.hr\/index.php?rest_route=%2Fwp%2Fv2%2Ftags&post=32868"}],"curies":[{"name":"wp","href":"https:\/\/api.w.org\/{rel}","templated":true}]}}