{"id":32861,"date":"2022-10-05T19:21:18","date_gmt":"2022-10-05T19:21:18","guid":{"rendered":"http:\/\/historiografija.hr\/?p=32861"},"modified":"2022-10-05T19:24:50","modified_gmt":"2022-10-05T19:24:50","slug":"znanstveno-strucni-skup-opcina-rakovica-u-proslosti-i-sadasnjosti","status":"publish","type":"post","link":"https:\/\/historiografija.hr\/?p=32861","title":{"rendered":"Znanstveno-stru\u010dni skup \u201eOp\u0107ina Rakovica u pro\u0161losti i sada\u0161njosti&#8221;"},"content":{"rendered":"\n<p>Udruga \u201ePodplje\u0161ivi\u010dki grani\u010dari&#8221; Zagreb organizira\u00a0znanstveno-stru\u010dni skup \u201eOp\u0107ina Rakovica u pro\u0161losti i sada\u0161njosti&#8221;\u00a0\u010diji su pokrovitelji op\u0107ina Rakovica i Naklada Slap.<\/p>\n\n\n\n<p>Prvi dio skupa odr\u017eava se u petak 7. listopada 2022. \u00a0u Vatrogasnom domu u Dre\u017enik Gradu s po\u010detkom u\u00a014 sati, a drugi dio u subotu 8. listopada 2022. u Osnovnoj \u0161koli Eugena Kvaternika u Rakovici s po\u010detkom u 13 sati.<\/p>\n\n\n\n<hr class=\"wp-block-separator\"\/>\n\n\n\n<div class=\"wp-block-file\"><a href=\"https:\/\/historiografija.hr\/wp-content\/uploads\/2022\/10\/Knjizica-sazetaka.pdf\">Knjizica-sazetaka<\/a><a href=\"https:\/\/historiografija.hr\/wp-content\/uploads\/2022\/10\/Knjizica-sazetaka.pdf\" class=\"wp-block-file__button\" download>Preuzmi<\/a><\/div>\n\n\n\n<hr class=\"wp-block-separator\"\/>\n\n\n\n<p><a href=\"https:\/\/ubozavalje.blogspot.com\/\">https:\/\/ubozavalje.blogspot.com\/<\/a><\/p>\n\n\n\n<p><a href=\"http:\/\/www.rakovica.hr\/novosti\/poziv-na-znanstveno-strucni-skup-opcina-rakovica-u-proslosti-i-sadasnjosti\">http:\/\/www.rakovica.hr\/novosti\/poziv-na-znanstveno-strucni-skup-opcina-rakovica-u-proslosti-i-sadasnjosti<\/a><\/p>\n\n\n\n<figure class=\"wp-block-embed-wordpress wp-block-embed is-type-wp-embed is-provider-plitvickedoline-hr\"><div class=\"wp-block-embed__wrapper\">\n<blockquote class=\"wp-embedded-content\" data-secret=\"8LUwKvLVxv\"><a href=\"https:\/\/www.plitvickedoline.hr\/znanstveno-strucni-skup-opcina-rakovica-u-proslosti-i-sadasnjosti\/\">Znanstveno-stru\u010dni skup &#8220;Op\u0107ina Rakovica u pro\u0161losti i sada\u0161njosti&#8221;<\/a><\/blockquote><iframe loading=\"lazy\" class=\"wp-embedded-content\" sandbox=\"allow-scripts\" security=\"restricted\" style=\"position: absolute; clip: rect(1px, 1px, 1px, 1px);\" title=\"&#8220;Znanstveno-stru\u010dni skup &#8220;Op\u0107ina Rakovica u pro\u0161losti i sada\u0161njosti&#8221;&#8221; &#8212; PlitvickeDoline.hr\" src=\"https:\/\/www.plitvickedoline.hr\/znanstveno-strucni-skup-opcina-rakovica-u-proslosti-i-sadasnjosti\/embed\/#?secret=8LUwKvLVxv\" data-secret=\"8LUwKvLVxv\" width=\"600\" height=\"338\" frameborder=\"0\" marginwidth=\"0\" marginheight=\"0\" scrolling=\"no\"><\/iframe>\n<\/div><\/figure>\n\n\n\n<hr class=\"wp-block-separator\"\/>\n\n\n\n<p><\/p>\n","protected":false},"excerpt":{"rendered":"","protected":false},"author":2,"featured_media":32863,"comment_status":"open","ping_status":"open","sticky":false,"template":"","format":"standard","meta":{"_acf_changed":false,"_jetpack_newsletter_access":"","_jetpack_dont_email_post_to_subs":false,"_jetpack_newsletter_tier_id":0,"_jetpack_memberships_contains_paywalled_content":false,"_jetpack_memberships_contains_paid_content":false,"footnotes":"","jetpack_publicize_message":"","jetpack_publicize_feature_enabled":true,"jetpack_social_post_already_shared":true,"jetpack_social_options":{"image_generator_settings":{"template":"highway","default_image_id":0,"font":"","enabled":false},"version":2},"jetpack_post_was_ever_published":false},"categories":[3,9],"tags":[],"class_list":["post-32861","post","type-post","status-publish","format-standard","has-post-thumbnail","hentry","category-novosti","category-skupovi"],"acf":{"facebook_opis":""},"jetpack_publicize_connections":[],"jetpack_featured_media_url":"https:\/\/i0.wp.com\/historiografija.hr\/wp-content\/uploads\/2022\/10\/Fotografija-plakat.jpg?fit=1920%2C1080&ssl=1","jetpack_sharing_enabled":true,"jetpack-related-posts":[{"id":54813,"url":"https:\/\/historiografija.hr\/?p=54813","url_meta":{"origin":32861,"position":0},"title":"Objavljen 9. broj \u010dasopisa \u201ePodplje\u0161ivi\u010dki grani\u010dari\u201c za 2025. godinu","author":"Branimir Jankovi\u0107","date":"27. srpnja 2026.","format":false,"excerpt":"Objavljen je 9. broj \u010dasopisa \u201ePodplje\u0161ivi\u010dki grani\u010dari\u201c u kojemu se objavljuju znanstveni i stru\u010dni prilozi iz podru\u010dja povijesne znanosti. Ve\u0107ina radova su radovi autora koji su sudjelovali na znanstveno-stru\u010dnom skupu \u201cOp\u0107ina Saborsko i okolica u pro\u0161losti i sada\u0161njosti\u201d koji je odr\u017ean u Saborskom 17. svibnja 2025. Kad bi se gledalo\u2026","rel":"","context":"U &quot;\u010casopisi&quot;","block_context":{"text":"\u010casopisi","link":"https:\/\/historiografija.hr\/?cat=21"},"img":{"alt_text":"","src":"https:\/\/i0.wp.com\/historiografija.hr\/wp-content\/uploads\/2026\/07\/Podpljesivicki-granicari-scaled.jpg?fit=844%2C1200&ssl=1&resize=350%2C200","width":350,"height":200,"srcset":"https:\/\/i0.wp.com\/historiografija.hr\/wp-content\/uploads\/2026\/07\/Podpljesivicki-granicari-scaled.jpg?fit=844%2C1200&ssl=1&resize=350%2C200 1x, https:\/\/i0.wp.com\/historiografija.hr\/wp-content\/uploads\/2026\/07\/Podpljesivicki-granicari-scaled.jpg?fit=844%2C1200&ssl=1&resize=525%2C300 1.5x, https:\/\/i0.wp.com\/historiografija.hr\/wp-content\/uploads\/2026\/07\/Podpljesivicki-granicari-scaled.jpg?fit=844%2C1200&ssl=1&resize=700%2C400 2x"},"classes":[]},{"id":55152,"url":"https:\/\/historiografija.hr\/?p=55152","url_meta":{"origin":32861,"position":1},"title":"Znanstveno-stru\u010dni skup\u00a0\u201eKorijeni slobode \u2013 prostor Sisa\u010dko-moslava\u010dke \u017eupanije u Domovinskom ratu (1990. \u2013 1995.)\u201c","author":"Filip \u0160imunjak","date":"2. rujna 2026.","format":false,"excerpt":"Sa zadovoljstvom Vas pozivamo na znanstveno-stru\u010dni skup\u00a0\u201eKorijeni slobode \u2013 prostor Sisa\u010dko-moslava\u010dke \u017eupanije u Domovinskom ratu (1990. \u2013 1995.)\u201c, koji \u0107e se odr\u017eati u \u010detvrtak i petak, 17. i 18. rujna 2026. godine, s po\u010detkom u 10.00 sati u Galeriji Kulturno-povijesnog centra Sisa\u010dko-moslava\u010dke \u017eupanije, na adresi Rimska ulica 19 u Sisku.\u2026","rel":"","context":"U &quot;Novosti&quot;","block_context":{"text":"Novosti","link":"https:\/\/historiografija.hr\/?cat=3"},"img":{"alt_text":"","src":"https:\/\/i0.wp.com\/historiografija.hr\/wp-content\/uploads\/2026\/09\/Pozivnica-Korijeni-slobode-skup.webp?fit=1200%2C727&ssl=1&resize=350%2C200","width":350,"height":200,"srcset":"https:\/\/i0.wp.com\/historiografija.hr\/wp-content\/uploads\/2026\/09\/Pozivnica-Korijeni-slobode-skup.webp?fit=1200%2C727&ssl=1&resize=350%2C200 1x, https:\/\/i0.wp.com\/historiografija.hr\/wp-content\/uploads\/2026\/09\/Pozivnica-Korijeni-slobode-skup.webp?fit=1200%2C727&ssl=1&resize=525%2C300 1.5x, https:\/\/i0.wp.com\/historiografija.hr\/wp-content\/uploads\/2026\/09\/Pozivnica-Korijeni-slobode-skup.webp?fit=1200%2C727&ssl=1&resize=700%2C400 2x, https:\/\/i0.wp.com\/historiografija.hr\/wp-content\/uploads\/2026\/09\/Pozivnica-Korijeni-slobode-skup.webp?fit=1200%2C727&ssl=1&resize=1050%2C600 3x"},"classes":[]},{"id":53745,"url":"https:\/\/historiografija.hr\/?p=53745","url_meta":{"origin":32861,"position":2},"title":"U HAZU znanstveno-stru\u010dni skup Hrvatska moderna arhitektura \u2013 problemi vrednovanja, za\u0161tite i obnove","author":"Branimir Jankovi\u0107","date":"26. svibnja 2026.","format":false,"excerpt":"Znanstveno vije\u0107e za arhitekturu, urbanizam i ure\u0111enje prostora Hrvatske akademije znanosti i umjetnosti\u00a0organizira znanstveno-stru\u010dni skup\u00a0Hrvatska moderna arhitektura \u2013\u00a0problemi vrednovanja, za\u0161tite i obnove\u00a0koji \u0107e se odr\u017eati u Knji\u017enici HAZU, Strossmayerov trg 14 u Zagrebu,\u00a0u dvije sesije:\u00a0u ponedjeljak 1. lipnja 2026. od 10 do 14 sati i\u00a0u utorak 16. lipnja 2026. od\u2026","rel":"","context":"U &quot;Novosti&quot;","block_context":{"text":"Novosti","link":"https:\/\/historiografija.hr\/?cat=3"},"img":{"alt_text":"","src":"https:\/\/i0.wp.com\/historiografija.hr\/wp-content\/uploads\/2017\/05\/hazu_zgrada_knjiznice.jpg?fit=640%2C479&ssl=1&resize=350%2C200","width":350,"height":200,"srcset":"https:\/\/i0.wp.com\/historiografija.hr\/wp-content\/uploads\/2017\/05\/hazu_zgrada_knjiznice.jpg?fit=640%2C479&ssl=1&resize=350%2C200 1x, https:\/\/i0.wp.com\/historiografija.hr\/wp-content\/uploads\/2017\/05\/hazu_zgrada_knjiznice.jpg?fit=640%2C479&ssl=1&resize=525%2C300 1.5x"},"classes":[]},{"id":54286,"url":"https:\/\/historiografija.hr\/?p=54286","url_meta":{"origin":32861,"position":3},"title":"Znanstveno-stru\u010dni skup &#8220;Bleibur\u0161ka tragedija i poratne likvidacije 1945.&#8221; u Vukovaru","author":"Branimir Jankovi\u0107","date":"24. lipnja 2026.","format":false,"excerpt":"Veleu\u010dili\u0161te Lavoslav Ru\u017ei\u010dka u Vukovaru i Centar za istra\u017eivanje hrvatskog iseljeni\u0161tva, u suradnji s Po\u010dasnim bleibur\u0161kim vodom, organiziraju znanstveno-stru\u010dni skup \u201eBleibur\u0161ka tragedija i poratne likvidacije 1945.\u201c, koji \u0107e se odr\u017eati u petak, 26. lipnja 2026. godine, od 14 do 17 sati u Kongresnoj dvorani Veleu\u010dili\u0161ta Lavoslav Ru\u017ei\u010dka u Vukovaru. Skup\u2026","rel":"","context":"U &quot;Novosti&quot;","block_context":{"text":"Novosti","link":"https:\/\/historiografija.hr\/?cat=3"},"img":{"alt_text":"","src":"https:\/\/i0.wp.com\/historiografija.hr\/wp-content\/uploads\/2026\/06\/Program-Vukovar.png?fit=1200%2C805&ssl=1&resize=350%2C200","width":350,"height":200,"srcset":"https:\/\/i0.wp.com\/historiografija.hr\/wp-content\/uploads\/2026\/06\/Program-Vukovar.png?fit=1200%2C805&ssl=1&resize=350%2C200 1x, https:\/\/i0.wp.com\/historiografija.hr\/wp-content\/uploads\/2026\/06\/Program-Vukovar.png?fit=1200%2C805&ssl=1&resize=525%2C300 1.5x, https:\/\/i0.wp.com\/historiografija.hr\/wp-content\/uploads\/2026\/06\/Program-Vukovar.png?fit=1200%2C805&ssl=1&resize=700%2C400 2x, https:\/\/i0.wp.com\/historiografija.hr\/wp-content\/uploads\/2026\/06\/Program-Vukovar.png?fit=1200%2C805&ssl=1&resize=1050%2C600 3x"},"classes":[]},{"id":54309,"url":"https:\/\/historiografija.hr\/?p=54309","url_meta":{"origin":32861,"position":4},"title":"Tena Korkut \u201eU ime pradjeda\u201c","author":"Filip \u0160imunjak","date":"25. lipnja 2026.","format":false,"excerpt":"Koncem 2025. godine u nakladi Koordinacije \u017eidovskih op\u0107ina u Republici Hrvatskoj iza\u0161la je knjiga \u201eU ime pradjeda\u201c autorice Tene Korkut, o njenom pretku Davidu Meislu, nadkantoru i voditelju Prvog hrvatskog pjeva\u010dkog dru\u0161tva \u201cZora\u201d.\u00a0 O knjizi Muzikologinja Tamara Jurki\u0107 Sviben istaknula je da je knjiga U ime pradjeda autorice Tene Korkut\u2026","rel":"","context":"U &quot;Knjige&quot;","block_context":{"text":"Knjige","link":"https:\/\/historiografija.hr\/?cat=8"},"img":{"alt_text":"","src":"https:\/\/i0.wp.com\/historiografija.hr\/wp-content\/uploads\/2026\/06\/U-ime-pradjeda.jpg?fit=480%2C600&ssl=1&resize=350%2C200","width":350,"height":200},"classes":[]},{"id":53698,"url":"https:\/\/historiografija.hr\/?p=53698","url_meta":{"origin":32861,"position":5},"title":"Me\u0111unarodni znanstveno-stru\u010dni skup &#8220;Imotska krajina u Domovinskom ratu &#8211; 35 godina poslije&#8221;","author":"Branimir Jankovi\u0107","date":"25. svibnja 2026.","format":false,"excerpt":"Me\u0111unarodni znanstveno-stru\u010dni skup Imotska krajina u Domovinskom ratu \u2013 35 godina poslije okuplja sudionike iz akademske, stru\u010dne i dru\u0161tvene zajednice s ciljem razmjene spoznaja o ulozi Imotske krajine u Domovinskom ratu te o\u010duvanja povijesne i dru\u0161tvene memorije.\u00a0 Suorganizatori i partneri skupa su: Hrvatsko vojno u\u010dili\u0161te \u201eDr. Franjo Tu\u0111man\u201d, Sveu\u010dili\u0161te obrane\u2026","rel":"","context":"U &quot;Novosti&quot;","block_context":{"text":"Novosti","link":"https:\/\/historiografija.hr\/?cat=3"},"img":{"alt_text":"","src":"https:\/\/i0.wp.com\/historiografija.hr\/wp-content\/uploads\/2026\/05\/plakat-za-WEB-2.jpg?fit=1200%2C543&ssl=1&resize=350%2C200","width":350,"height":200,"srcset":"https:\/\/i0.wp.com\/historiografija.hr\/wp-content\/uploads\/2026\/05\/plakat-za-WEB-2.jpg?fit=1200%2C543&ssl=1&resize=350%2C200 1x, https:\/\/i0.wp.com\/historiografija.hr\/wp-content\/uploads\/2026\/05\/plakat-za-WEB-2.jpg?fit=1200%2C543&ssl=1&resize=525%2C300 1.5x, https:\/\/i0.wp.com\/historiografija.hr\/wp-content\/uploads\/2026\/05\/plakat-za-WEB-2.jpg?fit=1200%2C543&ssl=1&resize=700%2C400 2x, https:\/\/i0.wp.com\/historiografija.hr\/wp-content\/uploads\/2026\/05\/plakat-za-WEB-2.jpg?fit=1200%2C543&ssl=1&resize=1050%2C600 3x"},"classes":[]}],"_links":{"self":[{"href":"https:\/\/historiografija.hr\/index.php?rest_route=\/wp\/v2\/posts\/32861","targetHints":{"allow":["GET"]}}],"collection":[{"href":"https:\/\/historiografija.hr\/index.php?rest_route=\/wp\/v2\/posts"}],"about":[{"href":"https:\/\/historiografija.hr\/index.php?rest_route=\/wp\/v2\/types\/post"}],"author":[{"embeddable":true,"href":"https:\/\/historiografija.hr\/index.php?rest_route=\/wp\/v2\/users\/2"}],"replies":[{"embeddable":true,"href":"https:\/\/historiografija.hr\/index.php?rest_route=%2Fwp%2Fv2%2Fcomments&post=32861"}],"version-history":[{"count":4,"href":"https:\/\/historiografija.hr\/index.php?rest_route=\/wp\/v2\/posts\/32861\/revisions"}],"predecessor-version":[{"id":32867,"href":"https:\/\/historiografija.hr\/index.php?rest_route=\/wp\/v2\/posts\/32861\/revisions\/32867"}],"wp:featuredmedia":[{"embeddable":true,"href":"https:\/\/historiografija.hr\/index.php?rest_route=\/wp\/v2\/media\/32863"}],"wp:attachment":[{"href":"https:\/\/historiografija.hr\/index.php?rest_route=%2Fwp%2Fv2%2Fmedia&parent=32861"}],"wp:term":[{"taxonomy":"category","embeddable":true,"href":"https:\/\/historiografija.hr\/index.php?rest_route=%2Fwp%2Fv2%2Fcategories&post=32861"},{"taxonomy":"post_tag","embeddable":true,"href":"https:\/\/historiografija.hr\/index.php?rest_route=%2Fwp%2Fv2%2Ftags&post=32861"}],"curies":[{"name":"wp","href":"https:\/\/api.w.org\/{rel}","templated":true}]}}