{"id":32840,"date":"2022-10-03T18:37:42","date_gmt":"2022-10-03T18:37:42","guid":{"rendered":"http:\/\/historiografija.hr\/?p=32840"},"modified":"2022-10-03T18:50:34","modified_gmt":"2022-10-03T18:50:34","slug":"znanstveno-strucni-skup-kosinjska-dolina-jucer-danas-i-sutra","status":"publish","type":"post","link":"https:\/\/historiografija.hr\/?p=32840","title":{"rendered":"Znanstveno-stru\u010dni skup \u201cKosinjska dolina \u2013 ju\u010der, danas i sutra\u201d"},"content":{"rendered":"\n<p>U Osnovnoj \u0161koli \u201cAn\u017e Frankopan\u201d Kosinj u Gornjem Kosinju odr\u017ean je 30. rujna 2022. znanstveno-stru\u010dni skup \u201cKosinjska dolina \u2013 ju\u010der, danas i sutra\u201d. Skup je organizirao Institut dru\u0161tvenih znanosti Ivo Pilar u suradnji s Hrvatskim institutom za povijest, Institutom za hrvatski jezik i jezikoslovlje, Odjelom za nastavni\u010dke studije u Gospi\u0107u Sveu\u010dili\u0161ta u Zadru, Dr\u017eavnim arhivom u Gospi\u0107u, Muzejom Like Gospi\u0107 te Znanstvenim i kulturnim dru\u0161tvom Kosinj.<\/p>\n\n\n\n<hr class=\"wp-block-separator\"\/>\n\n\n\n<p>Op\u0161irnije:<\/p>\n\n\n\n<figure class=\"wp-block-embed-wordpress wp-block-embed is-type-wp-embed is-provider-institut-drustvenih-znanosti-ivo-pilar\"><div class=\"wp-block-embed__wrapper\">\n<blockquote class=\"wp-embedded-content\" data-secret=\"o82DDiffke\"><a href=\"https:\/\/www.pilar.hr\/2022\/09\/znanstveno-strucni-skup-kosinjska-dolina-jucer-danas-i-sutra-30-9-2022\/\">Znanstveno-stru\u010dni skup \u201cKosinjska dolina &#8211; ju\u010der, danas i sutra\u201d, 30. 9. 2022.<\/a><\/blockquote><iframe loading=\"lazy\" class=\"wp-embedded-content\" sandbox=\"allow-scripts\" security=\"restricted\" style=\"position: absolute; clip: rect(1px, 1px, 1px, 1px);\" title=\"&#8220;Znanstveno-stru\u010dni skup \u201cKosinjska dolina &#8211; ju\u010der, danas i sutra\u201d, 30. 9. 2022.&#8221; &#8212; Institut dru\u0161tvenih znanosti Ivo Pilar\" src=\"https:\/\/www.pilar.hr\/2022\/09\/znanstveno-strucni-skup-kosinjska-dolina-jucer-danas-i-sutra-30-9-2022\/embed\/#?secret=PVa9vZmh5c#?secret=o82DDiffke\" data-secret=\"o82DDiffke\" width=\"600\" height=\"338\" frameborder=\"0\" marginwidth=\"0\" marginheight=\"0\" scrolling=\"no\"><\/iframe>\n<\/div><\/figure>\n\n\n\n<hr class=\"wp-block-separator\"\/>\n","protected":false},"excerpt":{"rendered":"","protected":false},"author":2,"featured_media":32841,"comment_status":"open","ping_status":"open","sticky":false,"template":"","format":"standard","meta":{"_acf_changed":false,"jetpack_post_was_ever_published":false,"_jetpack_newsletter_access":"","_jetpack_dont_email_post_to_subs":false,"_jetpack_newsletter_tier_id":0,"_jetpack_memberships_contains_paywalled_content":false,"_jetpack_memberships_contains_paid_content":false,"footnotes":"","jetpack_publicize_message":"","jetpack_publicize_feature_enabled":true,"jetpack_social_post_already_shared":true,"jetpack_social_options":{"image_generator_settings":{"template":"highway","default_image_id":0,"font":"","enabled":false},"version":2}},"categories":[3,9],"tags":[],"class_list":["post-32840","post","type-post","status-publish","format-standard","has-post-thumbnail","hentry","category-novosti","category-skupovi"],"acf":{"facebook_opis":""},"jetpack_publicize_connections":[],"jetpack_featured_media_url":"https:\/\/i0.wp.com\/historiografija.hr\/wp-content\/uploads\/2022\/10\/Program_Kosinj.jpg?fit=620%2C432&ssl=1","jetpack_sharing_enabled":true,"jetpack-related-posts":[],"_links":{"self":[{"href":"https:\/\/historiografija.hr\/index.php?rest_route=\/wp\/v2\/posts\/32840","targetHints":{"allow":["GET"]}}],"collection":[{"href":"https:\/\/historiografija.hr\/index.php?rest_route=\/wp\/v2\/posts"}],"about":[{"href":"https:\/\/historiografija.hr\/index.php?rest_route=\/wp\/v2\/types\/post"}],"author":[{"embeddable":true,"href":"https:\/\/historiografija.hr\/index.php?rest_route=\/wp\/v2\/users\/2"}],"replies":[{"embeddable":true,"href":"https:\/\/historiografija.hr\/index.php?rest_route=%2Fwp%2Fv2%2Fcomments&post=32840"}],"version-history":[{"count":1,"href":"https:\/\/historiografija.hr\/index.php?rest_route=\/wp\/v2\/posts\/32840\/revisions"}],"predecessor-version":[{"id":32842,"href":"https:\/\/historiografija.hr\/index.php?rest_route=\/wp\/v2\/posts\/32840\/revisions\/32842"}],"wp:featuredmedia":[{"embeddable":true,"href":"https:\/\/historiografija.hr\/index.php?rest_route=\/wp\/v2\/media\/32841"}],"wp:attachment":[{"href":"https:\/\/historiografija.hr\/index.php?rest_route=%2Fwp%2Fv2%2Fmedia&parent=32840"}],"wp:term":[{"taxonomy":"category","embeddable":true,"href":"https:\/\/historiografija.hr\/index.php?rest_route=%2Fwp%2Fv2%2Fcategories&post=32840"},{"taxonomy":"post_tag","embeddable":true,"href":"https:\/\/historiografija.hr\/index.php?rest_route=%2Fwp%2Fv2%2Ftags&post=32840"}],"curies":[{"name":"wp","href":"https:\/\/api.w.org\/{rel}","templated":true}]}}