{"id":32830,"date":"2022-10-03T16:18:00","date_gmt":"2022-10-03T16:18:00","guid":{"rendered":"http:\/\/historiografija.hr\/?p=32830"},"modified":"2022-10-03T16:19:39","modified_gmt":"2022-10-03T16:19:39","slug":"43-zagrebacki-knjizevni-razgovori-srednja-europa-kulturoloski-ili-geografski-pojam","status":"publish","type":"post","link":"https:\/\/historiografija.hr\/?p=32830","title":{"rendered":"43. Zagreba\u010dki knji\u017eevni razgovori &#8211; Srednja Europa: kulturolo\u0161ki ili geografski pojam"},"content":{"rendered":"\n<p>Bogat programski sadr\u017eaj koji predvi\u0111a izlaganja, diskusije, glazbeni dio programa i predstavljanje knjige, osim hrvatskih predstavnika upotpunjuju i sudionici iz raznih zemalja (Italija, Austrija, Crna Gora, \u010ce\u0161ka, Sjeverna Makedonija, Poljska i Ukrajina).<\/p>\n\n\n\n<hr class=\"wp-block-separator\"\/>\n\n\n\n<p>Zagreba\u010dki knji\u017eevni razgovori Dru\u0161tva hrvatskih knji\u017eevnika pokrenuti su sad ve\u0107 davne 1969. godine na inicijativu pjesnika Slavka Mihali\u0107a i jedna je od najdugovje\u010dnijih knji\u017eevnih manifestacija u Hrvatskoj, ali i \u0161ire. U 42. prethodna susreta na ZKR-u su sudjelovali pisci, knji\u017eevni kriti\u010dari, jezikoslovci, prevoditelji, kulturolozi, ljudi naj\u0161irih pogleda na knji\u017eevnost iz Hrvatske i svijeta \u2013 sveukupno njih preko tisu\u0107u. Raznolikost tema i razli\u010diti pristupi i danas Razgovore \u010dine jednako zanimljivim, va\u017enim i potrebnim, a radovi objavljeni u \u010dasopisima <em>Most<\/em> i <em>Republika<\/em>, ostaju kao trajna vrijednost na uvid budu\u0107im generacijama.<\/p>\n\n\n\n<hr class=\"wp-block-separator\"\/>\n\n\n\n<p>Ove godine, od 5. do 8. listopada u prostorijama Dru\u0161tva hrvatskih knji\u017eevnika o temi <em>Srednja Europa: kulturolo\u0161ki ili geografski pojam <\/em>razgovarat \u0107e pro\u010delnik Odsjeka za slavensku filologiju Jagiellonskoga sveu\u010dili\u0161ta u Krakovu Maciej Czerwi\u0144ski (Poljska), Fulvio Senardi (Italija), knji\u017eevnik Florian Neuner (Austrija), knji\u017eevnica i dekanica Umjetni\u010dke akademije u Osijeku Helena Sabli\u0107 Tomi\u0107, novinar i esejist Matija \u0160tahan, izvanredna profesorica na Odsjeku za zapadnoslavenske jezike i knji\u017eevnosti te predstojnica Katedre za slova\u010dki jezik i knji\u017eevnost Filozofskoga fakulteta Sveu\u010dili\u0161ta u Zagrebu Zrinka Stri\u010devi\u0107 Kova\u010devi\u0107, povjesni\u010dar i redoviti profesor Filozofskog fakulteta Sveu\u010dili\u0161ta u Zagrebu Damir Agi\u010di\u0107, urednik i profesor na Filozofskom fakultetu Sveu\u010dili\u0161ta Palack\u00fd u Olomoucu Jiri Hrabal, pisac, prevoditelj, nakladnik Sa\u0161o Ognenovski (Sjeverna Makedonija), Andrea Grill (Italija), knji\u017eevna znanstvenica i ravnateljica\u00a0 Agencije za odgoj i obrazovanje Dubravka Brezak Stama\u0107, ukrajinska knji\u017eevnica Daria Lisenko (Ukrajina) te prevoditelj i knji\u017eevnik Andy Jel\u010di\u0107.<\/p>\n\n\n\n<p>Ulaz na sve programe je slobodan.<\/p>\n\n\n\n<hr class=\"wp-block-separator\"\/>\n\n\n\n<figure class=\"wp-block-image size-large\"><img data-recalc-dims=\"1\" loading=\"lazy\" decoding=\"async\" width=\"860\" height=\"491\" data-attachment-id=\"32833\" data-permalink=\"https:\/\/historiografija.hr\/?attachment_id=32833\" data-orig-file=\"https:\/\/i0.wp.com\/historiografija.hr\/wp-content\/uploads\/2022\/10\/knjizevni_razgovori_2022-scaled.jpg?fit=2560%2C1462&amp;ssl=1\" data-orig-size=\"2560,1462\" data-comments-opened=\"1\" data-image-meta=\"{&quot;aperture&quot;:&quot;0&quot;,&quot;credit&quot;:&quot;&quot;,&quot;camera&quot;:&quot;&quot;,&quot;caption&quot;:&quot;&quot;,&quot;created_timestamp&quot;:&quot;0&quot;,&quot;copyright&quot;:&quot;&quot;,&quot;focal_length&quot;:&quot;0&quot;,&quot;iso&quot;:&quot;0&quot;,&quot;shutter_speed&quot;:&quot;0&quot;,&quot;title&quot;:&quot;&quot;,&quot;orientation&quot;:&quot;0&quot;}\" data-image-title=\"knjizevni_razgovori_2022\" data-image-description=\"\" data-image-caption=\"\" data-large-file=\"https:\/\/i0.wp.com\/historiografija.hr\/wp-content\/uploads\/2022\/10\/knjizevni_razgovori_2022-scaled.jpg?fit=860%2C491&amp;ssl=1\" src=\"https:\/\/i0.wp.com\/historiografija.hr\/wp-content\/uploads\/2022\/10\/knjizevni_razgovori_2022.jpg?resize=860%2C491&#038;ssl=1\" alt=\"\" class=\"wp-image-32833\" srcset=\"https:\/\/i0.wp.com\/historiografija.hr\/wp-content\/uploads\/2022\/10\/knjizevni_razgovori_2022-scaled.jpg?resize=1024%2C585&amp;ssl=1 1024w, https:\/\/i0.wp.com\/historiografija.hr\/wp-content\/uploads\/2022\/10\/knjizevni_razgovori_2022-scaled.jpg?resize=300%2C171&amp;ssl=1 300w, https:\/\/i0.wp.com\/historiografija.hr\/wp-content\/uploads\/2022\/10\/knjizevni_razgovori_2022-scaled.jpg?resize=768%2C438&amp;ssl=1 768w, https:\/\/i0.wp.com\/historiografija.hr\/wp-content\/uploads\/2022\/10\/knjizevni_razgovori_2022-scaled.jpg?resize=1536%2C877&amp;ssl=1 1536w, https:\/\/i0.wp.com\/historiografija.hr\/wp-content\/uploads\/2022\/10\/knjizevni_razgovori_2022-scaled.jpg?resize=2048%2C1169&amp;ssl=1 2048w, https:\/\/i0.wp.com\/historiografija.hr\/wp-content\/uploads\/2022\/10\/knjizevni_razgovori_2022-scaled.jpg?w=1720&amp;ssl=1 1720w\" sizes=\"auto, (max-width: 860px) 100vw, 860px\" \/><\/figure>\n\n\n\n<p>Izvor:<\/p>\n\n\n\n<p><a href=\"http:\/\/dhk.hr\/zagrebacki-knjizevni-razgovori\/hrvatska\/43.-zagrebacki-knjizevni-razgovori\">http:\/\/dhk.hr\/zagrebacki-knjizevni-razgovori\/hrvatska\/43.-zagrebacki-knjizevni-razgovori<\/a><\/p>\n\n\n\n<hr class=\"wp-block-separator\"\/>\n","protected":false},"excerpt":{"rendered":"","protected":false},"author":2,"featured_media":32831,"comment_status":"open","ping_status":"open","sticky":false,"template":"","format":"standard","meta":{"_acf_changed":false,"jetpack_post_was_ever_published":false,"_jetpack_newsletter_access":"","_jetpack_dont_email_post_to_subs":false,"_jetpack_newsletter_tier_id":0,"_jetpack_memberships_contains_paywalled_content":false,"_jetpack_memberships_contains_paid_content":false,"footnotes":"","jetpack_publicize_message":"","jetpack_publicize_feature_enabled":true,"jetpack_social_post_already_shared":true,"jetpack_social_options":{"image_generator_settings":{"template":"highway","default_image_id":0,"font":"","enabled":false},"version":2}},"categories":[3,9],"tags":[],"class_list":["post-32830","post","type-post","status-publish","format-standard","has-post-thumbnail","hentry","category-novosti","category-skupovi"],"acf":{"facebook_opis":""},"jetpack_publicize_connections":[],"jetpack_featured_media_url":"https:\/\/i0.wp.com\/historiografija.hr\/wp-content\/uploads\/2022\/10\/knjizevni_razgovori_2022_program.jpg?fit=800%2C1132&ssl=1","jetpack_sharing_enabled":true,"jetpack-related-posts":[],"_links":{"self":[{"href":"https:\/\/historiografija.hr\/index.php?rest_route=\/wp\/v2\/posts\/32830","targetHints":{"allow":["GET"]}}],"collection":[{"href":"https:\/\/historiografija.hr\/index.php?rest_route=\/wp\/v2\/posts"}],"about":[{"href":"https:\/\/historiografija.hr\/index.php?rest_route=\/wp\/v2\/types\/post"}],"author":[{"embeddable":true,"href":"https:\/\/historiografija.hr\/index.php?rest_route=\/wp\/v2\/users\/2"}],"replies":[{"embeddable":true,"href":"https:\/\/historiografija.hr\/index.php?rest_route=%2Fwp%2Fv2%2Fcomments&post=32830"}],"version-history":[{"count":2,"href":"https:\/\/historiografija.hr\/index.php?rest_route=\/wp\/v2\/posts\/32830\/revisions"}],"predecessor-version":[{"id":32834,"href":"https:\/\/historiografija.hr\/index.php?rest_route=\/wp\/v2\/posts\/32830\/revisions\/32834"}],"wp:featuredmedia":[{"embeddable":true,"href":"https:\/\/historiografija.hr\/index.php?rest_route=\/wp\/v2\/media\/32831"}],"wp:attachment":[{"href":"https:\/\/historiografija.hr\/index.php?rest_route=%2Fwp%2Fv2%2Fmedia&parent=32830"}],"wp:term":[{"taxonomy":"category","embeddable":true,"href":"https:\/\/historiografija.hr\/index.php?rest_route=%2Fwp%2Fv2%2Fcategories&post=32830"},{"taxonomy":"post_tag","embeddable":true,"href":"https:\/\/historiografija.hr\/index.php?rest_route=%2Fwp%2Fv2%2Ftags&post=32830"}],"curies":[{"name":"wp","href":"https:\/\/api.w.org\/{rel}","templated":true}]}}