{"id":32821,"date":"2022-09-30T22:37:35","date_gmt":"2022-09-30T22:37:35","guid":{"rendered":"http:\/\/historiografija.hr\/?p=32821"},"modified":"2022-09-30T22:39:04","modified_gmt":"2022-09-30T22:39:04","slug":"medunarodna-konferencija-digitalna-povijest-umjetnosti-iv","status":"publish","type":"post","link":"https:\/\/historiografija.hr\/?p=32821","title":{"rendered":"Me\u0111unarodna konferencija \u201eDigitalna povijest umjetnosti IV\u201c"},"content":{"rendered":"\n<p>Nacionalna i sveu\u010dili\u0161na knji\u017enica u Zagrebu, 3. i 4. listopada 2022.<br><br>Konferenciju organiziraju Institut za povijest umjetnosti u Zagrebu, Sveu\u010dili\u0161ni ra\u010dunski centar SRCE, Akademija za likovnu umjetnost i oblikovanje u Ljubljani, DARIAH-HR te Nacionalna i sveu\u010dili\u0161na knji\u017enica u Zagrebu.<\/p>\n\n\n\n<p>Me\u0111unarodna konferencija \u201e<strong>Digitalna povijest umjetnosti \u2013 metode, prakse, epistemologija\u201d <\/strong>po \u010detvrti \u0107e put okupiti doma\u0107e i inozemne znanstvenike i stru\u010dnjake u podru\u010dju digitalne povijesti umjetnosti i arhitekture, studija vizualne kulture, muzeologije, informati\u010dkih znanosti te umjetnosti i dizajna. Fokusiraju\u0107i se na pojam kompleksnosti, \u010detrdeset \u010detiri izlaga\u010da iz dvanaest zemalja (Francuska, Hrvatska, Italija, Njema\u010dka, Portugal, Rusija, Slovenija, Srbija, \u0160panjolska, \u0160vedska, \u0160vicarska, Ukrajina) predstavit \u0107e recentna istra\u017eivanja. Raspon tema propitanih kroz pojam kompleksnosti se\u017ee od mre\u017ene, socio-semanti\u010dke i digitalne analize slike, preko kompleksnih procesa prevo\u0111enja analognih podataka u digitalni format i problema arhivskih praznina, do upotrebe \u201eve\u0107ih\u201c podataka, inkluzije marginaliziranih aktera i teritorija te razmatranja na\u010dina na koji digitalne metode utje\u010du na produkciju znanja unutar polja.<\/p>\n\n\n\n<p><strong>Znanstveni odbor<\/strong><br>dr.sc. Kathryn Brown, Sveu\u010dili\u0161te Loughborough, Katedra za dru\u0161tvene i humanisti\u010dke znanosti<br>dr.sc. Boris \u010cu\u010dkovi\u0107 Berger, Sveu\u010dili\u0161te Ludwig Maximilian, M\u00fcnchen<br>dr.sc. Ana Esteban Maluenda, Politehni\u010dko sveu\u010dili\u0161te u Madridu<br>dr.sc. Petja Grafenauer, Sveu\u010dili\u0161te u Ljubljani, Akademija za likovnu umjetnost i oblikovanje<br>dr.sc. Petar Jandri\u0107, Tehni\u010dko veleu\u010dili\u0161te, Zagreb<br>dr.sc. Ljiljana Kole\u0161nik, Institut za povijest umjetnosti, Zagreb<br>dr.sc. Stefania de Vincentis, Sveu\u010dili\u0161te Ca&#8217; Foscari, Venecija<br>dr.sc. Vinko Zlati\u0107, Institut Ru\u0111er Bo\u0161kovi\u0107, Zagreb<br>dr.sc. Goran Zlodi, Sveu\u010dili\u0161te u Zagrebu, Filozofski fakultet<\/p>\n\n\n\n<p><strong>Organizacijski odbor<\/strong><br>dr.sc. Sanja Sekelj, Institut za povijest umjetnosti, Zagreb<br>dr.sc. Ljiljana Kole\u0161nik, Institut za povijest umjetnosti, Zagreb<br>Martina Bobinac, Institut za povijest umjetnosti, Zagreb<br>dr.sc. Sanja Horvatin\u010di\u0107, Institut za povijest umjetnosti, Zagreb<br>Ana \u0106uri\u0107, Institut za povijest umjetnosti, Zagreb<br>Dra\u017eenko Celjak, Sveu\u010dili\u0161ni ra\u010dunski centar SRCE<br>dr.sc. Da\u0161a Tepina, Sveu\u010dili\u0161te u Ljubljani, Akademija za likovnu umjetnost i oblikovanje<br>dr.sc. Koraljka Kuzman \u0160logar, DARIAH-HR<\/p>\n\n\n\n<p><strong>Plenarna izlaganja<\/strong><br>Maximilian Schich, Hubertus Kohle<\/p>\n\n\n\n<p><strong>Izlaga\u010di\/ce<\/strong><br>Julia Amatuni, Pepe Ballesteros Zapata, Helena Barranha, Nicola Carboni, Dejana Cari\u0107, Dra\u017eenko Celjak, Eva Cetini\u0107, Claire Dupin de Beyssat, Ana Ere\u0161, David Escudero, Ana Esteban Maluenda, Beatriz Gamboa, Marta Garc\u00eda Carbonero, Petja Grafenauer, Liudmyla Herus, Tajana Jaklenec, B\u00e9atrice Joyeux Prunel, Ljiljana Kole\u0161nik, Max Koss, Olena Kozakevych, Tetiana Kutsyr, Dominik Lengyel, Fabio Mariani, Nicol\u00e1s Marin\u00e9, Diego Mart\u00edn S\u00e1nchez, Sandra Milovanovi\u0107 Soldati\u0107, Anna N\u00e4slund Dahlgreb, Jovana Nedeljkovi\u0107, Olena Nykorak, Rodrigo de la O, Catherine Phillips, Kristina Posavec, Tihana Puc, Lynn Rother, Anastasia Sabinina, Laura S\u00e1nchez Carrasco, Sanja Sekelj, Andrej Srakar, Artur \u0160ili\u0107, \u017deljka Tonkovi\u0107, Catherine Toulouse, Marilena Vecco, Chiara Vitaloni, Suzana Vuksanovi\u0107, Amanda Wasielewski<\/p>\n\n\n\n<p><a href=\"https:\/\/www.ipu.hr\/content\/info\/IPU-DAH-IV-2022_Programme.pdf\">PROGRAM<\/a><\/p>\n\n\n\n<p><a href=\"https:\/\/www.ipu.hr\/content\/info\/IPU-DAH-IV-2022_Book-of-Abstracts%20_.pdf\">KNJI\u017dICA SA\u017dETAKA<\/a><\/p>\n\n\n\n<p><strong>Konferencija se odr\u017eava u hibridnom formatu. Za sudjelovanje na konferenciji u\u017eivo potrebno se javiti imenom, prezimenom i OIB-om ili brojem osobne iskaznice do petka 30. rujna 2022. godine na adresu <\/strong><a href=\"mailto:mbobinac@ipu.hr\"><strong>mbobinac@ipu.hr<\/strong><\/a><strong>. Za pra\u0107enje konferencije <\/strong><em><strong>online<\/strong><\/em><strong> putem aplikacije ZOOM potrebno se javiti imenom i prezimenom do nedjelje 2. listopada 2022. godine na adresu <\/strong><a href=\"mailto:mbobinac@ipu.hr\"><strong>mbobinac@ipu.hr<\/strong><\/a><strong>.<\/strong><\/p>\n\n\n\n<p>Konferencija se odr\u017eava u sklopu projekta <strong>\u201eModeli i prakse globalne kulturne razmjene i pokret Nesvrstanih zemalja. Istra\u017eivanje prostorno-vremenske kulturne dinamike\u201c<\/strong>, koji provode Institut za povijest umjetnosti u Zagrebu i Akademija za likovnu umjetnosti i dizajn Sveu\u010dili\u0161ta u Ljubljani. Projekt financiraju Hrvatska zaklada za znanost (HRZZ) i Javna agencija za raziskovalnu dejavnost Republike Slovenije (ARRS).<\/p>\n\n\n\n<p>Za vi\u0161e o projektu vidi: <a href=\"https:\/\/www.nam-globe-exchange.org\/\">https:\/\/www.nam-globe-exchange.org\/<\/a><\/p>\n\n\n\n<hr class=\"wp-block-separator\"\/>\n\n\n\n<p>Izvor:<\/p>\n\n\n\n<p><a href=\"https:\/\/www.ipu.hr\/article\/hr\/1278\/digitalna-povijest-umjetnosti-iv\">https:\/\/www.ipu.hr\/article\/hr\/1278\/digitalna-povijest-umjetnosti-iv<\/a><\/p>\n\n\n\n<hr class=\"wp-block-separator\"\/>\n","protected":false},"excerpt":{"rendered":"","protected":false},"author":2,"featured_media":32822,"comment_status":"open","ping_status":"open","sticky":false,"template":"","format":"standard","meta":{"_acf_changed":false,"jetpack_post_was_ever_published":false,"_jetpack_newsletter_access":"","_jetpack_dont_email_post_to_subs":false,"_jetpack_newsletter_tier_id":0,"_jetpack_memberships_contains_paywalled_content":false,"_jetpack_memberships_contains_paid_content":false,"footnotes":"","jetpack_publicize_message":"","jetpack_publicize_feature_enabled":true,"jetpack_social_post_already_shared":true,"jetpack_social_options":{"image_generator_settings":{"template":"highway","default_image_id":0,"font":"","enabled":false},"version":2}},"categories":[3,9],"tags":[],"class_list":["post-32821","post","type-post","status-publish","format-standard","has-post-thumbnail","hentry","category-novosti","category-skupovi"],"acf":{"facebook_opis":""},"jetpack_publicize_connections":[],"jetpack_featured_media_url":"https:\/\/i0.wp.com\/historiografija.hr\/wp-content\/uploads\/2022\/09\/dah-iv-vizual.png?fit=900%2C560&ssl=1","jetpack_sharing_enabled":true,"jetpack-related-posts":[],"_links":{"self":[{"href":"https:\/\/historiografija.hr\/index.php?rest_route=\/wp\/v2\/posts\/32821","targetHints":{"allow":["GET"]}}],"collection":[{"href":"https:\/\/historiografija.hr\/index.php?rest_route=\/wp\/v2\/posts"}],"about":[{"href":"https:\/\/historiografija.hr\/index.php?rest_route=\/wp\/v2\/types\/post"}],"author":[{"embeddable":true,"href":"https:\/\/historiografija.hr\/index.php?rest_route=\/wp\/v2\/users\/2"}],"replies":[{"embeddable":true,"href":"https:\/\/historiografija.hr\/index.php?rest_route=%2Fwp%2Fv2%2Fcomments&post=32821"}],"version-history":[{"count":1,"href":"https:\/\/historiografija.hr\/index.php?rest_route=\/wp\/v2\/posts\/32821\/revisions"}],"predecessor-version":[{"id":32823,"href":"https:\/\/historiografija.hr\/index.php?rest_route=\/wp\/v2\/posts\/32821\/revisions\/32823"}],"wp:featuredmedia":[{"embeddable":true,"href":"https:\/\/historiografija.hr\/index.php?rest_route=\/wp\/v2\/media\/32822"}],"wp:attachment":[{"href":"https:\/\/historiografija.hr\/index.php?rest_route=%2Fwp%2Fv2%2Fmedia&parent=32821"}],"wp:term":[{"taxonomy":"category","embeddable":true,"href":"https:\/\/historiografija.hr\/index.php?rest_route=%2Fwp%2Fv2%2Fcategories&post=32821"},{"taxonomy":"post_tag","embeddable":true,"href":"https:\/\/historiografija.hr\/index.php?rest_route=%2Fwp%2Fv2%2Ftags&post=32821"}],"curies":[{"name":"wp","href":"https:\/\/api.w.org\/{rel}","templated":true}]}}