{"id":32817,"date":"2022-09-30T22:29:14","date_gmt":"2022-09-30T22:29:14","guid":{"rendered":"http:\/\/historiografija.hr\/?p=32817"},"modified":"2022-10-06T20:34:03","modified_gmt":"2022-10-06T20:34:03","slug":"preminuo-povjesnicar-paul-veyne","status":"publish","type":"post","link":"https:\/\/historiografija.hr\/?p=32817","title":{"rendered":"Preminuo povjesni\u010dar Paul Veyne"},"content":{"rendered":"\n<p>U 92. godini preminuo je istaknuti francuski povjesni\u010dar i arheolog Paul Veyne (1930-2022), specijalist za anti\u010dku Gr\u010dku i Rim. Na hrvatski su prevedene njegove knjige \u201ePalmira: nezamjenjivo blago\u201c (2016), \u201eJesu li Grci vjerovali u svoje mitove? Ogled o konstitutivnoj imaginaciji\u201c (2017), \u201eKada je na\u0161 svijet postao kr\u0161\u0107anski (312-394)\u201c (2019), a na srpski \u201ePorodica i ljubav u Rimskom carstvu\u201c (2012), \u201eFuko: kao mislilac i kao \u010dovek\u201c (2014) i druge.<\/p>\n\n\n\n<hr class=\"wp-block-separator\"\/>\n\n\n\n<p>Obavijesti o smrti:<\/p>\n\n\n\n<p><a href=\"https:\/\/www.lemonde.fr\/disparitions\/article\/2022\/09\/29\/l-historien-paul-veyne-specialiste-de-l-antiquite-grecque-et-romaine-est-mort_6143689_3382.html\">https:\/\/www.lemonde.fr\/disparitions\/article\/2022\/09\/29\/l-historien-paul-veyne-specialiste-de-l-antiquite-grecque-et-romaine-est-mort_6143689_3382.html<\/a><\/p>\n\n\n\n<p><a href=\"https:\/\/www.lefigaro.fr\/livres\/mort-de-l-historien-paul-veyne-a-92-ans-20220929\">https:\/\/www.lefigaro.fr\/livres\/mort-de-l-historien-paul-veyne-a-92-ans-20220929<\/a><\/p>\n\n\n\n<figure class=\"wp-block-embed-wordpress wp-block-embed is-type-wp-embed is-provider-time-news\"><div class=\"wp-block-embed__wrapper\">\n<blockquote class=\"wp-embedded-content\" data-secret=\"CcLHj6RtXe\"><a href=\"https:\/\/time.news\/death-of-the-historian-paul-veyne-antiquity-shared\/\">Death of the historian Paul Veyne: Antiquity shared<\/a><\/blockquote><iframe loading=\"lazy\" class=\"wp-embedded-content\" sandbox=\"allow-scripts\" security=\"restricted\" style=\"position: absolute; clip: rect(1px, 1px, 1px, 1px);\" title=\"&#8220;Death of the historian Paul Veyne: Antiquity shared&#8221; &#8212; Time News\" src=\"https:\/\/time.news\/death-of-the-historian-paul-veyne-antiquity-shared\/embed\/#?secret=FIwAtTdu2w#?secret=CcLHj6RtXe\" data-secret=\"CcLHj6RtXe\" width=\"600\" height=\"338\" frameborder=\"0\" marginwidth=\"0\" marginheight=\"0\" scrolling=\"no\"><\/iframe>\n<\/div><\/figure>\n\n\n\n<hr class=\"wp-block-separator\"\/>\n\n\n\n<p>Prijevodna izdanja:<\/p>\n\n\n\n<p><a href=\"https:\/\/www.tim-press.hr\/hr\/autori\/paul-veyne\/\">https:\/\/www.tim-press.hr\/hr\/autori\/paul-veyne\/<\/a><\/p>\n\n\n\n<figure class=\"wp-block-embed-wordpress wp-block-embed is-type-wp-embed is-provider-mizantrop\"><div class=\"wp-block-embed__wrapper\">\n<blockquote class=\"wp-embedded-content\" data-secret=\"NxEOJno8l5\"><a href=\"https:\/\/mizantrop.hr\/knjige\/kada-je-nas-svijet-postao-krscanski-312-394\/\">Kada je na\u0161 svijet postao kr\u0161\u0107anski (312. &#8211; 394.)<\/a><\/blockquote><iframe loading=\"lazy\" class=\"wp-embedded-content\" sandbox=\"allow-scripts\" security=\"restricted\" style=\"position: absolute; clip: rect(1px, 1px, 1px, 1px);\" title=\"&#8220;Kada je na\u0161 svijet postao kr\u0161\u0107anski (312. &#8211; 394.)&#8221; &#8212; Mizantrop\" src=\"https:\/\/mizantrop.hr\/knjige\/kada-je-nas-svijet-postao-krscanski-312-394\/embed\/#?secret=NxEOJno8l5\" data-secret=\"NxEOJno8l5\" width=\"600\" height=\"338\" frameborder=\"0\" marginwidth=\"0\" marginheight=\"0\" scrolling=\"no\"><\/iframe>\n<\/div><\/figure>\n\n\n\n<figure class=\"wp-block-embed-wordpress wp-block-embed is-type-wp-embed is-provider-mizantrop\"><div class=\"wp-block-embed__wrapper\">\n<blockquote class=\"wp-embedded-content\" data-secret=\"OTXqU1qH86\"><a href=\"https:\/\/mizantrop.hr\/knjige\/povijest-privatnog-zivota-od-rimskog-carstva-do-tisucite-godine-sv-i\/\">Povijest privatnog \u017eivota: Od Rimskog Carstva do tisu\u0107ite godine (sv. I)<\/a><\/blockquote><iframe loading=\"lazy\" class=\"wp-embedded-content\" sandbox=\"allow-scripts\" security=\"restricted\" style=\"position: absolute; clip: rect(1px, 1px, 1px, 1px);\" title=\"&#8220;Povijest privatnog \u017eivota: Od Rimskog Carstva do tisu\u0107ite godine (sv. I)&#8221; &#8212; Mizantrop\" src=\"https:\/\/mizantrop.hr\/knjige\/povijest-privatnog-zivota-od-rimskog-carstva-do-tisucite-godine-sv-i\/embed\/#?secret=OTXqU1qH86\" data-secret=\"OTXqU1qH86\" width=\"600\" height=\"338\" frameborder=\"0\" marginwidth=\"0\" marginheight=\"0\" scrolling=\"no\"><\/iframe>\n<\/div><\/figure>\n\n\n\n<figure class=\"wp-block-embed-wordpress wp-block-embed is-type-wp-embed is-provider-karpos\"><div class=\"wp-block-embed__wrapper\">\n<blockquote class=\"wp-embedded-content\" data-secret=\"d5aNvwu44W\"><a href=\"http:\/\/karposbooks.rs\/shop\/alografije\/porodica-i-ljubav-u-rimskom-carstvupol-ven\/\">PORODICA I LJUBAV U RIMSKOM CARSTVUPol Ven<\/a><\/blockquote><iframe loading=\"lazy\" class=\"wp-embedded-content\" sandbox=\"allow-scripts\" security=\"restricted\" style=\"position: absolute; clip: rect(1px, 1px, 1px, 1px);\" title=\"&#132;PORODICA I LJUBAV U RIMSKOM CARSTVU&lt;br&gt;Pol Ven&#147; \u2014 Karpos\" src=\"http:\/\/karposbooks.rs\/shop\/alografije\/porodica-i-ljubav-u-rimskom-carstvupol-ven\/embed\/#?secret=d5aNvwu44W\" data-secret=\"d5aNvwu44W\" width=\"600\" height=\"338\" frameborder=\"0\" marginwidth=\"0\" marginheight=\"0\" scrolling=\"no\"><\/iframe>\n<\/div><\/figure>\n\n\n\n<figure class=\"wp-block-embed-wordpress wp-block-embed is-type-wp-embed is-provider-mediterran-publishing\"><div class=\"wp-block-embed__wrapper\">\n<blockquote class=\"wp-embedded-content\" data-secret=\"JWF3BxxlKm\"><a href=\"https:\/\/mediterran.rs\/knjige\/pol-ven-kada-je-nas-svet-postao-hriscanski\/\">Pol Ven: Kada je na\u0161 svet postao hri\u0161\u0107anski<\/a><\/blockquote><iframe loading=\"lazy\" class=\"wp-embedded-content\" sandbox=\"allow-scripts\" security=\"restricted\" style=\"position: absolute; clip: rect(1px, 1px, 1px, 1px);\" title=\"&#132;Pol Ven: Kada je na\u0161 svet postao hri\u0161\u0107anski&#147; &#8212; Mediterran Publishing\" src=\"https:\/\/mediterran.rs\/knjige\/pol-ven-kada-je-nas-svet-postao-hriscanski\/embed\/#?secret=srSARgbsSr#?secret=JWF3BxxlKm\" data-secret=\"JWF3BxxlKm\" width=\"600\" height=\"338\" frameborder=\"0\" marginwidth=\"0\" marginheight=\"0\" scrolling=\"no\"><\/iframe>\n<\/div><\/figure>\n\n\n\n<figure class=\"wp-block-embed-wordpress wp-block-embed is-type-wp-embed is-provider-mediterran-publishing\"><div class=\"wp-block-embed__wrapper\">\n<blockquote class=\"wp-embedded-content\" data-secret=\"L6twbIyLBl\"><a href=\"https:\/\/mediterran.rs\/knjige\/pol-ven-fuko\/\">Pol Ven: Fuko<\/a><\/blockquote><iframe loading=\"lazy\" class=\"wp-embedded-content\" sandbox=\"allow-scripts\" security=\"restricted\" style=\"position: absolute; clip: rect(1px, 1px, 1px, 1px);\" title=\"&#132;Pol Ven: Fuko&#147; &#8212; Mediterran Publishing\" src=\"https:\/\/mediterran.rs\/knjige\/pol-ven-fuko\/embed\/#?secret=YXUubwubDl#?secret=L6twbIyLBl\" data-secret=\"L6twbIyLBl\" width=\"600\" height=\"338\" frameborder=\"0\" marginwidth=\"0\" marginheight=\"0\" scrolling=\"no\"><\/iframe>\n<\/div><\/figure>\n\n\n\n<hr class=\"wp-block-separator\"\/>\n\n\n\n<p>Svetlana Slap\u0161ak<\/p>\n\n\n\n<p><strong>Pol Ven, istra\u017eiva\u010d druga\u010dije antike (1930-2022)<\/strong><\/p>\n\n\n\n<p>5\/10\/2022<\/p>\n\n\n\n<figure class=\"wp-block-embed-wordpress wp-block-embed is-type-wp-embed is-provider-pescanik\"><div class=\"wp-block-embed__wrapper\">\n<blockquote class=\"wp-embedded-content\" data-secret=\"0Vinlbix8x\"><a href=\"https:\/\/pescanik.net\/pol-ven-istrazivac-drugacije-antike-1930-2022\/\">Pol Ven, istra\u017eiva\u010d druga\u010dije antike (1930-2022)<\/a><\/blockquote><iframe loading=\"lazy\" class=\"wp-embedded-content\" sandbox=\"allow-scripts\" security=\"restricted\" style=\"position: absolute; clip: rect(1px, 1px, 1px, 1px);\" title=\"&#8220;Pol Ven, istra\u017eiva\u010d druga\u010dije antike (1930-2022)&#8221; &#8212; Pe\u0161\u010danik\" src=\"https:\/\/pescanik.net\/pol-ven-istrazivac-drugacije-antike-1930-2022\/embed\/#?secret=bLWghcan39#?secret=0Vinlbix8x\" data-secret=\"0Vinlbix8x\" width=\"600\" height=\"338\" frameborder=\"0\" marginwidth=\"0\" marginheight=\"0\" scrolling=\"no\"><\/iframe>\n<\/div><\/figure>\n\n\n\n<hr class=\"wp-block-separator\"\/>\n","protected":false},"excerpt":{"rendered":"","protected":false},"author":2,"featured_media":32820,"comment_status":"open","ping_status":"open","sticky":false,"template":"","format":"standard","meta":{"_acf_changed":false,"jetpack_post_was_ever_published":false,"_jetpack_newsletter_access":"","_jetpack_dont_email_post_to_subs":false,"_jetpack_newsletter_tier_id":0,"_jetpack_memberships_contains_paywalled_content":false,"_jetpack_memberships_contains_paid_content":false,"footnotes":"","jetpack_publicize_message":"","jetpack_publicize_feature_enabled":true,"jetpack_social_post_already_shared":true,"jetpack_social_options":{"image_generator_settings":{"template":"highway","default_image_id":0,"font":"","enabled":false},"version":2}},"categories":[3,20],"tags":[],"class_list":["post-32817","post","type-post","status-publish","format-standard","has-post-thumbnail","hentry","category-novosti","category-obavijesti-o-smrti-i-nekrolozi"],"acf":{"facebook_opis":""},"jetpack_publicize_connections":[],"jetpack_featured_media_url":"https:\/\/i0.wp.com\/historiografija.hr\/wp-content\/uploads\/2022\/09\/P_Veyne.jpg?fit=320%2C158&ssl=1","jetpack_sharing_enabled":true,"jetpack-related-posts":[],"_links":{"self":[{"href":"https:\/\/historiografija.hr\/index.php?rest_route=\/wp\/v2\/posts\/32817","targetHints":{"allow":["GET"]}}],"collection":[{"href":"https:\/\/historiografija.hr\/index.php?rest_route=\/wp\/v2\/posts"}],"about":[{"href":"https:\/\/historiografija.hr\/index.php?rest_route=\/wp\/v2\/types\/post"}],"author":[{"embeddable":true,"href":"https:\/\/historiografija.hr\/index.php?rest_route=\/wp\/v2\/users\/2"}],"replies":[{"embeddable":true,"href":"https:\/\/historiografija.hr\/index.php?rest_route=%2Fwp%2Fv2%2Fcomments&post=32817"}],"version-history":[{"count":3,"href":"https:\/\/historiografija.hr\/index.php?rest_route=\/wp\/v2\/posts\/32817\/revisions"}],"predecessor-version":[{"id":32889,"href":"https:\/\/historiografija.hr\/index.php?rest_route=\/wp\/v2\/posts\/32817\/revisions\/32889"}],"wp:featuredmedia":[{"embeddable":true,"href":"https:\/\/historiografija.hr\/index.php?rest_route=\/wp\/v2\/media\/32820"}],"wp:attachment":[{"href":"https:\/\/historiografija.hr\/index.php?rest_route=%2Fwp%2Fv2%2Fmedia&parent=32817"}],"wp:term":[{"taxonomy":"category","embeddable":true,"href":"https:\/\/historiografija.hr\/index.php?rest_route=%2Fwp%2Fv2%2Fcategories&post=32817"},{"taxonomy":"post_tag","embeddable":true,"href":"https:\/\/historiografija.hr\/index.php?rest_route=%2Fwp%2Fv2%2Ftags&post=32817"}],"curies":[{"name":"wp","href":"https:\/\/api.w.org\/{rel}","templated":true}]}}