{"id":32809,"date":"2022-09-29T22:49:54","date_gmt":"2022-09-29T22:49:54","guid":{"rendered":"http:\/\/historiografija.hr\/?p=32809"},"modified":"2022-09-29T22:50:09","modified_gmt":"2022-09-29T22:50:09","slug":"predstavljanje-digitaliziranog-izdanja-zbornika-pazinski-memorijal-sv-1-31","status":"publish","type":"post","link":"https:\/\/historiografija.hr\/?p=32809","title":{"rendered":"Predstavljanje digitaliziranog izdanja zbornika Pazinski memorijal (sv. 1- 31)"},"content":{"rendered":"\n<p>U petak, 30. rujna 2022., s po\u010detkom u 12 sati u dvorani Istra Spomen doma u Pazinu bit \u0107e predstavljeno digitalizirano izdanje zbornika Pazinski memorijal. Na temu \u0107e govoriti dr. sc. Milan Rado\u0161evi\u0107 (koordinator projekta), Josip \u0160ikli\u0107, prof. (predstavnik nakladnika)&nbsp; i \u017deljko Cetina, prof. (voditelj projekta). Digitalizacija je obavljena u okviru projekta Istarskoga povijesnog dru\u0161tva \u201eDigitalizacija historiografske literature\u201c, a u suradnji s nakladnikom \u2013 Katedrom \u010cakavskoga sabora za povijest Istre. Digitalizirani su svi svesci (1-31), objavljeni u razdoblju 1971. \u2013 2021. godine, te su u otvorenom pristupu dostupni na mre\u017enoj stranici Dru\u0161tva <a href=\"https:\/\/ipd-ssi.hr\/projekti\/digitalizacija\/digitalizacija-literature\/pazinski-memorijal\">https:\/\/ipd-ssi.hr\/projekti\/digitalizacija\/digitalizacija-literature\/pazinski-memorijal<\/a>\/ Projekt su financirali Grad Pula-Pola, Grad Pazin te Upravni odjel za kulturu i zavi\u010dajnost Istarske \u017eupanije.<\/p>\n\n\n\n<p>Dvjestotinjak dosada\u0161njih autora u Memorijalu objavljivali su problematiku iz humanisti\u010dkih i drugih znanosti, ali u prvom redu povijesne, pravne, vojne, gospodarske, politi\u010dke, crkvene, knji\u017eevne, politolo\u0161ke i etnolo\u0161ke, teme iz socijalnoga i etni\u010dkoga \u017eivota te me\u0111unacionalnih odnosa. Prevladavale su teme iz razdoblja antifa\u0161isti\u010dke borbe, razvoja radni\u010dkoga pokreta i druga zna\u010dajna pitanja iz razdoblja NOP-a Istre do svr\u0161etka Drugog svjetskog rata, uklju\u010duju\u0107i i poslijeratni razvoj ovoga podru\u010dja. Tijekom godina urednici Pazinskog memorijala bili su Petar Str\u010di\u0107, Ferdinand Ton\u010dini\u0107, Mladenka Hammer, Radovan Vlaketi\u0107, Galiano Labinjan, Josip \u0160ikli\u0107 i Marija Iveti\u0107 (sada\u0161nja urednica).<\/p>\n\n\n\n<p>Projekt \u201eDigitalizacija historiografske literature\u201c Istarskoga povijesnog dru\u0161tva osmi\u0161ljen je s ciljem sustavne digitalizacije svih povijesnih \u010dasopisa koji su izlazili na podru\u010dju Istre kako bi se pomo\u0107u digitalnih preslika omogu\u0107ila dostupnost gra\u0111i putem interneta te istovremeno za\u0161titili izvornici posljedi\u010dnim smanjivanjem rukovanja i kori\u0161tenja. Prednost elektroni\u010dke gra\u0111e ogleda se i u mogu\u0107nosti pretra\u017eivanja \u010ditavoga izdanja prema klju\u010dnoj rije\u010di. Digitalizacija historiografske literature u okviru IPD-a zapo\u010deta je s digitalizacijom Vjesnika historijskih arhiva u Rijeci i Pazinu te Vjesnika istarskog arhiva, nastavlja se s Pazinskim memorijalom, a u pripremi su i druga vrijedna izdanja.<\/p>\n\n\n\n<hr class=\"wp-block-separator\"\/>\n\n\n\n<p>Izvor:<\/p>\n\n\n\n<figure class=\"wp-block-embed-wordpress wp-block-embed is-type-wp-embed is-provider-istarsko-povijesno-drustvo-societa-storica-istriana\"><div class=\"wp-block-embed__wrapper\">\n<blockquote class=\"wp-embedded-content\" data-secret=\"SjklRK6yxe\"><a href=\"https:\/\/ipd-ssi.hr\/2022\/09\/27\/predstavljanje-digitaliziranog-izdanja-zbornika-pazinski-memorijal-sv-1-31\/\">Predstavljanje digitaliziranog izdanja zbornika Pazinski memorijal (sv. 1- 31)<\/a><\/blockquote><iframe loading=\"lazy\" class=\"wp-embedded-content\" sandbox=\"allow-scripts\" security=\"restricted\" style=\"position: absolute; clip: rect(1px, 1px, 1px, 1px);\" title=\"&#8220;Predstavljanje digitaliziranog izdanja zbornika Pazinski memorijal (sv. 1- 31)&#8221; &#8212; Istarsko povijesno dru\u0161tvo - Societ\u00e0 Storica Istriana\" src=\"https:\/\/ipd-ssi.hr\/2022\/09\/27\/predstavljanje-digitaliziranog-izdanja-zbornika-pazinski-memorijal-sv-1-31\/embed\/#?secret=ZCdF8m5x2T#?secret=SjklRK6yxe\" data-secret=\"SjklRK6yxe\" width=\"600\" height=\"338\" frameborder=\"0\" marginwidth=\"0\" marginheight=\"0\" scrolling=\"no\"><\/iframe>\n<\/div><\/figure>\n\n\n\n<hr class=\"wp-block-separator\"\/>\n","protected":false},"excerpt":{"rendered":"","protected":false},"author":2,"featured_media":32810,"comment_status":"open","ping_status":"open","sticky":false,"template":"","format":"standard","meta":{"_acf_changed":false,"jetpack_post_was_ever_published":false,"_jetpack_newsletter_access":"","_jetpack_dont_email_post_to_subs":false,"_jetpack_newsletter_tier_id":0,"_jetpack_memberships_contains_paywalled_content":false,"_jetpack_memberships_contains_paid_content":false,"footnotes":"","jetpack_publicize_message":"","jetpack_publicize_feature_enabled":true,"jetpack_social_post_already_shared":true,"jetpack_social_options":{"image_generator_settings":{"template":"highway","default_image_id":0,"font":"","enabled":false},"version":2}},"categories":[19,3],"tags":[],"class_list":["post-32809","post","type-post","status-publish","format-standard","has-post-thumbnail","hentry","category-e-knjige","category-novosti"],"acf":{"facebook_opis":""},"jetpack_publicize_connections":[],"jetpack_featured_media_url":"https:\/\/i0.wp.com\/historiografija.hr\/wp-content\/uploads\/2022\/09\/Pazinski-memorijal-sv.-1-2.jpg?fit=200%2C182&ssl=1","jetpack_sharing_enabled":true,"jetpack-related-posts":[],"_links":{"self":[{"href":"https:\/\/historiografija.hr\/index.php?rest_route=\/wp\/v2\/posts\/32809","targetHints":{"allow":["GET"]}}],"collection":[{"href":"https:\/\/historiografija.hr\/index.php?rest_route=\/wp\/v2\/posts"}],"about":[{"href":"https:\/\/historiografija.hr\/index.php?rest_route=\/wp\/v2\/types\/post"}],"author":[{"embeddable":true,"href":"https:\/\/historiografija.hr\/index.php?rest_route=\/wp\/v2\/users\/2"}],"replies":[{"embeddable":true,"href":"https:\/\/historiografija.hr\/index.php?rest_route=%2Fwp%2Fv2%2Fcomments&post=32809"}],"version-history":[{"count":1,"href":"https:\/\/historiografija.hr\/index.php?rest_route=\/wp\/v2\/posts\/32809\/revisions"}],"predecessor-version":[{"id":32811,"href":"https:\/\/historiografija.hr\/index.php?rest_route=\/wp\/v2\/posts\/32809\/revisions\/32811"}],"wp:featuredmedia":[{"embeddable":true,"href":"https:\/\/historiografija.hr\/index.php?rest_route=\/wp\/v2\/media\/32810"}],"wp:attachment":[{"href":"https:\/\/historiografija.hr\/index.php?rest_route=%2Fwp%2Fv2%2Fmedia&parent=32809"}],"wp:term":[{"taxonomy":"category","embeddable":true,"href":"https:\/\/historiografija.hr\/index.php?rest_route=%2Fwp%2Fv2%2Fcategories&post=32809"},{"taxonomy":"post_tag","embeddable":true,"href":"https:\/\/historiografija.hr\/index.php?rest_route=%2Fwp%2Fv2%2Ftags&post=32809"}],"curies":[{"name":"wp","href":"https:\/\/api.w.org\/{rel}","templated":true}]}}