{"id":32806,"date":"2022-09-29T22:43:16","date_gmt":"2022-09-29T22:43:16","guid":{"rendered":"http:\/\/historiografija.hr\/?p=32806"},"modified":"2022-09-29T22:43:39","modified_gmt":"2022-09-29T22:43:39","slug":"49-znanstveni-skup-pazinski-memorijal-u-pazinu","status":"publish","type":"post","link":"https:\/\/historiografija.hr\/?p=32806","title":{"rendered":"49. znanstveni skup \u201cPazinski memorijal\u201d u Pazinu"},"content":{"rendered":"\n<p>U petak, 30. rujna 2022., s po\u010detkom u 9 sati u Spomen domu Pazin, dvorana Istra, odr\u017eat \u0107e se 49. izdanje znanstvenoga skupa Pazinski memorijal. Teme ovogodi\u0161njeg memorijala su \u201cStanovni\u0161tvo sredi\u0161nje Istre prema mati\u010dnim knjigama i slu\u017ebenim popisima stanovni\u0161tva\u201d i \u201c150 godina ideje i stvarnosti istarske \u017eeljeznice\u201d. Organizator je Katedra \u010cakavskoga sabora za povijest Istre Pazin u suradnji s Dr\u017eavnim arhivom u Pazinu.<\/p>\n\n\n\n<p><a href=\"https:\/\/ipd-ssi.hr\/wp-content\/uploads\/2022\/09\/pozivnica_memorijal.pdf\">Pozivnica<\/a><\/p>\n\n\n\n<hr class=\"wp-block-separator\"\/>\n\n\n\n<p>Izvor:<\/p>\n\n\n\n<figure class=\"wp-block-embed-wordpress wp-block-embed is-type-wp-embed is-provider-istarsko-povijesno-drustvo-societa-storica-istriana\"><div class=\"wp-block-embed__wrapper\">\n<blockquote class=\"wp-embedded-content\" data-secret=\"g7gQ1YasdU\"><a href=\"https:\/\/ipd-ssi.hr\/2022\/09\/27\/49-znanstveni-skup-pazinski-memorijal-u-pazinu\/\">49. znanstveni skup &#8220;Pazinski memorijal&#8221; u Pazinu<\/a><\/blockquote><iframe loading=\"lazy\" class=\"wp-embedded-content\" sandbox=\"allow-scripts\" security=\"restricted\" style=\"position: absolute; clip: rect(1px, 1px, 1px, 1px);\" title=\"&#8220;49. znanstveni skup &#8220;Pazinski memorijal&#8221; u Pazinu&#8221; &#8212; Istarsko povijesno dru\u0161tvo - Societ\u00e0 Storica Istriana\" src=\"https:\/\/ipd-ssi.hr\/2022\/09\/27\/49-znanstveni-skup-pazinski-memorijal-u-pazinu\/embed\/#?secret=K2r1Hxr2N9#?secret=g7gQ1YasdU\" data-secret=\"g7gQ1YasdU\" width=\"600\" height=\"338\" frameborder=\"0\" marginwidth=\"0\" marginheight=\"0\" scrolling=\"no\"><\/iframe>\n<\/div><\/figure>\n\n\n\n<hr class=\"wp-block-separator\"\/>\n","protected":false},"excerpt":{"rendered":"","protected":false},"author":2,"featured_media":32807,"comment_status":"open","ping_status":"open","sticky":false,"template":"","format":"standard","meta":{"_acf_changed":false,"jetpack_post_was_ever_published":false,"_jetpack_newsletter_access":"","_jetpack_dont_email_post_to_subs":false,"_jetpack_newsletter_tier_id":0,"_jetpack_memberships_contains_paywalled_content":false,"_jetpack_memberships_contains_paid_content":false,"footnotes":"","jetpack_publicize_message":"","jetpack_publicize_feature_enabled":true,"jetpack_social_post_already_shared":true,"jetpack_social_options":{"image_generator_settings":{"template":"highway","default_image_id":0,"font":"","enabled":false},"version":2}},"categories":[3,9],"tags":[],"class_list":["post-32806","post","type-post","status-publish","format-standard","has-post-thumbnail","hentry","category-novosti","category-skupovi"],"acf":{"facebook_opis":""},"jetpack_publicize_connections":[],"jetpack_featured_media_url":"https:\/\/i0.wp.com\/historiografija.hr\/wp-content\/uploads\/2022\/09\/pm-2022.jpg?fit=500%2C383&ssl=1","jetpack_sharing_enabled":true,"jetpack-related-posts":[],"_links":{"self":[{"href":"https:\/\/historiografija.hr\/index.php?rest_route=\/wp\/v2\/posts\/32806","targetHints":{"allow":["GET"]}}],"collection":[{"href":"https:\/\/historiografija.hr\/index.php?rest_route=\/wp\/v2\/posts"}],"about":[{"href":"https:\/\/historiografija.hr\/index.php?rest_route=\/wp\/v2\/types\/post"}],"author":[{"embeddable":true,"href":"https:\/\/historiografija.hr\/index.php?rest_route=\/wp\/v2\/users\/2"}],"replies":[{"embeddable":true,"href":"https:\/\/historiografija.hr\/index.php?rest_route=%2Fwp%2Fv2%2Fcomments&post=32806"}],"version-history":[{"count":1,"href":"https:\/\/historiografija.hr\/index.php?rest_route=\/wp\/v2\/posts\/32806\/revisions"}],"predecessor-version":[{"id":32808,"href":"https:\/\/historiografija.hr\/index.php?rest_route=\/wp\/v2\/posts\/32806\/revisions\/32808"}],"wp:featuredmedia":[{"embeddable":true,"href":"https:\/\/historiografija.hr\/index.php?rest_route=\/wp\/v2\/media\/32807"}],"wp:attachment":[{"href":"https:\/\/historiografija.hr\/index.php?rest_route=%2Fwp%2Fv2%2Fmedia&parent=32806"}],"wp:term":[{"taxonomy":"category","embeddable":true,"href":"https:\/\/historiografija.hr\/index.php?rest_route=%2Fwp%2Fv2%2Fcategories&post=32806"},{"taxonomy":"post_tag","embeddable":true,"href":"https:\/\/historiografija.hr\/index.php?rest_route=%2Fwp%2Fv2%2Ftags&post=32806"}],"curies":[{"name":"wp","href":"https:\/\/api.w.org\/{rel}","templated":true}]}}