{"id":32800,"date":"2022-09-28T21:01:45","date_gmt":"2022-09-28T21:01:45","guid":{"rendered":"http:\/\/historiografija.hr\/?p=32800"},"modified":"2022-09-28T21:04:46","modified_gmt":"2022-09-28T21:04:46","slug":"izlozba-etnografskog-muzeja-i-instituta-za-etnologiju-i-folkloristiku-lica-gladi","status":"publish","type":"post","link":"https:\/\/historiografija.hr\/?p=32800","title":{"rendered":"Izlo\u017eba Etnografskog muzeja i Instituta za etnologiju i folkloristiku \u201eLica gladi\u201c"},"content":{"rendered":"\n<p>U vremenu kada se na svjetskoj razini osmi\u0161ljavaju strategije borbe protiv gladi i njezina postojanja, autorice izlo\u017ebom \u017eele osvijestiti glad, ponajprije onu nametnutu, ali i onu samonametnutu. Tema gladi ne prikazuje se samo kroz povijest nego se posebno nagla\u0161ava i borba protiv gladi u dana\u0161njem dru\u0161tvu. Fokusiraju\u0107i se ponajprije na Hrvatsku,&nbsp; posjetiteljima \u0107e tema biti prikazana i u \u0161irem kontekstu gladi u svijetu. Gladi kao \u010dinjenice u dana\u0161nje doba postali smo svjesniji tijekom kriznih vremena koja su pogodila svijet poput pandemije i&nbsp;<em>lockdowna<\/em>, a Hrvatsku i potresi u Zagrebu i njegovoj neposrednoj okolici te Sisa\u010dko-moslava\u010dkoj \u017eupaniji (u Petrinji, Sisku i Glini). Nedavno zapo\u010det rat u Ukrajini stubokom mijenja gospodarsku sliku ne samo Europe ve\u0107 i svijeta te utje\u010de na raspodjelu hrane, namirnica, njihove dostupnosti i uzrokuje oskudicu, neima\u0161tinu i \u2013 glad.<\/p>\n\n\n\n<p>Temi gladi autorice su pristupile s triju aspekta: prvi se odnosi na borbu protiv gladi; u drugome promatraju glad kao sredstvo kojim se mo\u017ee manipulirati masama, ali i pojedincima; tre\u0107i je posve\u0107en odnosu gladi i tijela. Lice gladi mogu\u0107e je prepoznati u sve ve\u0107em porastu poreme\u0107aja prehrane, pogotovo mla\u0111e populacije.<\/p>\n\n\n\n<p>Autorice su \u017eeljele dati tek mali uvid u duboku problematiku gladi, postaviti pitanja i otvoriti raspravu. Nisu \u017eeljele davati odgovore i nuditi nam rje\u0161enja.<\/p>\n\n\n\n<p><strong>Cilj projekta&nbsp;<\/strong><em><strong>Lica gladi<\/strong><\/em><strong>&nbsp;je podizanje svijesti o&nbsp;problemu gladi, ali i poreme\u0107aja prehrane<\/strong> te va\u017enosti pripreme uravnote\u017eenih obroka za sve dobne skupine, osobito djece i mladih. Stoga se <strong>uz izlo\u017ebu planira niz edukativnih aktivnosti (radionice u suradnji s Dnevnom bolnicom za poreme\u0107aje prehrane, znanstvena i stru\u010dna predavanja, radionice <\/strong>o zdravoj hrani za djecu i odrasle, predstavljanje lokalnih kuhinja, \u2026).<\/p>\n\n\n\n<p><strong>Autorice izlo\u017ebe su<\/strong>:&nbsp;dr.sc. Tanja Kockovi\u0107 Zaborski, Etnografski muzej i dr.sc. Melanija Belaj, Institut za etnologiju i folkloristiku.<\/p>\n\n\n\n<p><strong>Autor vizualnog identiteta i likovnog postava<\/strong>:&nbsp;Studio&nbsp;Bili\u0107 M\u00fcller&nbsp;<\/p>\n\n\n\n<p><strong>Izlo\u017eba je otvorena od 22. rujna 2022. do 2. svibnja 2023. u Etnografskom muzeju u Zagrebu.<\/strong><\/p>\n\n\n\n<hr class=\"wp-block-separator\"\/>\n\n\n\n<p>Izvor:<\/p>\n\n\n\n<figure class=\"wp-block-embed-wordpress wp-block-embed is-type-wp-embed is-provider-etnografski-muzej\"><div class=\"wp-block-embed__wrapper\">\n<blockquote class=\"wp-embedded-content\" data-secret=\"y6wUtMo3gw\"><a href=\"https:\/\/emz.hr\/izlozbe\/izlozba-etnografskog-muzeja-i-instituta-za-etnologiju-i-folkloristiku-lica-gladi\/\">Izlo\u017eba Etnografskog muzeja i Instituta za etnologiju i folkloristiku\u00a0\u201eLica gladi\u201c\u00a0<\/a><\/blockquote><iframe loading=\"lazy\" class=\"wp-embedded-content\" sandbox=\"allow-scripts\" security=\"restricted\" style=\"position: absolute; clip: rect(1px, 1px, 1px, 1px);\" title=\"&#8220;Izlo\u017eba Etnografskog muzeja i Instituta za etnologiju i folkloristiku\u00a0\u201eLica gladi\u201c\u00a0&#8221; &#8212; etnografski muzej\" src=\"https:\/\/emz.hr\/izlozbe\/izlozba-etnografskog-muzeja-i-instituta-za-etnologiju-i-folkloristiku-lica-gladi\/embed\/#?secret=GXTSK330zD#?secret=y6wUtMo3gw\" data-secret=\"y6wUtMo3gw\" width=\"600\" height=\"338\" frameborder=\"0\" marginwidth=\"0\" marginheight=\"0\" scrolling=\"no\"><\/iframe>\n<\/div><\/figure>\n\n\n\n<hr class=\"wp-block-separator\"\/>\n","protected":false},"excerpt":{"rendered":"","protected":false},"author":2,"featured_media":32801,"comment_status":"open","ping_status":"open","sticky":false,"template":"","format":"standard","meta":{"_acf_changed":false,"jetpack_post_was_ever_published":false,"_jetpack_newsletter_access":"","_jetpack_dont_email_post_to_subs":false,"_jetpack_newsletter_tier_id":0,"_jetpack_memberships_contains_paywalled_content":false,"_jetpack_memberships_contains_paid_content":false,"footnotes":"","jetpack_publicize_message":"","jetpack_publicize_feature_enabled":true,"jetpack_social_post_already_shared":true,"jetpack_social_options":{"image_generator_settings":{"template":"highway","default_image_id":0,"font":"","enabled":false},"version":2}},"categories":[10,3],"tags":[],"class_list":["post-32800","post","type-post","status-publish","format-standard","has-post-thumbnail","hentry","category-izlozbe","category-novosti"],"acf":{"facebook_opis":""},"jetpack_publicize_connections":[],"jetpack_featured_media_url":"https:\/\/i0.wp.com\/historiografija.hr\/wp-content\/uploads\/2022\/09\/Lica-gladi.jpg?fit=1448%2C2048&ssl=1","jetpack_sharing_enabled":true,"jetpack-related-posts":[],"_links":{"self":[{"href":"https:\/\/historiografija.hr\/index.php?rest_route=\/wp\/v2\/posts\/32800","targetHints":{"allow":["GET"]}}],"collection":[{"href":"https:\/\/historiografija.hr\/index.php?rest_route=\/wp\/v2\/posts"}],"about":[{"href":"https:\/\/historiografija.hr\/index.php?rest_route=\/wp\/v2\/types\/post"}],"author":[{"embeddable":true,"href":"https:\/\/historiografija.hr\/index.php?rest_route=\/wp\/v2\/users\/2"}],"replies":[{"embeddable":true,"href":"https:\/\/historiografija.hr\/index.php?rest_route=%2Fwp%2Fv2%2Fcomments&post=32800"}],"version-history":[{"count":1,"href":"https:\/\/historiografija.hr\/index.php?rest_route=\/wp\/v2\/posts\/32800\/revisions"}],"predecessor-version":[{"id":32802,"href":"https:\/\/historiografija.hr\/index.php?rest_route=\/wp\/v2\/posts\/32800\/revisions\/32802"}],"wp:featuredmedia":[{"embeddable":true,"href":"https:\/\/historiografija.hr\/index.php?rest_route=\/wp\/v2\/media\/32801"}],"wp:attachment":[{"href":"https:\/\/historiografija.hr\/index.php?rest_route=%2Fwp%2Fv2%2Fmedia&parent=32800"}],"wp:term":[{"taxonomy":"category","embeddable":true,"href":"https:\/\/historiografija.hr\/index.php?rest_route=%2Fwp%2Fv2%2Fcategories&post=32800"},{"taxonomy":"post_tag","embeddable":true,"href":"https:\/\/historiografija.hr\/index.php?rest_route=%2Fwp%2Fv2%2Ftags&post=32800"}],"curies":[{"name":"wp","href":"https:\/\/api.w.org\/{rel}","templated":true}]}}