{"id":32798,"date":"2022-09-28T20:51:56","date_gmt":"2022-09-28T20:51:56","guid":{"rendered":"http:\/\/historiografija.hr\/?p=32798"},"modified":"2022-09-28T20:51:56","modified_gmt":"2022-09-28T20:51:56","slug":"znanstveni-skup-crtice-iz-povijesti-kanfanarstine-u-kanfanaru-4","status":"publish","type":"post","link":"https:\/\/historiografija.hr\/?p=32798","title":{"rendered":"Znanstveni skup \u201cCrtice iz povijesti Kanfanar\u0161tine\u201d u Kanfanaru"},"content":{"rendered":"\n<p>U \u010detvrtak, 29. rujna 2022., s po\u010detkom u 18:30 u Domu mladih u Kanfanaru odr\u017eat \u0107e se znanstveni skup \u201cCrtice iz povijesti Kanfanar\u0161tine\u201d. Organizatori su Udruga Dvegrajci i Op\u0107ina Kanfanar u suradnji s Arheolo\u0161kim muzejom Istre.<\/p>\n\n\n\n<p><a href=\"https:\/\/ipd-ssi.hr\/wp-content\/uploads\/2022\/09\/Program-skupa-Crtice-iz-povijesti-Kanfanarstine-2022..pdf\">Pozivnica i program<\/a><\/p>\n\n\n\n<hr class=\"wp-block-separator\"\/>\n\n\n\n<p>Izvor:<\/p>\n\n\n\n<figure class=\"wp-block-embed-wordpress wp-block-embed is-type-wp-embed is-provider-istarsko-povijesno-drustvo-societa-storica-istriana\"><div class=\"wp-block-embed__wrapper\">\n<blockquote class=\"wp-embedded-content\" data-secret=\"o0Uyczl7UY\"><a href=\"https:\/\/ipd-ssi.hr\/2022\/09\/28\/20683\/\">Znanstveni skup &#8220;Crtice iz povijesti Kanfanar\u0161tine&#8221; u Kanfanaru<\/a><\/blockquote><iframe loading=\"lazy\" class=\"wp-embedded-content\" sandbox=\"allow-scripts\" security=\"restricted\" style=\"position: absolute; clip: rect(1px, 1px, 1px, 1px);\" title=\"&#8220;Znanstveni skup &#8220;Crtice iz povijesti Kanfanar\u0161tine&#8221; u Kanfanaru&#8221; &#8212; Istarsko povijesno dru\u0161tvo - Societ\u00e0 Storica Istriana\" src=\"https:\/\/ipd-ssi.hr\/2022\/09\/28\/20683\/embed\/#?secret=bXTwK7kJ5r#?secret=o0Uyczl7UY\" data-secret=\"o0Uyczl7UY\" width=\"600\" height=\"338\" frameborder=\"0\" marginwidth=\"0\" marginheight=\"0\" scrolling=\"no\"><\/iframe>\n<\/div><\/figure>\n\n\n\n<hr class=\"wp-block-separator\"\/>\n","protected":false},"excerpt":{"rendered":"","protected":false},"author":2,"featured_media":16431,"comment_status":"open","ping_status":"open","sticky":false,"template":"","format":"standard","meta":{"_acf_changed":false,"jetpack_post_was_ever_published":false,"_jetpack_newsletter_access":"","_jetpack_dont_email_post_to_subs":false,"_jetpack_newsletter_tier_id":0,"_jetpack_memberships_contains_paywalled_content":false,"_jetpack_memberships_contains_paid_content":false,"footnotes":"","jetpack_publicize_message":"","jetpack_publicize_feature_enabled":true,"jetpack_social_post_already_shared":true,"jetpack_social_options":{"image_generator_settings":{"template":"highway","default_image_id":0,"font":"","enabled":false},"version":2}},"categories":[3,9],"tags":[],"class_list":["post-32798","post","type-post","status-publish","format-standard","has-post-thumbnail","hentry","category-novosti","category-skupovi"],"acf":{"facebook_opis":""},"jetpack_publicize_connections":[],"jetpack_featured_media_url":"https:\/\/i0.wp.com\/historiografija.hr\/wp-content\/uploads\/2019\/09\/Kanfanar.jpg?fit=756%2C250&ssl=1","jetpack_sharing_enabled":true,"jetpack-related-posts":[],"_links":{"self":[{"href":"https:\/\/historiografija.hr\/index.php?rest_route=\/wp\/v2\/posts\/32798","targetHints":{"allow":["GET"]}}],"collection":[{"href":"https:\/\/historiografija.hr\/index.php?rest_route=\/wp\/v2\/posts"}],"about":[{"href":"https:\/\/historiografija.hr\/index.php?rest_route=\/wp\/v2\/types\/post"}],"author":[{"embeddable":true,"href":"https:\/\/historiografija.hr\/index.php?rest_route=\/wp\/v2\/users\/2"}],"replies":[{"embeddable":true,"href":"https:\/\/historiografija.hr\/index.php?rest_route=%2Fwp%2Fv2%2Fcomments&post=32798"}],"version-history":[{"count":1,"href":"https:\/\/historiografija.hr\/index.php?rest_route=\/wp\/v2\/posts\/32798\/revisions"}],"predecessor-version":[{"id":32799,"href":"https:\/\/historiografija.hr\/index.php?rest_route=\/wp\/v2\/posts\/32798\/revisions\/32799"}],"wp:featuredmedia":[{"embeddable":true,"href":"https:\/\/historiografija.hr\/index.php?rest_route=\/wp\/v2\/media\/16431"}],"wp:attachment":[{"href":"https:\/\/historiografija.hr\/index.php?rest_route=%2Fwp%2Fv2%2Fmedia&parent=32798"}],"wp:term":[{"taxonomy":"category","embeddable":true,"href":"https:\/\/historiografija.hr\/index.php?rest_route=%2Fwp%2Fv2%2Fcategories&post=32798"},{"taxonomy":"post_tag","embeddable":true,"href":"https:\/\/historiografija.hr\/index.php?rest_route=%2Fwp%2Fv2%2Ftags&post=32798"}],"curies":[{"name":"wp","href":"https:\/\/api.w.org\/{rel}","templated":true}]}}