{"id":32781,"date":"2022-09-26T18:40:39","date_gmt":"2022-09-26T18:40:39","guid":{"rendered":"http:\/\/historiografija.hr\/?p=32781"},"modified":"2022-09-26T18:41:14","modified_gmt":"2022-09-26T18:41:14","slug":"izlozba-fotografija-spomenika-cvijet","status":"publish","type":"post","link":"https:\/\/historiografija.hr\/?p=32781","title":{"rendered":"Izlo\u017eba fotografija spomenika Cvijet"},"content":{"rendered":"\n<p>Otvorenje izlo\u017ebe fotografija spomenika Cvijet odr\u017eat \u0107e se u srijedu, 28. rujna 2022. godine u 14 sati u Obrazovnom centru Spomen-podru\u010dja Jasenovac.<\/p>\n\n\n\n<hr class=\"wp-block-separator\"\/>\n\n\n\n<p>Izvor:<\/p>\n\n\n\n<p><a href=\"https:\/\/www.jusp-jasenovac.hr\/Default.aspx?sid=10211\">https:\/\/www.jusp-jasenovac.hr\/Default.aspx?sid=10211<\/a><\/p>\n\n\n\n<hr class=\"wp-block-separator\"\/>\n","protected":false},"excerpt":{"rendered":"","protected":false},"author":2,"featured_media":32782,"comment_status":"open","ping_status":"open","sticky":false,"template":"","format":"standard","meta":{"_acf_changed":false,"_jetpack_newsletter_access":"","_jetpack_dont_email_post_to_subs":false,"_jetpack_newsletter_tier_id":0,"_jetpack_memberships_contains_paywalled_content":false,"_jetpack_memberships_contains_paid_content":false,"footnotes":"","jetpack_publicize_message":"","jetpack_publicize_feature_enabled":true,"jetpack_social_post_already_shared":true,"jetpack_social_options":{"image_generator_settings":{"template":"highway","default_image_id":0,"font":"","enabled":false},"version":2},"jetpack_post_was_ever_published":false},"categories":[3],"tags":[],"class_list":["post-32781","post","type-post","status-publish","format-standard","has-post-thumbnail","hentry","category-novosti"],"acf":{"facebook_opis":""},"jetpack_publicize_connections":[],"jetpack_featured_media_url":"https:\/\/i0.wp.com\/historiografija.hr\/wp-content\/uploads\/2022\/09\/pozivnica_izlozba_fotografija-scaled.jpg?fit=2560%2C1811&ssl=1","jetpack_sharing_enabled":true,"jetpack-related-posts":[{"id":54492,"url":"https:\/\/historiografija.hr\/?p=54492","url_meta":{"origin":32781,"position":0},"title":"Odjeci izlaganja Filipa Hamer\u0161aka o hrvatskim vojnicima u Prvom svjetskom ratu na podru\u010dju Ukrajine &#8211; povodom 110. obljetnice Brusilovljeve ofenzive","author":"Branimir Jankovi\u0107","date":"7. srpnja 2026.","format":false,"excerpt":"Dana 26. svibnja 2026. objavili smo vijest da je Leksikografski zavod Miroslav Krle\u017ea jedan od suorganizatora\u00a033. me\u0111unarodnoga slavisti\u010dkoga kolokvija\u00a0koji je 21. i 22. svibnja odr\u017ean u organizaciji i doma\u0107instvu\u00a0Dr\u017eavnog sveu\u010dili\u0161ta Ivana Franka u Lavovu. Me\u0111u izlaga\u010dima iz Zavoda ravnatelj dr. sc. Filip Hamer\u0161ak odr\u017eao je plenarno izlaganje \u201eHrvatski vojnici u\u2026","rel":"","context":"U &quot;Novosti&quot;","block_context":{"text":"Novosti","link":"https:\/\/historiografija.hr\/?cat=3"},"img":{"alt_text":"","src":"https:\/\/i0.wp.com\/historiografija.hr\/wp-content\/uploads\/2026\/07\/G_Glibivka-obnovljeno-hrvatsko-vojno-groblje_-snimio-F.-Hamer%CF%84ak.jpg?fit=1200%2C900&ssl=1&resize=350%2C200","width":350,"height":200,"srcset":"https:\/\/i0.wp.com\/historiografija.hr\/wp-content\/uploads\/2026\/07\/G_Glibivka-obnovljeno-hrvatsko-vojno-groblje_-snimio-F.-Hamer%CF%84ak.jpg?fit=1200%2C900&ssl=1&resize=350%2C200 1x, https:\/\/i0.wp.com\/historiografija.hr\/wp-content\/uploads\/2026\/07\/G_Glibivka-obnovljeno-hrvatsko-vojno-groblje_-snimio-F.-Hamer%CF%84ak.jpg?fit=1200%2C900&ssl=1&resize=525%2C300 1.5x, https:\/\/i0.wp.com\/historiografija.hr\/wp-content\/uploads\/2026\/07\/G_Glibivka-obnovljeno-hrvatsko-vojno-groblje_-snimio-F.-Hamer%CF%84ak.jpg?fit=1200%2C900&ssl=1&resize=700%2C400 2x, https:\/\/i0.wp.com\/historiografija.hr\/wp-content\/uploads\/2026\/07\/G_Glibivka-obnovljeno-hrvatsko-vojno-groblje_-snimio-F.-Hamer%CF%84ak.jpg?fit=1200%2C900&ssl=1&resize=1050%2C600 3x"},"classes":[]},{"id":52791,"url":"https:\/\/historiografija.hr\/?p=52791","url_meta":{"origin":32781,"position":1},"title":"Razgovor \u201eDa mi je biti Franz i Sisi\u201c u Muzeju Slavonije","author":"Filip \u0160imunjak","date":"4. svibnja 2026.","format":false,"excerpt":"Razgovor na temu \u201eDa mi je biti Franz i Sisi\u201c, odr\u017eat \u0107e se u \u010detvrtak, 7. svibnja 2026.\u00a0godine s po\u010detkom u 18:00 sati u Muzeju Slavonije u Osijeku. Kroz temu utjecaja cara Franje Josipa I. i carice Elizabete (Sisi) na svakodnevni \u017eivot Slavonki i Slavonaca vodit \u0107e kustosi Muzeja Slavonije:\u2026","rel":"","context":"U &quot;Novosti&quot;","block_context":{"text":"Novosti","link":"https:\/\/historiografija.hr\/?cat=3"},"img":{"alt_text":"","src":"https:\/\/i0.wp.com\/historiografija.hr\/wp-content\/uploads\/2026\/05\/Pozivnica-Da-mi-je-biti-Franz-i-Sisi.webp?fit=1200%2C881&ssl=1&resize=350%2C200","width":350,"height":200,"srcset":"https:\/\/i0.wp.com\/historiografija.hr\/wp-content\/uploads\/2026\/05\/Pozivnica-Da-mi-je-biti-Franz-i-Sisi.webp?fit=1200%2C881&ssl=1&resize=350%2C200 1x, https:\/\/i0.wp.com\/historiografija.hr\/wp-content\/uploads\/2026\/05\/Pozivnica-Da-mi-je-biti-Franz-i-Sisi.webp?fit=1200%2C881&ssl=1&resize=525%2C300 1.5x, https:\/\/i0.wp.com\/historiografija.hr\/wp-content\/uploads\/2026\/05\/Pozivnica-Da-mi-je-biti-Franz-i-Sisi.webp?fit=1200%2C881&ssl=1&resize=700%2C400 2x, https:\/\/i0.wp.com\/historiografija.hr\/wp-content\/uploads\/2026\/05\/Pozivnica-Da-mi-je-biti-Franz-i-Sisi.webp?fit=1200%2C881&ssl=1&resize=1050%2C600 3x"},"classes":[]},{"id":54683,"url":"https:\/\/historiografija.hr\/?p=54683","url_meta":{"origin":32781,"position":2},"title":"Dani Kule 2026.","author":"Branimir Jankovi\u0107","date":"21. srpnja 2026.","format":false,"excerpt":"Dani Kule 2026. odr\u017eat \u0107e se 24.7.-26.7.2026. u Kuli Jankovi\u0107a u Islamu Gr\u010dkom. Program zapo\u010dinje u petak \u0161ahovskim turnirom za mlade Kralj, dama, Kula! posve\u0107enim fizi\u010daru dr. sc. Uro\u0161u Desnici. Turnir i ove godine ima nagradni fond za najuspje\u0161nije \u0161ahiste, a natjecati se mogu svi mla\u0111i od 20 godina koji\u2026","rel":"","context":"U &quot;Novosti&quot;","block_context":{"text":"Novosti","link":"https:\/\/historiografija.hr\/?cat=3"},"img":{"alt_text":"","src":"https:\/\/i0.wp.com\/historiografija.hr\/wp-content\/uploads\/2026\/07\/program2026.jpg?fit=640%2C452&ssl=1&resize=350%2C200","width":350,"height":200,"srcset":"https:\/\/i0.wp.com\/historiografija.hr\/wp-content\/uploads\/2026\/07\/program2026.jpg?fit=640%2C452&ssl=1&resize=350%2C200 1x, https:\/\/i0.wp.com\/historiografija.hr\/wp-content\/uploads\/2026\/07\/program2026.jpg?fit=640%2C452&ssl=1&resize=525%2C300 1.5x"},"classes":[]},{"id":53176,"url":"https:\/\/historiografija.hr\/?p=53176","url_meta":{"origin":32781,"position":3},"title":"Spomen-\u0161etnja \u201cZagreb u otporu 1941.-1945.\u201d &#8211; poziv za prijavu","author":"Branimir Jankovi\u0107","date":"12. svibnja 2026.","format":false,"excerpt":"Spomen-\u0161etnja Donjim gradom kojom se komemorira otpor zagreba\u010dkih ilegalaca, odr\u017eat \u0107e se u subotu, 16. svibnja 2026. Kre\u0107e se u 17 sati od Botani\u010dkog vrta u Runjaninovoj. Cilj \u0161etnje je prikazati neke od hrabrih akcija koje su \u010dinili partizani u Zagrebu tijekom drugog svjetskog rata kroz vo\u0111enu turu, audio materijale\u2026","rel":"","context":"U &quot;Novosti&quot;","block_context":{"text":"Novosti","link":"https:\/\/historiografija.hr\/?cat=3"},"img":{"alt_text":"","src":"https:\/\/i0.wp.com\/historiografija.hr\/wp-content\/uploads\/2026\/05\/Zagreb-u-otporu.png?fit=449%2C483&ssl=1&resize=350%2C200","width":350,"height":200},"classes":[]},{"id":53169,"url":"https:\/\/historiografija.hr\/?p=53169","url_meta":{"origin":32781,"position":4},"title":"Snimka razgovora sa Maxom Bergholzom &#8220;Da li je pravedno sje\u0107anje mogu\u0107e?&#8221;","author":"Branimir Jankovi\u0107","date":"12. svibnja 2026.","format":false,"excerpt":"KONT Talk \u201eDa li je pravedno sje\u0107anje mogu\u0107e?\u201c bio je razgovor sa Max Bergholz sa Concordia University, fokusiran na memorijalnu arhitekturu i na\u010dine na koje se pamte masovni zlo\u010dini. Razgovor je gra\u0111en kroz tri primjera: Kulen Vakuf, Garavice i Glina. U Kulen Vakufu otvorena je pri\u010da o cikli\u010dnom nasilju i\u2026","rel":"","context":"U &quot;Novosti&quot;","block_context":{"text":"Novosti","link":"https:\/\/historiografija.hr\/?cat=3"},"img":{"alt_text":"","src":"https:\/\/i0.wp.com\/historiografija.hr\/wp-content\/uploads\/2026\/03\/KONT-TALKS-MAX-BERGHOLZ.png?fit=850%2C478&ssl=1&resize=350%2C200","width":350,"height":200,"srcset":"https:\/\/i0.wp.com\/historiografija.hr\/wp-content\/uploads\/2026\/03\/KONT-TALKS-MAX-BERGHOLZ.png?fit=850%2C478&ssl=1&resize=350%2C200 1x, https:\/\/i0.wp.com\/historiografija.hr\/wp-content\/uploads\/2026\/03\/KONT-TALKS-MAX-BERGHOLZ.png?fit=850%2C478&ssl=1&resize=525%2C300 1.5x, https:\/\/i0.wp.com\/historiografija.hr\/wp-content\/uploads\/2026\/03\/KONT-TALKS-MAX-BERGHOLZ.png?fit=850%2C478&ssl=1&resize=700%2C400 2x"},"classes":[]},{"id":54442,"url":"https:\/\/historiografija.hr\/?p=54442","url_meta":{"origin":32781,"position":5},"title":"Barbara Matej\u010di\u0107, &#8220;Ubijanje za fotografiju&#8221;","author":"Branimir Jankovi\u0107","date":"3. srpnja 2026.","format":false,"excerpt":"Barbara Matej\u010di\u0107 provela je detaljno novinarsko istra\u017eivanje o slu\u010daju ubojstva civila s po\u010detka rata u Bosni i Hercegovini 1992. godine, kada su dvojica fotoreportera u Br\u010dkom serijom fotografija dokumentirali egzekuciju dvojice civila. Fotografije su preko agencije Reuters obi\u0161le svijet, bile su dokazni materijal na su\u0111enjima u Haagu, fotograf je nagra\u0111en\u2026","rel":"","context":"U &quot;Knjige&quot;","block_context":{"text":"Knjige","link":"https:\/\/historiografija.hr\/?cat=8"},"img":{"alt_text":"","src":"https:\/\/i0.wp.com\/historiografija.hr\/wp-content\/uploads\/2026\/07\/Matejcic.jpg?fit=360%2C546&ssl=1&resize=350%2C200","width":350,"height":200},"classes":[]}],"_links":{"self":[{"href":"https:\/\/historiografija.hr\/index.php?rest_route=\/wp\/v2\/posts\/32781","targetHints":{"allow":["GET"]}}],"collection":[{"href":"https:\/\/historiografija.hr\/index.php?rest_route=\/wp\/v2\/posts"}],"about":[{"href":"https:\/\/historiografija.hr\/index.php?rest_route=\/wp\/v2\/types\/post"}],"author":[{"embeddable":true,"href":"https:\/\/historiografija.hr\/index.php?rest_route=\/wp\/v2\/users\/2"}],"replies":[{"embeddable":true,"href":"https:\/\/historiografija.hr\/index.php?rest_route=%2Fwp%2Fv2%2Fcomments&post=32781"}],"version-history":[{"count":2,"href":"https:\/\/historiografija.hr\/index.php?rest_route=\/wp\/v2\/posts\/32781\/revisions"}],"predecessor-version":[{"id":32784,"href":"https:\/\/historiografija.hr\/index.php?rest_route=\/wp\/v2\/posts\/32781\/revisions\/32784"}],"wp:featuredmedia":[{"embeddable":true,"href":"https:\/\/historiografija.hr\/index.php?rest_route=\/wp\/v2\/media\/32782"}],"wp:attachment":[{"href":"https:\/\/historiografija.hr\/index.php?rest_route=%2Fwp%2Fv2%2Fmedia&parent=32781"}],"wp:term":[{"taxonomy":"category","embeddable":true,"href":"https:\/\/historiografija.hr\/index.php?rest_route=%2Fwp%2Fv2%2Fcategories&post=32781"},{"taxonomy":"post_tag","embeddable":true,"href":"https:\/\/historiografija.hr\/index.php?rest_route=%2Fwp%2Fv2%2Ftags&post=32781"}],"curies":[{"name":"wp","href":"https:\/\/api.w.org\/{rel}","templated":true}]}}