{"id":32775,"date":"2022-09-26T18:27:11","date_gmt":"2022-09-26T18:27:11","guid":{"rendered":"http:\/\/historiografija.hr\/?p=32775"},"modified":"2022-09-26T18:27:11","modified_gmt":"2022-09-26T18:27:11","slug":"kolaboracionisti-pred-sudom-ozne-ii","status":"publish","type":"post","link":"https:\/\/historiografija.hr\/?p=32775","title":{"rendered":"\u201cKolaboracionisti pred sudom OZNE II\u201d"},"content":{"rendered":"\n<p>Institut za savremenu istoriju i \u0414\u0440\u0443\u0448\u0442\u0432\u043e \u0437\u0430 \u0443\u0440\u0431\u0430\u043d\u0443 \u0438\u0441\u0442\u043e\u0440\u0438\u0458\u0443 \/ Urban History Society iz Beograda objavili su knjigu \u201cKolaboracionisti pred sudom OZNE II\u201d koja predstavlja nastavak projekta objavljivanja saslu\u0161anja najva\u017enijih ljudi kolaboracionisti\u010dkog re\u017eima tokom Drugog svjetskog rata na teritoriji Vojnog zapovjednika za Srbiju. Kroz monografski oblik prire\u0111ivanja gra\u0111e objavljena su saslu\u0161anja \u0161efa IV antikomunisti\u010dkog odsjeka Odjeljenja specijalne policije Bo\u017eidara Be\u0107arevi\u0107a, upravnika logora na Banjici Svetozara Vujkovi\u0107a, \u0161efa III antiravnogorskog odsjeka Nikolaja Gubareva i ministra prosvjete Velibora Joni\u0107a. Saslu\u0161anja su dio fondova koji se \u010duvaju u Istorijskom arhivu Beograda, Vojnom arhivu i privatne arhive Branislava Bo\u017eovi\u0107a. Pored saslu\u0161anju u knjizi su objavljene i prve nau\u010dne biografije navedenih li\u010dnosti.<\/p>\n\n\n\n<p>Prire\u0111iva\u010di su dr Neboj\u0161a Stambolija, dr Rade Ristanovi\u0107 i dr Radosav Tucovi\u0107, nau\u010dni saradnici Instituta za savremenu istoriju.<\/p>\n\n\n\n<hr class=\"wp-block-separator\"\/>\n\n\n\n<p>Izvori i dodatne informacije:<\/p>\n\n\n\n<p><a href=\"https:\/\/historiografija.ba\/article.php?id=1404\">https:\/\/historiografija.ba\/article.php?id=1404<\/a><\/p>\n\n\n\n<figure class=\"wp-block-embed-wordpress wp-block-embed is-type-wp-embed is-provider-institut-za-savremenu-istoriju\"><div class=\"wp-block-embed__wrapper\">\n<blockquote class=\"wp-embedded-content\" data-secret=\"QFrGn6rq9S\"><a href=\"https:\/\/isi.ac.rs\/kolaboracionisti-pred-sudom-ozne-ii\/\">\u041a\u043e\u043b\u0430\u0431\u043e\u0440\u0430\u0446\u0438\u043e\u043d\u0438\u0441\u0442\u0438 \u043f\u0440\u0435\u0434 \u0441\u0443\u0434\u043e\u043c \u041e\u0437\u043d\u0435 II<\/a><\/blockquote><iframe loading=\"lazy\" class=\"wp-embedded-content\" sandbox=\"allow-scripts\" security=\"restricted\" style=\"position: absolute; clip: rect(1px, 1px, 1px, 1px);\" title=\"&#132;\u041a\u043e\u043b\u0430\u0431\u043e\u0440\u0430\u0446\u0438\u043e\u043d\u0438\u0441\u0442\u0438 \u043f\u0440\u0435\u0434 \u0441\u0443\u0434\u043e\u043c \u041e\u0437\u043d\u0435 II&#147; &#8212; Institut za savremenu istoriju\" src=\"https:\/\/isi.ac.rs\/kolaboracionisti-pred-sudom-ozne-ii\/embed\/#?secret=QFrGn6rq9S\" data-secret=\"QFrGn6rq9S\" width=\"600\" height=\"338\" frameborder=\"0\" marginwidth=\"0\" marginheight=\"0\" scrolling=\"no\"><\/iframe>\n<\/div><\/figure>\n\n\n\n<figure class=\"wp-block-embed-wordpress wp-block-embed is-type-wp-embed is-provider-dru-scaron-tvo-za-urbanu-istoriju\"><div class=\"wp-block-embed__wrapper\">\n<blockquote class=\"wp-embedded-content\" data-secret=\"5R8uK1nYSd\"><a href=\"http:\/\/www.urbanaistorija.rs\/izdanja\/\">Izdanja<\/a><\/blockquote><iframe loading=\"lazy\" class=\"wp-embedded-content\" sandbox=\"allow-scripts\" security=\"restricted\" style=\"position: absolute; clip: rect(1px, 1px, 1px, 1px);\" title=\"&#8220;Izdanja&#8221; &#8212; Dru&scaron;tvo za urbanu istoriju\" src=\"http:\/\/www.urbanaistorija.rs\/izdanja\/embed\/#?secret=L9Fv0Fg91Y#?secret=5R8uK1nYSd\" data-secret=\"5R8uK1nYSd\" width=\"600\" height=\"338\" frameborder=\"0\" marginwidth=\"0\" marginheight=\"0\" scrolling=\"no\"><\/iframe>\n<\/div><\/figure>\n\n\n\n<hr class=\"wp-block-separator\"\/>\n","protected":false},"excerpt":{"rendered":"","protected":false},"author":2,"featured_media":32776,"comment_status":"open","ping_status":"open","sticky":false,"template":"","format":"standard","meta":{"_acf_changed":false,"jetpack_post_was_ever_published":false,"_jetpack_newsletter_access":"","_jetpack_dont_email_post_to_subs":false,"_jetpack_newsletter_tier_id":0,"_jetpack_memberships_contains_paywalled_content":false,"_jetpack_memberships_contains_paid_content":false,"footnotes":"","jetpack_publicize_message":"","jetpack_publicize_feature_enabled":true,"jetpack_social_post_already_shared":true,"jetpack_social_options":{"image_generator_settings":{"template":"highway","default_image_id":0,"font":"","enabled":false},"version":2}},"categories":[8,3],"tags":[],"class_list":["post-32775","post","type-post","status-publish","format-standard","has-post-thumbnail","hentry","category-knjige","category-novosti"],"acf":{"facebook_opis":""},"jetpack_publicize_connections":[],"jetpack_featured_media_url":"https:\/\/i0.wp.com\/historiografija.hr\/wp-content\/uploads\/2022\/09\/Kolaboracionisti-pred-sudom.jpg?fit=915%2C1330&ssl=1","jetpack_sharing_enabled":true,"jetpack-related-posts":[],"_links":{"self":[{"href":"https:\/\/historiografija.hr\/index.php?rest_route=\/wp\/v2\/posts\/32775","targetHints":{"allow":["GET"]}}],"collection":[{"href":"https:\/\/historiografija.hr\/index.php?rest_route=\/wp\/v2\/posts"}],"about":[{"href":"https:\/\/historiografija.hr\/index.php?rest_route=\/wp\/v2\/types\/post"}],"author":[{"embeddable":true,"href":"https:\/\/historiografija.hr\/index.php?rest_route=\/wp\/v2\/users\/2"}],"replies":[{"embeddable":true,"href":"https:\/\/historiografija.hr\/index.php?rest_route=%2Fwp%2Fv2%2Fcomments&post=32775"}],"version-history":[{"count":1,"href":"https:\/\/historiografija.hr\/index.php?rest_route=\/wp\/v2\/posts\/32775\/revisions"}],"predecessor-version":[{"id":32777,"href":"https:\/\/historiografija.hr\/index.php?rest_route=\/wp\/v2\/posts\/32775\/revisions\/32777"}],"wp:featuredmedia":[{"embeddable":true,"href":"https:\/\/historiografija.hr\/index.php?rest_route=\/wp\/v2\/media\/32776"}],"wp:attachment":[{"href":"https:\/\/historiografija.hr\/index.php?rest_route=%2Fwp%2Fv2%2Fmedia&parent=32775"}],"wp:term":[{"taxonomy":"category","embeddable":true,"href":"https:\/\/historiografija.hr\/index.php?rest_route=%2Fwp%2Fv2%2Fcategories&post=32775"},{"taxonomy":"post_tag","embeddable":true,"href":"https:\/\/historiografija.hr\/index.php?rest_route=%2Fwp%2Fv2%2Ftags&post=32775"}],"curies":[{"name":"wp","href":"https:\/\/api.w.org\/{rel}","templated":true}]}}