{"id":32753,"date":"2022-09-23T19:04:08","date_gmt":"2022-09-23T19:04:08","guid":{"rendered":"http:\/\/historiografija.hr\/?p=32753"},"modified":"2022-09-23T19:05:32","modified_gmt":"2022-09-23T19:05:32","slug":"obiljezavanje-500-obljetnice-govora-za-hrvatsku-bernardina-frankopana-modruskog","status":"publish","type":"post","link":"https:\/\/historiografija.hr\/?p=32753","title":{"rendered":"Obilje\u017eavanje 500. obljetnice Govora za Hrvatsku Bernardina Frankopana Modru\u0161kog"},"content":{"rendered":"\n<p>U Ogulinu u organizaciji Ogranka Matice hrvatske u Ogulinu, Odjela za povijest Matice hrvatske, Zagreb i Katedre \u010cakavskoga sabora Modru\u0161e odr\u017eat \u0107e se 1. i 2. listopada 2022. obilje\u017eavanje 500. obljetnice Govora za Hrvatsku (<em>Oratio pro Croatia<\/em>) Bernardina Frankopana Modru\u0161kog, odr\u017eanoga 1522. godine u N\u00fcrnbergu. U sklopu obilje\u017eavanja bit \u0107e odr\u017eana znanstvena tribina (znanstveni kolokvij) i promocija novog izdanja knjige <em>Oratio pro Croatia<\/em>, Govor za Hrvatsku 1522. autora Ivana Jurkovi\u0107a i Violete Moretti.<\/p>\n\n\n\n<div class=\"wp-block-file\"><a href=\"https:\/\/historiografija.hr\/wp-content\/uploads\/2022\/09\/PROGRAM-OBILJE\u017dAVANJA-500.-OBLJETNICE.pdf\">PROGRAM-OBILJE\u017dAVANJA-500.-OBLJETNICE<\/a><a href=\"https:\/\/historiografija.hr\/wp-content\/uploads\/2022\/09\/PROGRAM-OBILJE\u017dAVANJA-500.-OBLJETNICE.pdf\" class=\"wp-block-file__button\" download>Preuzmi<\/a><\/div>\n\n\n\n<hr class=\"wp-block-separator\"\/>\n","protected":false},"excerpt":{"rendered":"","protected":false},"author":2,"featured_media":32755,"comment_status":"open","ping_status":"open","sticky":false,"template":"","format":"standard","meta":{"_acf_changed":false,"jetpack_post_was_ever_published":false,"_jetpack_newsletter_access":"","_jetpack_dont_email_post_to_subs":false,"_jetpack_newsletter_tier_id":0,"_jetpack_memberships_contains_paywalled_content":false,"_jetpack_memberships_contains_paid_content":false,"footnotes":"","jetpack_publicize_message":"","jetpack_publicize_feature_enabled":true,"jetpack_social_post_already_shared":true,"jetpack_social_options":{"image_generator_settings":{"template":"highway","default_image_id":0,"font":"","enabled":false},"version":2}},"categories":[3,9],"tags":[],"class_list":["post-32753","post","type-post","status-publish","format-standard","has-post-thumbnail","hentry","category-novosti","category-skupovi"],"acf":{"facebook_opis":""},"jetpack_publicize_connections":[],"jetpack_featured_media_url":"https:\/\/i0.wp.com\/historiografija.hr\/wp-content\/uploads\/2022\/09\/bernardin-frankopan-govor.jpg?fit=358%2C514&ssl=1","jetpack_sharing_enabled":true,"jetpack-related-posts":[],"_links":{"self":[{"href":"https:\/\/historiografija.hr\/index.php?rest_route=\/wp\/v2\/posts\/32753","targetHints":{"allow":["GET"]}}],"collection":[{"href":"https:\/\/historiografija.hr\/index.php?rest_route=\/wp\/v2\/posts"}],"about":[{"href":"https:\/\/historiografija.hr\/index.php?rest_route=\/wp\/v2\/types\/post"}],"author":[{"embeddable":true,"href":"https:\/\/historiografija.hr\/index.php?rest_route=\/wp\/v2\/users\/2"}],"replies":[{"embeddable":true,"href":"https:\/\/historiografija.hr\/index.php?rest_route=%2Fwp%2Fv2%2Fcomments&post=32753"}],"version-history":[{"count":3,"href":"https:\/\/historiografija.hr\/index.php?rest_route=\/wp\/v2\/posts\/32753\/revisions"}],"predecessor-version":[{"id":32758,"href":"https:\/\/historiografija.hr\/index.php?rest_route=\/wp\/v2\/posts\/32753\/revisions\/32758"}],"wp:featuredmedia":[{"embeddable":true,"href":"https:\/\/historiografija.hr\/index.php?rest_route=\/wp\/v2\/media\/32755"}],"wp:attachment":[{"href":"https:\/\/historiografija.hr\/index.php?rest_route=%2Fwp%2Fv2%2Fmedia&parent=32753"}],"wp:term":[{"taxonomy":"category","embeddable":true,"href":"https:\/\/historiografija.hr\/index.php?rest_route=%2Fwp%2Fv2%2Fcategories&post=32753"},{"taxonomy":"post_tag","embeddable":true,"href":"https:\/\/historiografija.hr\/index.php?rest_route=%2Fwp%2Fv2%2Ftags&post=32753"}],"curies":[{"name":"wp","href":"https:\/\/api.w.org\/{rel}","templated":true}]}}