{"id":32747,"date":"2022-09-23T18:24:32","date_gmt":"2022-09-23T18:24:32","guid":{"rendered":"http:\/\/historiografija.hr\/?p=32747"},"modified":"2022-09-23T19:53:08","modified_gmt":"2022-09-23T19:53:08","slug":"medunarodni-znanstveni-skup-janez-trdina-1830-1905-slovenski-profesor-varazdinske-i-rijecke-gimnazije","status":"publish","type":"post","link":"https:\/\/historiografija.hr\/?p=32747","title":{"rendered":"ME\u0110UNARODNI ZNANSTVENI SKUP &#8220;JANEZ TRDINA (1830. \u2013 1905.), SLOVENSKI PROFESOR VARA\u017dDINSKE I RIJE\u010cKE GIMNAZIJE&#8221;"},"content":{"rendered":"\n<p><strong>HRVATSKA AKADEMIJA ZNANOSTI I UMJETNOSTI<\/strong><\/p>\n\n\n\n<p><strong>Zavod za povijesne i dru\u0161tvene znanosti u Rijeci<\/strong><\/p>\n\n\n\n<p><strong>s Podru\u010dnom jedinicom u Puli<\/strong><\/p>\n\n\n\n<p><strong>i Zavod za znanstveni rad u Vara\u017edinu<\/strong><\/p>\n\n\n\n<p><strong>ZNANSTVENORAZISKOVALNI CENTER<\/strong><\/p>\n\n\n\n<p><strong>SLOVENSKE AKADEMIJE ZNANOSTI IN UMETNOSTI, Ljubljana<\/strong><\/p>\n\n\n\n<p><strong>IN\u0160TITUT ZA NARODNOSTNA VPRA\u0160ANJA, Ljubljana<\/strong><\/p>\n\n\n\n<p>organiziraju<\/p>\n\n\n\n<p><strong>ME\u0110UNARODNI ZNANSTVENI SKUP<\/strong><\/p>\n\n\n\n<p><em><strong>JANEZ TRDINA (1830. \u2013 1905.), SLOVENSKI PROFESOR VARA\u017dDINSKE I RIJE\u010cKE GIMNAZIJE<\/strong><\/em><\/p>\n\n\n\n<p><strong>PROGRAM&nbsp;<\/strong><\/p>\n\n\n\n<p><strong><u>Petak, 23. 9. 2022.<\/u><\/strong><\/p>\n\n\n\n<p><strong>Slovenski dom \u2013 KPD \u201eBazovica\u201d, Podpinjol 43, Rijeka<\/strong><\/p>\n\n\n\n<p><strong>10.00 \u2013 Pozdravne rije\u010di i otvaranje skupa<\/strong><\/p>\n\n\n\n<p><strong>Izlaganja<\/strong><\/p>\n\n\n\n<p>10.30 \u2013 10.45&nbsp;&nbsp;&nbsp; <strong>Barbara Riman<\/strong> (In\u0161titut za narodnostna vpra\u0161nja, Ljubljana):<\/p>\n\n\n\n<p><em>Slovenski profesori u hrvatskim gimnazijama krajem 19. i po\u010detkom 20. stolje\u0107a<\/em><\/p>\n\n\n\n<p>10.45 \u2013 11.00&nbsp;&nbsp;&nbsp; <strong>Kristina Riman <\/strong>(Sveu\u010dili\u0161te Jurja Dobrile u Puli, Fakultet za odgojne i obrazovne znanosti):<\/p>\n\n\n\n<p><em>Trdinino promi\u0161ljanje slovenskog i hrvatskog identiteta u razdoblju Bachova apsolutizma<\/em><\/p>\n\n\n\n<p>11.00 \u2013 11.15&nbsp;&nbsp;&nbsp; <strong>Jan Bernot <\/strong>(Univerza v Ljubljani, Filozofska fakulteta):<\/p>\n\n\n\n<p><em>Ponotranjenje slovenske nacionalne ideje pri Janezu Trdini<\/em><\/p>\n\n\n\n<p>11.15 \u2013 11.30&nbsp;&nbsp;&nbsp; <strong>Marijan Dovi\u0107 <\/strong>(ZRC SAZU, In\u0161titut za slovensko literaturo in literarne vede, Ljubljana):<\/p>\n\n\n\n<p><em>Trdinove nacionalisti\u010dne \u00bbbajke\u00ab, mednacionalni spor in \u00bbmehka\u00ab cenzura<\/em><\/p>\n\n\n\n<p>11.30 \u2013 11.50&nbsp;&nbsp;&nbsp; <strong>Stanka<\/strong><\/p>\n\n\n\n<p>11.50. \u2013 12.05&nbsp;&nbsp; <strong>Vladimir Huzjan <\/strong>(Zavod za znanstveni rad HAZU u Vara\u017edinu):<\/p>\n\n\n\n<p><em>Vara\u017edin u vrijeme Janeza Trdine<\/em><\/p>\n\n\n\n<p>12.05 \u2013 12.20&nbsp;&nbsp;&nbsp; <strong>Sanja \u017dupani\u0107 <\/strong>(Strojarska i prometna \u0161kola Vara\u017edin):<\/p>\n\n\n\n<p><em>Trdinina kritika <\/em>\u0161vap\u010darenja<em> u Vara\u017edinu<\/em><\/p>\n\n\n\n<p>12.20 \u2013 12.35&nbsp;&nbsp;&nbsp; <strong>Andrea Rokni\u0107 Be\u017eani\u0107 <\/strong>(Sveu\u010dili\u0161te u Rijeci, Filozofski fakultet):<\/p>\n\n\n\n<p><em>Rijeka i Janez Trdina<\/em><\/p>\n\n\n\n<p>12.35 \u2013 12.45 <strong>Stanka<\/strong><\/p>\n\n\n\n<p>12.45 \u2013 13.00&nbsp;&nbsp;&nbsp; <strong>Boris Petkovi\u0107 <\/strong>(Prva su\u0161a\u010dka hrvatska gimnazija u Rijeci):<\/p>\n\n\n\n<p><em>Izvje\u0161\u0107a rije\u010dke gimnazije u razdoblju prije, za vrijeme i nakon profesure Janeza Trdine (1819. \u2013 1875.)<\/em><\/p>\n\n\n\n<p>13.00 \u2013 13.15&nbsp;&nbsp;&nbsp; <strong>Diana Stolac \u2013 Petra Rado\u0161evi\u0107 <\/strong>(Sveu\u010dili\u0161te u Rijeci, Filozofski fakultet; Katoli\u010dka osnovna \u0161kola \u201eJosip Pavli\u0161i\u0107\u201d, Rijeka):<\/p>\n\n\n\n<p><em>Rije\u010dke godine Janeza Trdine<\/em><\/p>\n\n\n\n<p>13.15 \u2013 13.30&nbsp;&nbsp;&nbsp; <strong>Maja Poli\u0107 <\/strong>(Zavod za povijesne i dru\u0161tvene znanosti HAZU u Rijeci):<\/p>\n\n\n\n<p><em>Janez Trdina u hrvatskoj periodici XIX. stolje\u0107a<\/em><\/p>\n\n\n\n<p>13.30 \u2013 13.45&nbsp;&nbsp;&nbsp; <strong>Sanja Holjevac <\/strong>(Zavod za povijesne i dru\u0161tvene znanosti HAZU u Rijeci):<\/p>\n\n\n\n<p><em>Zapa\u017eanja Janeza Trdine o \u010dakav\u0161tini otoka Krka<\/em><\/p>\n\n\n\n<p>13.45 \u2013 14.00&nbsp;&nbsp;&nbsp; <strong>Stanko Granda<\/strong> (Ljubljana, Slovenija):<\/p>\n\n\n\n<p><em>Janez Trdina kot vir za socialno zgodovino<\/em><\/p>\n\n\n\n<p>14.00&nbsp; &nbsp; <strong>Rasprava<\/strong><\/p>\n\n\n\n<p>15.00<strong>&nbsp;&nbsp;&nbsp; Ru\u010dak<\/strong><\/p>\n\n\n\n<p><strong>Odr\u017eavanje skupa financijski su potpomogli:<\/strong><\/p>\n\n\n\n<p>\u2013 Zaklada Hrvatske akademije znanosti i umjetnosti<\/p>\n\n\n\n<p>\u2013 Urad vlade Republike Slovenije za Slovence v zamejstvu in po svetu<\/p>\n\n\n\n<p><a href=\"https:\/\/www.info.hazu.hr\/wp-content\/uploads\/2022\/09\/Pozivnica-s-programom-1.pdf\">Pozivnica s programom<\/a><\/p>\n\n\n\n<hr class=\"wp-block-separator\"\/>\n\n\n\n<p>Izvor:<\/p>\n\n\n\n<figure class=\"wp-block-embed-wordpress wp-block-embed is-type-wp-embed is-provider-hazu\"><div class=\"wp-block-embed__wrapper\">\n<blockquote class=\"wp-embedded-content\" data-secret=\"kzeBe4ub4p\"><a href=\"https:\/\/www.info.hazu.hr\/events\/medunarodni-znanstveni-skup-janez-trdina-1830-1905-slovenski-profesor-varazdinske-i-rijecke-gimnazije\/\">ME\u0110UNARODNI ZNANSTVENI SKUP JANEZ TRDINA (1830. \u2013 1905.), SLOVENSKI PROFESOR VARA\u017dDINSKE I RIJE\u010cKE GIMNAZIJE<\/a><\/blockquote><iframe loading=\"lazy\" class=\"wp-embedded-content\" sandbox=\"allow-scripts\" security=\"restricted\" style=\"position: absolute; clip: rect(1px, 1px, 1px, 1px);\" title=\"&#8220;ME\u0110UNARODNI ZNANSTVENI SKUP JANEZ TRDINA (1830. \u2013 1905.), SLOVENSKI PROFESOR VARA\u017dDINSKE I RIJE\u010cKE GIMNAZIJE&#8221; &#8212; HAZU\" src=\"https:\/\/www.info.hazu.hr\/events\/medunarodni-znanstveni-skup-janez-trdina-1830-1905-slovenski-profesor-varazdinske-i-rijecke-gimnazije\/embed\/#?secret=kzeBe4ub4p\" data-secret=\"kzeBe4ub4p\" width=\"600\" height=\"338\" frameborder=\"0\" marginwidth=\"0\" marginheight=\"0\" scrolling=\"no\"><\/iframe>\n<\/div><\/figure>\n\n\n\n<hr class=\"wp-block-separator\"\/>\n","protected":false},"excerpt":{"rendered":"","protected":false},"author":2,"featured_media":32748,"comment_status":"open","ping_status":"open","sticky":false,"template":"","format":"standard","meta":{"_acf_changed":false,"jetpack_post_was_ever_published":false,"_jetpack_newsletter_access":"","_jetpack_dont_email_post_to_subs":false,"_jetpack_newsletter_tier_id":0,"_jetpack_memberships_contains_paywalled_content":false,"_jetpack_memberships_contains_paid_content":false,"footnotes":"","jetpack_publicize_message":"","jetpack_publicize_feature_enabled":true,"jetpack_social_post_already_shared":true,"jetpack_social_options":{"image_generator_settings":{"template":"highway","default_image_id":0,"font":"","enabled":false},"version":2}},"categories":[3,9],"tags":[],"class_list":["post-32747","post","type-post","status-publish","format-standard","has-post-thumbnail","hentry","category-novosti","category-skupovi"],"acf":{"facebook_opis":""},"jetpack_publicize_connections":[],"jetpack_featured_media_url":"https:\/\/i0.wp.com\/historiografija.hr\/wp-content\/uploads\/2022\/09\/trdina.jpg?fit=1755%2C999&ssl=1","jetpack_sharing_enabled":true,"jetpack-related-posts":[],"_links":{"self":[{"href":"https:\/\/historiografija.hr\/index.php?rest_route=\/wp\/v2\/posts\/32747","targetHints":{"allow":["GET"]}}],"collection":[{"href":"https:\/\/historiografija.hr\/index.php?rest_route=\/wp\/v2\/posts"}],"about":[{"href":"https:\/\/historiografija.hr\/index.php?rest_route=\/wp\/v2\/types\/post"}],"author":[{"embeddable":true,"href":"https:\/\/historiografija.hr\/index.php?rest_route=\/wp\/v2\/users\/2"}],"replies":[{"embeddable":true,"href":"https:\/\/historiografija.hr\/index.php?rest_route=%2Fwp%2Fv2%2Fcomments&post=32747"}],"version-history":[{"count":2,"href":"https:\/\/historiografija.hr\/index.php?rest_route=\/wp\/v2\/posts\/32747\/revisions"}],"predecessor-version":[{"id":32768,"href":"https:\/\/historiografija.hr\/index.php?rest_route=\/wp\/v2\/posts\/32747\/revisions\/32768"}],"wp:featuredmedia":[{"embeddable":true,"href":"https:\/\/historiografija.hr\/index.php?rest_route=\/wp\/v2\/media\/32748"}],"wp:attachment":[{"href":"https:\/\/historiografija.hr\/index.php?rest_route=%2Fwp%2Fv2%2Fmedia&parent=32747"}],"wp:term":[{"taxonomy":"category","embeddable":true,"href":"https:\/\/historiografija.hr\/index.php?rest_route=%2Fwp%2Fv2%2Fcategories&post=32747"},{"taxonomy":"post_tag","embeddable":true,"href":"https:\/\/historiografija.hr\/index.php?rest_route=%2Fwp%2Fv2%2Ftags&post=32747"}],"curies":[{"name":"wp","href":"https:\/\/api.w.org\/{rel}","templated":true}]}}