{"id":32742,"date":"2022-09-22T21:31:51","date_gmt":"2022-09-22T21:31:51","guid":{"rendered":"http:\/\/historiografija.hr\/?p=32742"},"modified":"2022-09-22T21:32:39","modified_gmt":"2022-09-22T21:32:39","slug":"program-obiljezavanja-desete-obljetnice-virtualnog-muzeja-dotrscina","status":"publish","type":"post","link":"https:\/\/historiografija.hr\/?p=32742","title":{"rendered":"PROGRAM OBILJE\u017dAVANJA DESETE OBLJETNICE VIRTUALNOG MUZEJA DOTR\u0160\u010cINA"},"content":{"rendered":"\n<p>U povodu desete obljetnice djelovanja Virtualnog muzeja Dotr\u0161\u010dina, na ulazu u spomen-park Dotr\u0161\u010dina bit \u0107e postavljen paviljon Privremenog muzeja s popratnim izlo\u017ebenim, izvedbenim i istra\u017eiva\u010dkim programom.<\/p>\n\n\n\n<p>Paviljon Privremenog muzeja odabran je na javnom natje\u010daju, a za izvedbu je odabrano rje\u0161enje arhitekta Davida Kabalina iz Zagreba.<\/p>\n\n\n\n<p>Paviljon \u0107e se mo\u0107i razgledati na Dotr\u0161\u010dini od 1. do 9. listopada 2022.<\/p>\n\n\n\n<p><strong>Program:<\/strong><\/p>\n\n\n\n<p><strong>Subota, 1. listopada 2022.<\/strong><\/p>\n\n\n\n<p>16 sati: Otvorenje paviljona Privremenog muzeja kod glavnog ulaza u spomen-park Dotr\u0161\u010dina<\/p>\n\n\n\n<p>Paviljon Privremenog muzeja na livadi kod ulaza u spomen-park interpretiran je krajnje simboli\u010dki, kao upe\u010datljivi znak, skelet koji prostor vi\u0161e nazna\u010duje nego ogra\u0111uje ili natkriva. Razli\u010dit je od \u0161umskog konteksta, a istovremenu mu nalik. O\u0161tri elementi koji streme u visinu &#8211; trono\u0161ci visine 4 metra &#8211; poslo\u017eeni su u elementarnu formu kruga, dok je kroz njih mogu\u0107 nesmetan pogled i prolaz sa svih strana.<\/p>\n\n\n\n<p>Autor: David Kabalin<\/p>\n\n\n\n<p>Izvedba: Vjeran Peri\u010dek<\/p>\n\n\n\n<p>16.30: performans Analogna \u0161uma, paviljon Privremenog muzeja (izlo\u017eba), izvedba u dubini \u0161ume.<\/p>\n\n\n\n<p>Performans kombinira elemente iz antidrame Kralj Godogan Radovana Iv\u0161i\u0107a iz 1943. godine, s dokumentima koji svjedo\u010de o doga\u0111anjima na Dotr\u0161ini u vrijeme NDH. Kralj Godogan je tiranski vladar koji nakon \u0161to ubije sve svoje podanike i ne zna \u0161to bi dalje radio, ide u \u0161umu i sije\u010de stabla. Dotr\u0161\u010dinska \u0161uma je u vrijeme NDH bila najve\u0107e zagreba\u010dko strati\u0161te protivnika usta\u0161kog re\u017eima. U isto vrijeme posje\u010dena je hrastova \u0161uma na Dotr\u0161\u010dini, a sada\u0161nja grabova \u0161uma izrasla je nakon toga, pa je dana\u0161nja dotr\u0161\u010dinska \u0161uma stara koliko i zlo\u010din koji se tamo dogodio.<\/p>\n\n\n\n<p>Scenarij i re\u017eija: Rosana Ratkov\u010di\u0107<\/p>\n\n\n\n<p>Izvo\u0111a\u010di: Josipa Buba\u0161, Nikolina Komljenovi\u0107, Dejan Gli\u0161i\u0107 i Maxime Weinmann.<\/p>\n\n\n\n<p>Dizajn: Leo Kirin\u010di\u0107<\/p>\n\n\n\n<p>Arhivski materijali: Hrvatski dr\u017eavni arhiv, Hrvatski povijesni muzej<\/p>\n\n\n\n<p>Izvedba traje pola sata, a cjelokupni program uklju\u010duje izlo\u017ebeni dio u paviljonu Privremenog muzeja te zajedni\u010dku \u0161etnju \u0161umom do mjesta izvedbe.<\/p>\n\n\n\n<p><strong>Nedjelja, 2. listopada 2022. u 11 sati<\/strong><\/p>\n\n\n\n<p>Otvorenje foto-izlo\u017ebe Tlo Ane Opali\u0107 u paviljonu Privremenog muzeja Dotr\u0161\u010dina<\/p>\n\n\n\n<p>Seriju foto-eseja o Dotr\u0161\u010dini Virtualnog muzeja Dotr\u0161\u010dina nastavlja rad Ane Opali\u0107 koja je zaokupljena tlom: suho li\u0161\u0107e, kora drve\u0107a, travke, paprat, zemlja. Temi ne pristupa fotografski ve\u0107 taktilno, a bilje\u017ei ga posredno i simboli\u010dki, poku\u0161avaju\u0107i snimiti nevidljivo. Autorica prikuplja uzorke tla i odnosi ku\u0107i gdje ih skenira. Pri\u010du o pejsa\u017eu obilje\u017eenom zlo\u010dinom ogromnih razmjera, autorica predstavlja reducirano na osvjetljeni prah.<\/p>\n\n\n\n<p>Izlo\u017eba je jednodnevna.<\/p>\n\n\n\n<p><strong>Subota, 8. listopada 2022. u 15 sati<\/strong><\/p>\n\n\n\n<p>Izlo\u017eba: Marija Vinski: \u017divot kao kaleidoskop, paviljon Privremenog muzeja<\/p>\n\n\n\n<p>Izlo\u017eba donosi izbor iz dnevni\u010dkih zapisa Marije Vinski, zagreba\u010dke lije\u010dnice i intelektualke, ubijene na Dotr\u0161\u010dini 1941. godine. Kroz nekoliko cjelina, na izlo\u017ebi \u0107e biti prikazan Marijin odnos prema vlastitim dnevnicima te osobni interesi i promi\u0161ljanja o temama poput prirode, poezije, putovanja, medicine, budu\u0107nosti itd.<\/p>\n\n\n\n<p>Autorice: Lucija Bak\u0161i\u0107, Magdalena Bla\u017ei\u0107, Martina Galovi\u0107 i Marija Skopljak<\/p>\n\n\n\n<p>Dizajn: Teo Domines Peter<\/p>\n\n\n\n<p>Produkcija: Virtualni muzej Dotr\u0161\u010dina i Hrvatska udruga nastavnika povijesti<\/p>\n\n\n\n<p>Sve fotografije ljubazno\u0161\u0107u Hrvatskog dr\u017eavnog arhiva.<\/p>\n\n\n\n<p>Izlo\u017eba je jednodnevna, a naknadno \u0107e biti postavljena u Knji\u017enicama grada Zagreba\/ Knji\u017enica Jelkovec.<\/p>\n\n\n\n<p><strong>Nedjelja, 9. listopada 2022., paviljon Privremenog muzeja Dotr\u0161\u010dina u 16 sati.<\/strong><\/p>\n\n\n\n<p>Arhiv Dotr\u0161\u010dina: Ulomci<\/p>\n\n\n\n<p>Spomen-podru\u010dje Dotr\u0161\u010dina ne sadr\u017ei nijedan biografski podatak o tisu\u0107ama tamo\u0161njih \u017ertava fa\u0161izma. U tome smislu na manjkavo rje\u0161enje memorijalnog krajolika, odnosno izostanak bilo kakve institucionalne alternative boljem obilje\u017eavanju tog va\u017enog mjesta sje\u0107anja i u\u010denja, ukazat \u0107e se manjom izlo\u017ebom biografskih podataka iz fundusa projekta Dotr\u0161\u010dina koji se \u010duva u Hrvatskom dr\u017eavnom arhivu u Zagrebu, uz nadopune nastale u sklopu aktivnosti Virtualnog muzeja Dotr\u0161\u010dina.<\/p>\n\n\n\n<p>Autori: Tia Glavo\u010di\u0107 i Sa\u0161a \u0160impraga<\/p>\n\n\n\n<p>Dizajn: Teo Domines Peter<\/p>\n\n\n\n<p>Izlo\u017eba je jednodnevna.<\/p>\n\n\n\n<hr class=\"wp-block-separator\"\/>\n\n\n\n<p>Budu\u0107i da se svi programi odr\u017eavaju na otvorenom, postoji mogu\u0107nost promjene datuma i vremena izvedbe ovisno o vremenskim prilikama.<\/p>\n\n\n\n<hr class=\"wp-block-separator\"\/>\n\n\n\n<p>Izlo\u017eba o Mariji Vinski realizirana je kroz podr\u0161ku Gradskog ureda za kulturu, me\u0111ugradsku i me\u0111unarodnu suradnju i civilno dru\u0161tvo Grada Zagreba.<\/p>\n\n\n\n<p>Svi ostali programi realizirani su u podr\u0161ku Srpskog narodnog vije\u0107a iz Zagreba.<\/p>\n\n\n\n<p>Virtualni muzej Dotr\u0161\u010dina i Privremeni muzej Dotr\u0161\u010dina autorski su projekti Sa\u0161e \u0160imprage.<\/p>\n\n\n\n<p>Zahvala: Tomislav \u010cankovi\u0107, Aleksandar Hut Kono, dr.sc. Nata\u0161a Matau\u0161i\u0107, Sa\u0161a Milo\u0161evi\u0107, Petra Vidovi\u0107, Tanja Vujasinovi\u0107, Hrvatski dr\u017eavni arhiv, Hrvatske \u0161ume<\/p>\n\n\n\n<hr class=\"wp-block-separator\"\/>\n\n\n\n<p>Podr\u017eite dolaskom.<\/p>\n\n\n\n<hr class=\"wp-block-separator\"\/>\n\n\n\n<p>Izvor:<\/p>\n\n\n\n<p><a href=\"https:\/\/www.facebook.com\/virtualnimuzejdotrscina\/\">https:\/\/www.facebook.com\/virtualnimuzejdotrscina\/<\/a><\/p>\n\n\n\n<hr class=\"wp-block-separator\"\/>\n\n\n\n<p>Iz medija:<\/p>\n\n\n\n<figure class=\"wp-block-embed-wordpress wp-block-embed is-type-wp-embed is-provider-h-alter\"><div class=\"wp-block-embed__wrapper\">\n<blockquote class=\"wp-embedded-content\" data-secret=\"4KVb8TtxyD\"><a href=\"https:\/\/h-alter.org\/sto-nas-ceka\/program-obiljezavanja-desete-obljetnice-virtualnog-muzeja-dotrscina\/\">Program obilje\u017eavanja desete obljetnice Virtualnog muzeja Dotr\u0161\u010dina<\/a><\/blockquote><iframe loading=\"lazy\" class=\"wp-embedded-content\" sandbox=\"allow-scripts\" security=\"restricted\" style=\"position: absolute; clip: rect(1px, 1px, 1px, 1px);\" title=\"&#8220;Program obilje\u017eavanja desete obljetnice Virtualnog muzeja Dotr\u0161\u010dina&#8221; &#8212; H-Alter\" src=\"https:\/\/h-alter.org\/sto-nas-ceka\/program-obiljezavanja-desete-obljetnice-virtualnog-muzeja-dotrscina\/embed\/#?secret=xo5ifOINTw#?secret=4KVb8TtxyD\" data-secret=\"4KVb8TtxyD\" width=\"600\" height=\"338\" frameborder=\"0\" marginwidth=\"0\" marginheight=\"0\" scrolling=\"no\"><\/iframe>\n<\/div><\/figure>\n\n\n\n<p><a href=\"https:\/\/www.portalnovosti.com\/obiljezavanje-desete-obljetnice-virtualnog-muzeja-dotrscina\">https:\/\/www.portalnovosti.com\/obiljezavanje-desete-obljetnice-virtualnog-muzeja-dotrscina<\/a><\/p>\n\n\n\n<p><a href=\"https:\/\/www.culturenet.hr\/hr\/program-obiljezavanja-desete-obljetnice-virtualnog-muzeja-dotrscina\/185302\">https:\/\/www.culturenet.hr\/hr\/program-obiljezavanja-desete-obljetnice-virtualnog-muzeja-dotrscina\/185302<\/a><\/p>\n\n\n\n<hr class=\"wp-block-separator\"\/>\n","protected":false},"excerpt":{"rendered":"","protected":false},"author":2,"featured_media":32743,"comment_status":"open","ping_status":"open","sticky":false,"template":"","format":"standard","meta":{"_acf_changed":false,"jetpack_post_was_ever_published":false,"_jetpack_newsletter_access":"","_jetpack_dont_email_post_to_subs":false,"_jetpack_newsletter_tier_id":0,"_jetpack_memberships_contains_paywalled_content":false,"_jetpack_memberships_contains_paid_content":false,"footnotes":"","jetpack_publicize_message":"","jetpack_publicize_feature_enabled":true,"jetpack_social_post_already_shared":true,"jetpack_social_options":{"image_generator_settings":{"template":"highway","default_image_id":0,"font":"","enabled":false},"version":2}},"categories":[10,3],"tags":[],"class_list":["post-32742","post","type-post","status-publish","format-standard","has-post-thumbnail","hentry","category-izlozbe","category-novosti"],"acf":{"facebook_opis":""},"jetpack_publicize_connections":[],"jetpack_featured_media_url":"https:\/\/i0.wp.com\/historiografija.hr\/wp-content\/uploads\/2022\/09\/dotrscina-1.jpg?fit=1080%2C763&ssl=1","jetpack_sharing_enabled":true,"jetpack-related-posts":[],"_links":{"self":[{"href":"https:\/\/historiografija.hr\/index.php?rest_route=\/wp\/v2\/posts\/32742","targetHints":{"allow":["GET"]}}],"collection":[{"href":"https:\/\/historiografija.hr\/index.php?rest_route=\/wp\/v2\/posts"}],"about":[{"href":"https:\/\/historiografija.hr\/index.php?rest_route=\/wp\/v2\/types\/post"}],"author":[{"embeddable":true,"href":"https:\/\/historiografija.hr\/index.php?rest_route=\/wp\/v2\/users\/2"}],"replies":[{"embeddable":true,"href":"https:\/\/historiografija.hr\/index.php?rest_route=%2Fwp%2Fv2%2Fcomments&post=32742"}],"version-history":[{"count":2,"href":"https:\/\/historiografija.hr\/index.php?rest_route=\/wp\/v2\/posts\/32742\/revisions"}],"predecessor-version":[{"id":32745,"href":"https:\/\/historiografija.hr\/index.php?rest_route=\/wp\/v2\/posts\/32742\/revisions\/32745"}],"wp:featuredmedia":[{"embeddable":true,"href":"https:\/\/historiografija.hr\/index.php?rest_route=\/wp\/v2\/media\/32743"}],"wp:attachment":[{"href":"https:\/\/historiografija.hr\/index.php?rest_route=%2Fwp%2Fv2%2Fmedia&parent=32742"}],"wp:term":[{"taxonomy":"category","embeddable":true,"href":"https:\/\/historiografija.hr\/index.php?rest_route=%2Fwp%2Fv2%2Fcategories&post=32742"},{"taxonomy":"post_tag","embeddable":true,"href":"https:\/\/historiografija.hr\/index.php?rest_route=%2Fwp%2Fv2%2Ftags&post=32742"}],"curies":[{"name":"wp","href":"https:\/\/api.w.org\/{rel}","templated":true}]}}