{"id":32732,"date":"2022-09-22T21:01:43","date_gmt":"2022-09-22T21:01:43","guid":{"rendered":"http:\/\/historiografija.hr\/?p=32732"},"modified":"2022-09-22T21:01:43","modified_gmt":"2022-09-22T21:01:43","slug":"izlozba-zene-otpora-zene-u-borbi-protiv-fasizma-u-puli","status":"publish","type":"post","link":"https:\/\/historiografija.hr\/?p=32732","title":{"rendered":"Izlo\u017eba \u201c\u017dene otpora \u2013 \u017eene u borbi protiv fa\u0161izma\u201d u Puli"},"content":{"rendered":"\n<p>U petak, 23. rujna 2022., s po\u010detkom u 11 sati u Povijesnom i pomorskom muzeju Istre \u2013 Museo storico e navale dell\u2019Istria u Puli bit \u0107e otvorena izlo\u017eba&nbsp; \u201c\u017dene otpora \u2013 \u017eene u borbi protiv fa\u0161izma\u201d.<\/p>\n\n\n\n<p>Izlo\u017ebom \u201c\u017dene otpora \u2013 \u017eene u borbi protiv fa\u0161izma\u201d Udruga za obnovu povijesnog sje\u0107anja (Asociaci\u00f3n para la Recuperaci\u00f3n de la Memoria Hist\u00f3rica) \u017eeli pribli\u017eiti va\u017enost aktivne uloge \u017eena u pokretu otpora u \u0160panjolskoj, Italiji, Francuskoj, Njema\u010dkoj, Belgiji, Hrvatskoj i Portugalu tijekom \u0160panjolskog gra\u0111anskog rata i Drugog svjetskog rata.<\/p>\n\n\n\n<p>Pripadnice milicija, politi\u010darke, radnice koje u ratu sudjeluju u pozadini, dobrovoljke, gerilke, prosvjednice, \u017ertve represije\u2026 Od promi\u0161ljenih akcija do sitnih gesti, pridonosile su borbi za slobodu i antifa\u0161izam dostojanstveno, solidarno i hrabro. Sje\u0107anje na njih nepravedno je zapostavljeno pa im se ovom izlo\u017ebom \u017eeli odati po\u010dast, a posjetiteljima ponuditi globalni uvid u stvarnu va\u017enost njihova djelovanja u na\u0161oj povijesti.<\/p>\n\n\n\n<p>Okosnica predlo\u017eenih aktivnosti projekta \u017dene otpora putuju\u0107a je izlo\u017eba koja kroz prikaz jednog vremena pokazuje na koje su sve na\u010dine \u017eene doprinosile demokraciji u Europi, osobito borbi protiv fa\u0161izma. Izlo\u017eba \u0107e gostovati u nekoliko europskih dr\u017eava: \u0160panjolskoj, Francuskoj, Italiji, Njema\u010dkoj, Belgiji, Hrvatskoj i Portugalu. U svakom gradu predstavit \u0107e je \u010dlanovi ARMH-a i priznati istra\u017eiva\u010di iz tog podru\u010dja.<\/p>\n\n\n\n<hr class=\"wp-block-separator\"\/>\n\n\n\n<p>Izvor i pozivnica:<\/p>\n\n\n\n<figure class=\"wp-block-embed-wordpress wp-block-embed is-type-wp-embed is-provider-istarsko-povijesno-drustvo-societa-storica-istriana\"><div class=\"wp-block-embed__wrapper\">\n<blockquote class=\"wp-embedded-content\" data-secret=\"cCqRvWTGF6\"><a href=\"https:\/\/ipd-ssi.hr\/2022\/09\/22\/izlozba-zene-otpora-zene-u-borbi-protiv-fasizma-u-puli\/\">Izlo\u017eba &#8220;\u017dene otpora &#8211; \u017eene u borbi protiv fa\u0161izma&#8221; u Puli<\/a><\/blockquote><iframe loading=\"lazy\" class=\"wp-embedded-content\" sandbox=\"allow-scripts\" security=\"restricted\" style=\"position: absolute; clip: rect(1px, 1px, 1px, 1px);\" title=\"&#8220;Izlo\u017eba &#8220;\u017dene otpora &#8211; \u017eene u borbi protiv fa\u0161izma&#8221; u Puli&#8221; &#8212; Istarsko povijesno dru\u0161tvo - Societ\u00e0 Storica Istriana\" src=\"https:\/\/ipd-ssi.hr\/2022\/09\/22\/izlozba-zene-otpora-zene-u-borbi-protiv-fasizma-u-puli\/embed\/#?secret=LxTcs6G6UV#?secret=cCqRvWTGF6\" data-secret=\"cCqRvWTGF6\" width=\"600\" height=\"338\" frameborder=\"0\" marginwidth=\"0\" marginheight=\"0\" scrolling=\"no\"><\/iframe>\n<\/div><\/figure>\n\n\n\n<hr class=\"wp-block-separator\"\/>\n","protected":false},"excerpt":{"rendered":"","protected":false},"author":2,"featured_media":32733,"comment_status":"open","ping_status":"open","sticky":false,"template":"","format":"standard","meta":{"_acf_changed":false,"jetpack_post_was_ever_published":false,"_jetpack_newsletter_access":"","_jetpack_dont_email_post_to_subs":false,"_jetpack_newsletter_tier_id":0,"_jetpack_memberships_contains_paywalled_content":false,"_jetpack_memberships_contains_paid_content":false,"footnotes":"","jetpack_publicize_message":"","jetpack_publicize_feature_enabled":true,"jetpack_social_post_already_shared":true,"jetpack_social_options":{"image_generator_settings":{"template":"highway","default_image_id":0,"font":"","enabled":false},"version":2}},"categories":[10,3],"tags":[],"class_list":["post-32732","post","type-post","status-publish","format-standard","has-post-thumbnail","hentry","category-izlozbe","category-novosti"],"acf":{"facebook_opis":""},"jetpack_publicize_connections":[],"jetpack_featured_media_url":"https:\/\/i0.wp.com\/historiografija.hr\/wp-content\/uploads\/2022\/09\/zene-otpora.jpg?fit=1200%2C672&ssl=1","jetpack_sharing_enabled":true,"jetpack-related-posts":[],"_links":{"self":[{"href":"https:\/\/historiografija.hr\/index.php?rest_route=\/wp\/v2\/posts\/32732","targetHints":{"allow":["GET"]}}],"collection":[{"href":"https:\/\/historiografija.hr\/index.php?rest_route=\/wp\/v2\/posts"}],"about":[{"href":"https:\/\/historiografija.hr\/index.php?rest_route=\/wp\/v2\/types\/post"}],"author":[{"embeddable":true,"href":"https:\/\/historiografija.hr\/index.php?rest_route=\/wp\/v2\/users\/2"}],"replies":[{"embeddable":true,"href":"https:\/\/historiografija.hr\/index.php?rest_route=%2Fwp%2Fv2%2Fcomments&post=32732"}],"version-history":[{"count":1,"href":"https:\/\/historiografija.hr\/index.php?rest_route=\/wp\/v2\/posts\/32732\/revisions"}],"predecessor-version":[{"id":32734,"href":"https:\/\/historiografija.hr\/index.php?rest_route=\/wp\/v2\/posts\/32732\/revisions\/32734"}],"wp:featuredmedia":[{"embeddable":true,"href":"https:\/\/historiografija.hr\/index.php?rest_route=\/wp\/v2\/media\/32733"}],"wp:attachment":[{"href":"https:\/\/historiografija.hr\/index.php?rest_route=%2Fwp%2Fv2%2Fmedia&parent=32732"}],"wp:term":[{"taxonomy":"category","embeddable":true,"href":"https:\/\/historiografija.hr\/index.php?rest_route=%2Fwp%2Fv2%2Fcategories&post=32732"},{"taxonomy":"post_tag","embeddable":true,"href":"https:\/\/historiografija.hr\/index.php?rest_route=%2Fwp%2Fv2%2Ftags&post=32732"}],"curies":[{"name":"wp","href":"https:\/\/api.w.org\/{rel}","templated":true}]}}