{"id":32728,"date":"2022-09-21T20:50:59","date_gmt":"2022-09-21T20:50:59","guid":{"rendered":"http:\/\/historiografija.hr\/?p=32728"},"modified":"2022-09-21T20:53:25","modified_gmt":"2022-09-21T20:53:25","slug":"izlozba-mama-ja-ne-zelim-rat","status":"publish","type":"post","link":"https:\/\/historiografija.hr\/?p=32728","title":{"rendered":"Izlo\u017eba \u201eMama, ja ne \u017eelim rat!\u201c"},"content":{"rendered":"\n<p>Muzej knji\u017eevnosti i pozori\u0161ne umjetnosti Bosne i Hercegovine otvara izlo\u017ebu \u201eMama, ja ne \u017eelim rat!\u201c (1939 &#8211; 45 Poljska, 2022. Ukrajina, poljsko-ukrajinski arhivski projekat). Izlo\u017ebu \u010dine crte\u017ei poljske djece iz perioda Drugog svjetskog rata i ukrajinske djece iz rata koji se upravo tamo vodi. Uprkos razmaku od 76 godina izme\u0111u njih, oni pokazuju istu sliku ratnih u\u017easa kroz o\u010di djeteta. Kao rezultat toga, izlo\u017eba je univerzalna i bezvremenska. Poruka izlo\u017ebe ne mora biti samo osje\u0107aj u\u017easa rata ili antiratne refleksije, ve\u0107 i nada da \u0107e najmla\u0111e generacije, svjesne vlastitog identiteta, pre\u017eivjeti najgora previranja u povijesti svog naroda.<\/p>\n\n\n\n<p>&#8220;Predstavljamo vam izuzetno dirljiva dje\u010dja svjedo\u010danstva o ratu &#8211; povijesne crte\u017ee poljske djece iz 1946. godine, koji su zapis njihovih iskustava tokom Drugog svjetskog rata i njema\u010dke okupacije 1939.-1945 i savremeni crte\u017ee ukrajinske djece vezane za rat koji se trenutno odvija u Ukrajini. Historijski crte\u017ei poljske djece su \u010duvani u Centralnom arhivu modernih zapisa u Var\u0161avi, a radove ukrajinske djece su prikupljeni na portalu <a href=\"https:\/\/momidontwantwar.eu\/en\/index.php\">Mama, ja ne \u017eelim rat<\/a>.<\/p>\n\n\n\n<p>Izlo\u017ebom \u017eelimo pokazati da rat uvijek izgleda isto u o\u010dima djeteta. Bez obzira na mjesto i vrijeme, to je veliko zlo, a dijete je u njemu uvijek \u017ertva. Sli\u010dnost historijskih i savremenih djela je zapanjuju\u0107a. Djeca crtaju tenkove, avione za bacanje bombi, po\u017eare i eksplozije. Crtaju ranjene i mrtve, razru\u0161ene ku\u0107e, grobove. Crtaju sebe i svoju obitelj, crtaju evakuaciju i bijeg. Ali oni tako\u0111er crpe nadu i svoje snove za budu\u0107nost. Spajaju\u0107i slike i rije\u010di u tematske skupine: borba, okupacija, porodica, represija, otpor, destrukcija, pobjeda-nada, \u017eelimo naglasiti da su scenariji ratova na \u017ealost vrlo sli\u010dni. Mijenja se vrijeme, mijenja se mjesto, mijenjaju se djeca svjedoci, ali rat je uvijek isti.\u201d, navodi se u tekstu koji potpisuju dr. Dorota Sadowska (Univerzitet u Var\u0161avi) i prof. Olha Kulinich (Nacionalni univerzitet Tarasa Grigorovi\u010da \u0160ev\u010denka u Kijevu).<\/p>\n\n\n\n<p>Na otvorenju izlo\u017ebe u Sarajevu govori\u0107e: Direktorica Muzeja knji\u017eevnosti i pozori\u0161ne umjetnosti Bosne i Hercegovine \u0160ejla \u0160ehabovi\u0107, ambasador Republike Poljske u BiH Jaros\u0142aw Lindenberg, otpravnik poslova Ambasade Ukrajine u BiH Serhii Miniailo i direktor Muzeja ratnog djetinjstva Jasminko Halilovi\u0107.<\/p>\n\n\n\n<p>Izlo\u017eba \u0107e biti otvorena 22. septembra 2022. godine u 13 sati u galeriji Muzeja knji\u017eevnosti i pozori\u0161ne umjetnosti Bosne i Hercegovine.<\/p>\n\n\n\n<hr class=\"wp-block-separator\"\/>\n\n\n\n<p>Preneseno s portala <strong>Historiografija.ba<\/strong>:<\/p>\n\n\n\n<p><a href=\"https:\/\/historiografija.ba\/article.php?id=1402\">https:\/\/historiografija.ba\/article.php?id=1402<\/a><\/p>\n\n\n\n<hr class=\"wp-block-separator\"\/>\n","protected":false},"excerpt":{"rendered":"","protected":false},"author":2,"featured_media":32729,"comment_status":"open","ping_status":"open","sticky":false,"template":"","format":"standard","meta":{"_acf_changed":false,"jetpack_post_was_ever_published":false,"_jetpack_newsletter_access":"","_jetpack_dont_email_post_to_subs":false,"_jetpack_newsletter_tier_id":0,"_jetpack_memberships_contains_paywalled_content":false,"_jetpack_memberships_contains_paid_content":false,"footnotes":"","jetpack_publicize_message":"","jetpack_publicize_feature_enabled":true,"jetpack_social_post_already_shared":true,"jetpack_social_options":{"image_generator_settings":{"template":"highway","default_image_id":0,"font":"","enabled":false},"version":2}},"categories":[10,3],"tags":[],"class_list":["post-32728","post","type-post","status-publish","format-standard","has-post-thumbnail","hentry","category-izlozbe","category-novosti"],"acf":{"facebook_opis":""},"jetpack_publicize_connections":[],"jetpack_featured_media_url":"https:\/\/i0.wp.com\/historiografija.hr\/wp-content\/uploads\/2022\/09\/Izlozba_Muzej_2022.jpg?fit=450%2C636&ssl=1","jetpack_sharing_enabled":true,"jetpack-related-posts":[],"_links":{"self":[{"href":"https:\/\/historiografija.hr\/index.php?rest_route=\/wp\/v2\/posts\/32728","targetHints":{"allow":["GET"]}}],"collection":[{"href":"https:\/\/historiografija.hr\/index.php?rest_route=\/wp\/v2\/posts"}],"about":[{"href":"https:\/\/historiografija.hr\/index.php?rest_route=\/wp\/v2\/types\/post"}],"author":[{"embeddable":true,"href":"https:\/\/historiografija.hr\/index.php?rest_route=\/wp\/v2\/users\/2"}],"replies":[{"embeddable":true,"href":"https:\/\/historiografija.hr\/index.php?rest_route=%2Fwp%2Fv2%2Fcomments&post=32728"}],"version-history":[{"count":2,"href":"https:\/\/historiografija.hr\/index.php?rest_route=\/wp\/v2\/posts\/32728\/revisions"}],"predecessor-version":[{"id":32731,"href":"https:\/\/historiografija.hr\/index.php?rest_route=\/wp\/v2\/posts\/32728\/revisions\/32731"}],"wp:featuredmedia":[{"embeddable":true,"href":"https:\/\/historiografija.hr\/index.php?rest_route=\/wp\/v2\/media\/32729"}],"wp:attachment":[{"href":"https:\/\/historiografija.hr\/index.php?rest_route=%2Fwp%2Fv2%2Fmedia&parent=32728"}],"wp:term":[{"taxonomy":"category","embeddable":true,"href":"https:\/\/historiografija.hr\/index.php?rest_route=%2Fwp%2Fv2%2Fcategories&post=32728"},{"taxonomy":"post_tag","embeddable":true,"href":"https:\/\/historiografija.hr\/index.php?rest_route=%2Fwp%2Fv2%2Ftags&post=32728"}],"curies":[{"name":"wp","href":"https:\/\/api.w.org\/{rel}","templated":true}]}}