{"id":32725,"date":"2022-09-21T20:43:34","date_gmt":"2022-09-21T20:43:34","guid":{"rendered":"http:\/\/historiografija.hr\/?p=32725"},"modified":"2022-09-21T20:43:34","modified_gmt":"2022-09-21T20:43:34","slug":"iskustvo-u-guzvi-retrospektivna-izlozba-goranke-matic","status":"publish","type":"post","link":"https:\/\/historiografija.hr\/?p=32725","title":{"rendered":"Iskustvo u gu\u017evi &#8211; retrospektivna izlo\u017eba Goranke Mati\u0107"},"content":{"rendered":"\n<p>Nakon velikog beogradskog uspjeha predstavljanja izabranog opusa fotografkinje Goranke Mati\u0107 naslovljenog \u201eIskustvo u gu\u017evi\u201d kojeg kustoski potpisuje Una Popovi\u0107 a organizira Muzej savremene umetnosti u Beogradu, izlo\u017eba gostuje u Muzeju suvremene umjetnosti u Zagrebu. Izlo\u017eba se otvara 13. rujna i\u00a0 traje do 30. listopada 2022. godine.<\/p>\n\n\n\n<hr class=\"wp-block-separator\"\/>\n\n\n\n<p>Izlo\u017eba u Muzeju suvremene umjetnosti u Zagrebu predstavit \u0107e sljede\u0107e cjeline:<\/p>\n\n\n\n<p>1. prva autorska izlo\u017eba i radovi napravljeni u mediju fotografije<\/p>\n\n\n\n<p>2. fotografije rock koncerata i protagonista jugoslovenskog novog talasa zajedno sa sudionicima likovne scene nastale osamdesetih godina u \u010dijem je sredi\u0161tu bio Studentski kulturni centar u Beogradu (rock fotografija, na\u010din \u017eivota sudionika rock i umjetni\u010dke scene, dizajn omota glazbenih albuma). Goranka Mati\u0107 je fotografirala glazbenike, grupe i koncerte grupa kao \u0161to su EKV, Partibrejkersi, Haustor, Film, Azra i drugi.<\/p>\n\n\n\n<p>3. portreti (umjetnici, redatelji, pisci, politi\u010dari i dr.),<\/p>\n\n\n\n<p>4. 10 godina protiv (fotografije s politi\u010dkih skupova, manifestacija i protesta u Beogradu 1990. \u20132000. protiv rata u Jugoslaviji i politi\u010dkog re\u017eima),<\/p>\n\n\n\n<p>5. umjetni\u010dki projekti (projekti Matrilinearno ogledalo, Memorabilije, Portreti sa prijateljicama, O\u017eiljci, Tiho te\u010de Sutjeska i dr).<\/p>\n\n\n\n<hr class=\"wp-block-separator\"\/>\n\n\n\n<p>Izvor i dodatne obavijesti:<\/p>\n\n\n\n<p><a href=\"http:\/\/www.msu.hr\/dogadanja\/iskustvo_u_guzvi_retrospektiva_goranka_matic\/1006.html\">http:\/\/www.msu.hr\/dogadanja\/iskustvo_u_guzvi_retrospektiva_goranka_matic\/1006.html<\/a><\/p>\n\n\n\n<hr class=\"wp-block-separator\"\/>\n","protected":false},"excerpt":{"rendered":"","protected":false},"author":2,"featured_media":32726,"comment_status":"open","ping_status":"open","sticky":false,"template":"","format":"standard","meta":{"_acf_changed":false,"jetpack_post_was_ever_published":false,"_jetpack_newsletter_access":"","_jetpack_dont_email_post_to_subs":false,"_jetpack_newsletter_tier_id":0,"_jetpack_memberships_contains_paywalled_content":false,"_jetpack_memberships_contains_paid_content":false,"footnotes":"","jetpack_publicize_message":"","jetpack_publicize_feature_enabled":true,"jetpack_social_post_already_shared":true,"jetpack_social_options":{"image_generator_settings":{"template":"highway","default_image_id":0,"font":"","enabled":false},"version":2}},"categories":[10,3],"tags":[],"class_list":["post-32725","post","type-post","status-publish","format-standard","has-post-thumbnail","hentry","category-izlozbe","category-novosti"],"acf":{"facebook_opis":""},"jetpack_publicize_connections":[],"jetpack_featured_media_url":"https:\/\/i0.wp.com\/historiografija.hr\/wp-content\/uploads\/2022\/09\/Goranka_Matic_Milicija_na-protestu_1991.jpg?fit=1280%2C913&ssl=1","jetpack_sharing_enabled":true,"jetpack-related-posts":[],"_links":{"self":[{"href":"https:\/\/historiografija.hr\/index.php?rest_route=\/wp\/v2\/posts\/32725","targetHints":{"allow":["GET"]}}],"collection":[{"href":"https:\/\/historiografija.hr\/index.php?rest_route=\/wp\/v2\/posts"}],"about":[{"href":"https:\/\/historiografija.hr\/index.php?rest_route=\/wp\/v2\/types\/post"}],"author":[{"embeddable":true,"href":"https:\/\/historiografija.hr\/index.php?rest_route=\/wp\/v2\/users\/2"}],"replies":[{"embeddable":true,"href":"https:\/\/historiografija.hr\/index.php?rest_route=%2Fwp%2Fv2%2Fcomments&post=32725"}],"version-history":[{"count":1,"href":"https:\/\/historiografija.hr\/index.php?rest_route=\/wp\/v2\/posts\/32725\/revisions"}],"predecessor-version":[{"id":32727,"href":"https:\/\/historiografija.hr\/index.php?rest_route=\/wp\/v2\/posts\/32725\/revisions\/32727"}],"wp:featuredmedia":[{"embeddable":true,"href":"https:\/\/historiografija.hr\/index.php?rest_route=\/wp\/v2\/media\/32726"}],"wp:attachment":[{"href":"https:\/\/historiografija.hr\/index.php?rest_route=%2Fwp%2Fv2%2Fmedia&parent=32725"}],"wp:term":[{"taxonomy":"category","embeddable":true,"href":"https:\/\/historiografija.hr\/index.php?rest_route=%2Fwp%2Fv2%2Fcategories&post=32725"},{"taxonomy":"post_tag","embeddable":true,"href":"https:\/\/historiografija.hr\/index.php?rest_route=%2Fwp%2Fv2%2Ftags&post=32725"}],"curies":[{"name":"wp","href":"https:\/\/api.w.org\/{rel}","templated":true}]}}