{"id":32712,"date":"2022-09-20T16:08:49","date_gmt":"2022-09-20T16:08:49","guid":{"rendered":"http:\/\/historiografija.hr\/?p=32712"},"modified":"2022-09-20T16:08:49","modified_gmt":"2022-09-20T16:08:49","slug":"radoslav-tomic-znakovi-identiteta-sveci-zastitnici-u-umjetnosti-17-i-18-stoljeca-u-dalmaciji-boki-kotorskoj-i-dubrovackoj-republici","status":"publish","type":"post","link":"https:\/\/historiografija.hr\/?p=32712","title":{"rendered":"Radoslav Tomi\u0107, \u201eZnakovi identiteta. Sveci za\u0161titnici u umjetnosti 17. i 18. stolje\u0107a u Dalmaciji, Boki kotorskoj i Dubrova\u010dkoj Republici\u201c"},"content":{"rendered":"\n<p>Knjiga <em>Znakovi identiteta<\/em>. <em>Sveci za\u0161titnici u umjetnosti 17. i 18. stolje\u0107a u Dalmaciji, Boki kotorskoj i Dubrova\u010dkoj Republici<\/em> pru\u017ea monografski pregled likovnih prikaza lokalnih svetaca za\u0161titnika u primorskoj umjetnosti baroknog razdoblja i umjetnine tuma\u010di u lokalnom, regionalnom i nacionalnom kontekstu. Sadr\u017eaj knjige obuhva\u0107a likovnu kulturu velikog prostora, od Krka do Kotora, odnosno mleta\u010dku Dalmaciju i Dubrova\u010dku Republiku, u vremenu nakon Tridentskog sabora, u kojem se pronalaze za\u010detci novih ili obnova starih pobo\u017enosti prema lokalnim svetim za\u0161titnicima. Uvodno poglavlje donosi pregled \u010da\u0161\u0107enja sv. Jeronima u \u201enjegovu dalmatinskom zavi\u010daju\u201c. Slijede studije slu\u010daja o svakoj od nekada\u0161njih biskupija navedenog podru\u010dja. Ve\u0107 trolist kvarnerskih biskupija (Krk, Rab i Osor) pokazuje razli\u010dite dinamike izbora i \u010da\u0161\u0107enja lokalnih svetaca i otkriva kompleksnu mre\u017eu relikvija, relikvijara, slika, oltara, ali i drugih naru\u010denih umjetnina, koje su, prema autorovu \u010ditanju, bili biljezi identiteta isto\u010dnojadranskih stvarnosti 17. i 18. stolje\u0107a. Interpretacije su jo\u0161 uvjerljivije na materijalu ve\u0107ih sredina, poput one zadarske, splitske, dubrova\u010dke ili kotorske, \u010dijim su nebeskim za\u0161titnicima posve\u0107ena monumentalna ostvarenja barokne umjetnosti u Hrvatskoj. No, autor se ne zaustavlja samo na kvalitativno uspjelim ostvarenjima, ve\u0107 ulazi i u male seoske crkve dalmatinskih otoka i Polji\u010dke Republike kako bi i ondje ustanovio udio likovnosti u kreiranju kultova lokalnih za\u0161titnika. Knjiga <em>Znakovi identiteta <\/em>donosi svje\u017e pogled na baroknu umjetnost isto\u010dnog Jadrana i nudi nove smjerova za budu\u0107a istra\u017eivanja. Njezin temeljni doprinos le\u017ei u egzemplarnom i\u0161\u010ditavaju slo\u017eenih koncepata povijesne zbilje \u2013 \u0161to <em>identiteti <\/em>nesumnjivo jesu \u2013 u 17. i 18. stolje\u0107u. Precizna analiza slo\u017eenih i vi\u0161estruko isprepletenih odnosa izme\u0111u geografskog prostora i identiteta isto\u010dnog Jadrana, stvaranih i poimanih likovnim sredstvima, primjenjiva je i izvan uskog kruga specijalista baroknog slikarstva.<\/p>\n\n\n\n<hr class=\"wp-block-separator\"\/>\n\n\n\n<p><strong>Autor<\/strong><br>Radoslav Tomi\u0107<\/p>\n\n\n\n<p><strong>Glavni urednik<\/strong><br>Nenad Cambi<\/p>\n\n\n\n<p><strong>Urednik knjige<\/strong><br>Matko Matija Maru\u0161i\u0107<\/p>\n\n\n\n<p><strong>Recenzenti<\/strong><br>Sanja Cvetni\u0107<br>Nikola Jak\u0161i\u0107<\/p>\n\n\n\n<p><strong>Oblikovanje<\/strong><br>Franjo Ki\u0161<\/p>\n\n\n\n<p><strong>Lektura<\/strong><br>Katja Tresi\u0107-Pavi\u010di\u0107<\/p>\n\n\n\n<p><strong>Prijevod sa\u017eetka na talijanski<\/strong><br>Renata Hace-Citra<\/p>\n\n\n\n<p><strong>Kazala<\/strong><br>Danko Zeli\u0107<\/p>\n\n\n\n<p><strong>Fotografije<\/strong><br>Paolo Mofardin, Institut za povijest umjetnosti<br>Zoran Alajbeg<br>\u017divko Ba\u010di\u0107<br>SICU, Zadar<br>Goran Buli\u0107<br>Vjeran Duvnjak<br>Neven Fazini\u0107<br>Stevan Kordi\u0107<br>Vanja Kova\u010di\u0107<br>Robert Mati\u0107<br>Radoslav Tomi\u0107<br>Ivo Vu\u010deti\u0107<br>Dr\u017eavni arhiv u Dubrovniku (Zoran Perovi\u0107)<br>Dr\u017eavni arhiv u Zadru<br>Muzej grada Splita<br>HRZ (Natalija Vasi\u0107, Jovan Kliska, Pino Gamulin, Davor Gazde, \u017divko Ba\u010di\u0107)<br>MKM (Vinko Malinari\u0107)<\/p>\n\n\n\n<p><strong>Tisak<\/strong><br>Tiskara Zelina d.d., Sveti Ivan Zelina<\/p>\n\n\n\n<p><strong>Naklada<\/strong><br>300 primjeraka<\/p>\n\n\n\n<p><strong>Izdava\u010di<\/strong><br>Knji\u017eevni krug Split<br>Institut za povijest umjetnosti, Zagreb<\/p>\n\n\n\n<p><strong>Nakladni\u010dke cjeline<\/strong><br>Biblioteka knjiga Mediterana, knj. 116<br>Studije i monografije Instituta za povijest umjetnosti, knj. 62<\/p>\n\n\n\n<hr class=\"wp-block-separator\"\/>\n\n\n\n<p><strong>SADR\u017dAJ<\/strong><\/p>\n\n\n\n<p>5<br>Uvod<\/p>\n\n\n\n<p>15<br>Sveti Jeronim u dalmatinskom zavi\u010daju<\/p>\n\n\n\n<p>53<br>Sjevernojadranski otoci: Krk, Osor, Mali i Veli Lo\u0161inj, Rab, Pag<\/p>\n\n\n\n<p>103<br>Dalmacija od Zadra do Dubrovnika: Zadar, Nin, \u0160ibenik, Trogir, Split, Omi\u0161 i Poljica, Makarska i Podgora, Hvar, Bra\u010d i \u0160olta, Kor\u010dula<\/p>\n\n\n\n<p>281<br>Dubrova\u010dka Republika<\/p>\n\n\n\n<p>315<br>Boka kotorska<\/p>\n\n\n\n<p>359<br>Nove granice i nova sveti\u0161ta: Uvezeni kultovi i doma\u0107a tradicija, Hodo\u010dasni\u010dki toposi u Dalmatinskoj zagori \u2013 kult Bogorodice i \u010da\u0161\u0107enje svetaca<\/p>\n\n\n\n<p>387<br>Zaklju\u010dak<\/p>\n\n\n\n<p>417<br>Riassunto: All&#8217;insegna dell&#8217;identit\u00e0<\/p>\n\n\n\n<p>449<br>Prilozi<\/p>\n\n\n\n<hr class=\"wp-block-separator\"\/>\n\n\n\n<p>Objavljivanje knjige potpomognuto je sredstvima Ministarstva znanosti i obrazovanja Republike Hrvatske, Ministarstva kulture i medija Republike Hrvatske, Splitsko-dalmatinske \u017eupanije, Dubrova\u010dko-neretvanske \u017eupanije, Grada Splita, Grada Omi\u0161a, Grada Zadra, Zadarske nadbiskupije, Dubrova\u010dke biskupije, Hvarske biskupije i Franjeva\u010dke provincije Presvetog otkupitelja iz Splita.<\/p>\n\n\n\n<hr class=\"wp-block-separator\"\/>\n\n\n\n<p>Izvor i dodatne obavijesti:<\/p>\n\n\n\n<p><a href=\"https:\/\/ipu.hr\/article\/hr\/1210\/znakovi-identiteta-sveci-zastitnici-u-umjetnosti-17-i-18-stoljeca-u-dalmaciji-boki-kotorskoj-i-dubrovackoj-republici\">https:\/\/ipu.hr\/article\/hr\/1210\/znakovi-identiteta-sveci-zastitnici-u-umjetnosti-17-i-18-stoljeca-u-dalmaciji-boki-kotorskoj-i-dubrovackoj-republici<\/a><\/p>\n\n\n\n<p><a href=\"https:\/\/www.ipu.hr\/article\/hr\/1275\/nagrada-za-knjigu-znakovi-identiteta\">https:\/\/www.ipu.hr\/article\/hr\/1275\/nagrada-za-knjigu-znakovi-identiteta<\/a><\/p>\n\n\n\n<hr class=\"wp-block-separator\"\/>\n","protected":false},"excerpt":{"rendered":"","protected":false},"author":2,"featured_media":32713,"comment_status":"open","ping_status":"open","sticky":false,"template":"","format":"standard","meta":{"_acf_changed":false,"jetpack_post_was_ever_published":false,"_jetpack_newsletter_access":"","_jetpack_dont_email_post_to_subs":false,"_jetpack_newsletter_tier_id":0,"_jetpack_memberships_contains_paywalled_content":false,"_jetpack_memberships_contains_paid_content":false,"footnotes":"","jetpack_publicize_message":"","jetpack_publicize_feature_enabled":true,"jetpack_social_post_already_shared":true,"jetpack_social_options":{"image_generator_settings":{"template":"highway","default_image_id":0,"font":"","enabled":false},"version":2}},"categories":[8,3],"tags":[],"class_list":["post-32712","post","type-post","status-publish","format-standard","has-post-thumbnail","hentry","category-knjige","category-novosti"],"acf":{"facebook_opis":""},"jetpack_publicize_connections":[],"jetpack_featured_media_url":"https:\/\/i0.wp.com\/historiografija.hr\/wp-content\/uploads\/2022\/09\/radoslav-tomic-znakovi-identiteta.jpg?fit=280%2C367&ssl=1","jetpack_sharing_enabled":true,"jetpack-related-posts":[],"_links":{"self":[{"href":"https:\/\/historiografija.hr\/index.php?rest_route=\/wp\/v2\/posts\/32712","targetHints":{"allow":["GET"]}}],"collection":[{"href":"https:\/\/historiografija.hr\/index.php?rest_route=\/wp\/v2\/posts"}],"about":[{"href":"https:\/\/historiografija.hr\/index.php?rest_route=\/wp\/v2\/types\/post"}],"author":[{"embeddable":true,"href":"https:\/\/historiografija.hr\/index.php?rest_route=\/wp\/v2\/users\/2"}],"replies":[{"embeddable":true,"href":"https:\/\/historiografija.hr\/index.php?rest_route=%2Fwp%2Fv2%2Fcomments&post=32712"}],"version-history":[{"count":1,"href":"https:\/\/historiografija.hr\/index.php?rest_route=\/wp\/v2\/posts\/32712\/revisions"}],"predecessor-version":[{"id":32714,"href":"https:\/\/historiografija.hr\/index.php?rest_route=\/wp\/v2\/posts\/32712\/revisions\/32714"}],"wp:featuredmedia":[{"embeddable":true,"href":"https:\/\/historiografija.hr\/index.php?rest_route=\/wp\/v2\/media\/32713"}],"wp:attachment":[{"href":"https:\/\/historiografija.hr\/index.php?rest_route=%2Fwp%2Fv2%2Fmedia&parent=32712"}],"wp:term":[{"taxonomy":"category","embeddable":true,"href":"https:\/\/historiografija.hr\/index.php?rest_route=%2Fwp%2Fv2%2Fcategories&post=32712"},{"taxonomy":"post_tag","embeddable":true,"href":"https:\/\/historiografija.hr\/index.php?rest_route=%2Fwp%2Fv2%2Ftags&post=32712"}],"curies":[{"name":"wp","href":"https:\/\/api.w.org\/{rel}","templated":true}]}}