{"id":32709,"date":"2022-09-20T15:58:43","date_gmt":"2022-09-20T15:58:43","guid":{"rendered":"http:\/\/historiografija.hr\/?p=32709"},"modified":"2022-09-20T15:58:43","modified_gmt":"2022-09-20T15:58:43","slug":"prva-konzervatorsko-restauratorska-konferencija-hrvatskog-restauratorskog-drustva-conrstcon-2022","status":"publish","type":"post","link":"https:\/\/historiografija.hr\/?p=32709","title":{"rendered":"Prva konzervatorsko-restauratorska konferencija Hrvatskog restauratorskog dru\u0161tva, ConRstCon 2022."},"content":{"rendered":"\n<p>U srijedu 21. rujna 2022. godine u Zagrebu \u0107e se odr\u017eati prva konzervatorsko-restauratorska konferencija Hrvatskog restauratorskog dru\u0161tva, ConRstCon 2022. Konferencija je organizirana u suradnji s Hrvatskim dr\u017eavnom arhivom, a povodom Dana europske ba\u0161tine 2022. godine.<\/p>\n\n\n\n<p>Konferencija \u0107e se odr\u017eati u prostorima Hrvatskog dr\u017eavnog arhiva (Trg Marka Maruli\u0107a 1, Zagreb), a mo\u0107i \u0107e se pratiti i preko Zoom platforme.<\/p>\n\n\n\n<p>Zbog ograni\u010denog broja sudionika u prostorima Hrvatskog dr\u017eavnog arhiva i na Zoom platformi prijave su obavezne na e-mail adresu&nbsp; bosnichelena@gmail.com ili <a href=\"mailto:adragojevic@arhiv.hr\">adragojevic@arhiv.hr<\/a><\/p>\n\n\n\n<p><strong>Izvor i program:<\/strong><\/p>\n\n\n\n<p><a href=\"http:\/\/www.arhiv.hr\/hr-hr\/Izlozbe-i-dogadjanja\/ArticleId\/1612\/oamid\/1633\">http:\/\/www.arhiv.hr\/hr-hr\/Izlozbe-i-dogadjanja\/ArticleId\/1612\/oamid\/1633<\/a><\/p>\n\n\n\n<hr class=\"wp-block-separator\"\/>\n","protected":false},"excerpt":{"rendered":"","protected":false},"author":2,"featured_media":32710,"comment_status":"open","ping_status":"open","sticky":false,"template":"","format":"standard","meta":{"_acf_changed":false,"_jetpack_newsletter_access":"","_jetpack_dont_email_post_to_subs":false,"_jetpack_newsletter_tier_id":0,"_jetpack_memberships_contains_paywalled_content":false,"_jetpack_memberships_contains_paid_content":false,"footnotes":"","jetpack_publicize_message":"","jetpack_publicize_feature_enabled":true,"jetpack_social_post_already_shared":true,"jetpack_social_options":{"image_generator_settings":{"template":"highway","default_image_id":0,"font":"","enabled":false},"version":2},"jetpack_post_was_ever_published":false},"categories":[3,9],"tags":[],"class_list":["post-32709","post","type-post","status-publish","format-standard","has-post-thumbnail","hentry","category-novosti","category-skupovi"],"acf":{"facebook_opis":""},"jetpack_publicize_connections":[],"jetpack_featured_media_url":"https:\/\/i0.wp.com\/historiografija.hr\/wp-content\/uploads\/2022\/09\/UMAS.jpg?fit=500%2C500&ssl=1","jetpack_sharing_enabled":true,"jetpack-related-posts":[{"id":53604,"url":"https:\/\/historiografija.hr\/?p=53604","url_meta":{"origin":32709,"position":0},"title":"O budu\u0107nosti arhiva Ha\u0161kog suda","author":"Branimir Jankovi\u0107","date":"21. svibnja 2026.","format":false,"excerpt":"Savjet sigurnosti UN-a 2010. godine osnovao je Me\u0111unarodni rezidualni mehanizam za kaznene sudove (MRMKS) koji je preuzeo osnovne preostale funkcije Me\u0111unarodnog kaznenog suda za biv\u0161u Jugoslaviju (MKSJ) i Me\u0111unarodnog kaznenog suda za Ruandu (MKSR). Jedna od zada\u0107a Mehanizma jest \u010duvanje i vo\u0111enje arhiva te osiguravanje njegove dostupnosti javnosti. Baza podataka\u2026","rel":"","context":"U &quot;Novosti&quot;","block_context":{"text":"Novosti","link":"https:\/\/historiografija.hr\/?cat=3"},"img":{"alt_text":"","src":"https:\/\/i0.wp.com\/historiografija.hr\/wp-content\/uploads\/2026\/05\/Hag-zgrada.jpg?fit=1200%2C812&ssl=1&resize=350%2C200","width":350,"height":200,"srcset":"https:\/\/i0.wp.com\/historiografija.hr\/wp-content\/uploads\/2026\/05\/Hag-zgrada.jpg?fit=1200%2C812&ssl=1&resize=350%2C200 1x, https:\/\/i0.wp.com\/historiografija.hr\/wp-content\/uploads\/2026\/05\/Hag-zgrada.jpg?fit=1200%2C812&ssl=1&resize=525%2C300 1.5x, https:\/\/i0.wp.com\/historiografija.hr\/wp-content\/uploads\/2026\/05\/Hag-zgrada.jpg?fit=1200%2C812&ssl=1&resize=700%2C400 2x, https:\/\/i0.wp.com\/historiografija.hr\/wp-content\/uploads\/2026\/05\/Hag-zgrada.jpg?fit=1200%2C812&ssl=1&resize=1050%2C600 3x"},"classes":[]},{"id":53573,"url":"https:\/\/historiografija.hr\/?p=53573","url_meta":{"origin":32709,"position":1},"title":"Izlo\u017eba \u201eKlovi\u0107: Hrvatski renesansni san u Egiptu\u201c u Aleksandrijskoj knji\u017enici","author":"Branimir Jankovi\u0107","date":"21. svibnja 2026.","format":false,"excerpt":"U\u00a0Aleksandrijskoj knji\u017enici u Egiptu 4. svibnja 2026.\u00a0sve\u010dano je otvorena\u00a0izlo\u017eba \u201eKlovi\u0107: Hrvatski renesansni san u Egiptu\u201c (\u201eKlovi\u0107: Croatian Renaissance Dream in Egypt\u201d ). Izlo\u017ebu je organiziralo Veleposlanstvo Republike Hrvatske u Egiptu, autor izlo\u017ebe je diplomatski savjetnik dr. Daniel Rafaeli\u0107, a izlo\u017eba je realizirana uz pomo\u0107 Hrvatske akademije znanosti i umjetnosti u\u2026","rel":"","context":"U &quot;Izlo\u017ebe&quot;","block_context":{"text":"Izlo\u017ebe","link":"https:\/\/historiografija.hr\/?cat=10"},"img":{"alt_text":"","src":"https:\/\/i0.wp.com\/historiografija.hr\/wp-content\/uploads\/2026\/05\/aleksandrijska-knjiznica-klovic-1.jpg?fit=1024%2C632&ssl=1&resize=350%2C200","width":350,"height":200,"srcset":"https:\/\/i0.wp.com\/historiografija.hr\/wp-content\/uploads\/2026\/05\/aleksandrijska-knjiznica-klovic-1.jpg?fit=1024%2C632&ssl=1&resize=350%2C200 1x, https:\/\/i0.wp.com\/historiografija.hr\/wp-content\/uploads\/2026\/05\/aleksandrijska-knjiznica-klovic-1.jpg?fit=1024%2C632&ssl=1&resize=525%2C300 1.5x, https:\/\/i0.wp.com\/historiografija.hr\/wp-content\/uploads\/2026\/05\/aleksandrijska-knjiznica-klovic-1.jpg?fit=1024%2C632&ssl=1&resize=700%2C400 2x"},"classes":[]},{"id":52760,"url":"https:\/\/historiografija.hr\/?p=52760","url_meta":{"origin":32709,"position":2},"title":"Izlo\u017eba \u201cLo\u0161injski brodovi, njihove zastave i ljudi\u201d, 4. svibnja u 19h","author":"Filip \u0160imunjak","date":"30. travnja 2026.","format":false,"excerpt":"Hrvatski pomorski muzej Split, Glagolja\u0161a 18 (Tvr\u0111ava Gripe) Nakon \u0161to je u rujnu 2025. godine na otoku Lo\u0161inju, u suradnji Lo\u0161injskog muzeja i Hrvatskog pomorskog muzeja Split, predstavljena izlo\u017eba posve\u0107ena bogatoj pomorskoj ba\u0161tini otoka, njezino pro\u0161ireno izdanje postavlja se u Splitu. Uo\u010di blagdana svetog Dujma splitskoj \u0107e se publici predstaviti\u2026","rel":"","context":"U &quot;Izlo\u017ebe&quot;","block_context":{"text":"Izlo\u017ebe","link":"https:\/\/historiografija.hr\/?cat=10"},"img":{"alt_text":"","src":"https:\/\/i0.wp.com\/historiografija.hr\/wp-content\/uploads\/2026\/04\/Losinjski-brodovi-Izlozba-1-scaled.webp?fit=840%2C1200&ssl=1&resize=350%2C200","width":350,"height":200,"srcset":"https:\/\/i0.wp.com\/historiografija.hr\/wp-content\/uploads\/2026\/04\/Losinjski-brodovi-Izlozba-1-scaled.webp?fit=840%2C1200&ssl=1&resize=350%2C200 1x, https:\/\/i0.wp.com\/historiografija.hr\/wp-content\/uploads\/2026\/04\/Losinjski-brodovi-Izlozba-1-scaled.webp?fit=840%2C1200&ssl=1&resize=525%2C300 1.5x, https:\/\/i0.wp.com\/historiografija.hr\/wp-content\/uploads\/2026\/04\/Losinjski-brodovi-Izlozba-1-scaled.webp?fit=840%2C1200&ssl=1&resize=700%2C400 2x"},"classes":[]},{"id":54328,"url":"https:\/\/historiografija.hr\/?p=54328","url_meta":{"origin":32709,"position":3},"title":"Me\u0111unarodna konferencija \u201eArt in Society\u201c, Zagreb, 1. \u2013 4. 7. 2026.","author":"Branimir Jankovi\u0107","date":"26. lipnja 2026.","format":false,"excerpt":"Me\u0111unarodna konferencija \u201eArt in Society\u201c odr\u017eat \u0107e se od 1. do 4. srpnja 2026. godine na Filozofskom fakultetu Sveu\u010dili\u0161ta u Zagrebu. Skup okuplja stru\u010dnjake iz podru\u010dja povijesti umjetnosti, arhitekture, muzeologije i srodnih disciplina iz brojnih zemalja Europe i svijeta. Polaze\u0107i od shva\u0107anja umjetnosti kao aktivne i transformativne sile unutar dru\u0161tvenog\u2026","rel":"","context":"U &quot;Novosti&quot;","block_context":{"text":"Novosti","link":"https:\/\/historiografija.hr\/?cat=3"},"img":{"alt_text":"","src":"https:\/\/i0.wp.com\/historiografija.hr\/wp-content\/uploads\/2026\/06\/ArtinS_2026.jpg?fit=1191%2C839&ssl=1&resize=350%2C200","width":350,"height":200,"srcset":"https:\/\/i0.wp.com\/historiografija.hr\/wp-content\/uploads\/2026\/06\/ArtinS_2026.jpg?fit=1191%2C839&ssl=1&resize=350%2C200 1x, https:\/\/i0.wp.com\/historiografija.hr\/wp-content\/uploads\/2026\/06\/ArtinS_2026.jpg?fit=1191%2C839&ssl=1&resize=525%2C300 1.5x, https:\/\/i0.wp.com\/historiografija.hr\/wp-content\/uploads\/2026\/06\/ArtinS_2026.jpg?fit=1191%2C839&ssl=1&resize=700%2C400 2x, https:\/\/i0.wp.com\/historiografija.hr\/wp-content\/uploads\/2026\/06\/ArtinS_2026.jpg?fit=1191%2C839&ssl=1&resize=1050%2C600 3x"},"classes":[]},{"id":53883,"url":"https:\/\/historiografija.hr\/?p=53883","url_meta":{"origin":32709,"position":4},"title":"Predstavljena knjiga Irene Benyovsky Latin &#8220;Socijalna topografija srednjovjekovnoga Dubrovnika&#8221; u Dubrovniku","author":"Branimir Jankovi\u0107","date":"1. lipnja 2026.","format":false,"excerpt":"U Dubrovniku je 20. svibnja 2026. u organizaciji Dr\u017eavnog arhiva u Dubrovniku i Hrvatskog instituta za povijest predstavljena knjiga dr. sc. Irene Benyovsky Latin \"Socijalna topografija srednjovjekovnoga Dubrovnika\". Knjigu je, uz autoricu, predstavila dr. sc. Zrinka Pe\u0161orda Vardi\u0107. Predstavljanje je moderirao dr. sc. Ivan Vi\u0111en. Op\u0161irnije: https:\/\/dubrovacki.slobodnadalmacija.hr\/dubrovnik\/vijesti\/kultura\/irena-benyovsky-latin-predstavila-knjigu-socijalna-topografija-srednjovjekovnoga-dubrovnika-autorica-je-istrazila-tko-su-bili-vlasnici-najmoprimci-ili-korisnici-pojedinih-gradevina-1557665 https:\/\/dubrovackidnevnik.net.hr\/vijesti\/grad\/kako-je-nastajao-dubrovnik-predstavljena-kapitalna-studija-irene-benyovsky-latin-foto https:\/\/www.facebook.com\/drzavniarhivudubrovniku","rel":"","context":"U &quot;Novosti&quot;","block_context":{"text":"Novosti","link":"https:\/\/historiografija.hr\/?cat=3"},"img":{"alt_text":"","src":"https:\/\/i0.wp.com\/historiografija.hr\/wp-content\/uploads\/2026\/06\/Predstavljanje-Dubrovnik.jpg?fit=1024%2C682&ssl=1&resize=350%2C200","width":350,"height":200,"srcset":"https:\/\/i0.wp.com\/historiografija.hr\/wp-content\/uploads\/2026\/06\/Predstavljanje-Dubrovnik.jpg?fit=1024%2C682&ssl=1&resize=350%2C200 1x, https:\/\/i0.wp.com\/historiografija.hr\/wp-content\/uploads\/2026\/06\/Predstavljanje-Dubrovnik.jpg?fit=1024%2C682&ssl=1&resize=525%2C300 1.5x, https:\/\/i0.wp.com\/historiografija.hr\/wp-content\/uploads\/2026\/06\/Predstavljanje-Dubrovnik.jpg?fit=1024%2C682&ssl=1&resize=700%2C400 2x"},"classes":[]},{"id":52666,"url":"https:\/\/historiografija.hr\/?p=52666","url_meta":{"origin":32709,"position":5},"title":"Najava programa Festivala povijesti Kliofest (5-8. V. 2026)","author":"Branimir Jankovi\u0107","date":"24. travnja 2026.","format":false,"excerpt":"Po trinaesti put odr\u017eava se Festival povijesti Kliofest! Do petka \u0107emo odr\u017eati osam okruglih stolova i dva kolokvija te niz predstavljanja knjiga i projekata razli\u010dite tematike, od antike do suvremenosti. Bit \u0107e predstavljeno i nekoliko izlo\u017ebi te odr\u017ean jedan povijesni kviz. Prikazat \u0107emo i jedan film \u2013 o generalu Boroevi\u0107u.\u2026","rel":"","context":"U &quot;Novosti&quot;","block_context":{"text":"Novosti","link":"https:\/\/historiografija.hr\/?cat=3"},"img":{"alt_text":"","src":"https:\/\/i0.wp.com\/historiografija.hr\/wp-content\/uploads\/2026\/04\/Kliofest-2026.jpg?fit=526%2C526&ssl=1&resize=350%2C200","width":350,"height":200,"srcset":"https:\/\/i0.wp.com\/historiografija.hr\/wp-content\/uploads\/2026\/04\/Kliofest-2026.jpg?fit=526%2C526&ssl=1&resize=350%2C200 1x, https:\/\/i0.wp.com\/historiografija.hr\/wp-content\/uploads\/2026\/04\/Kliofest-2026.jpg?fit=526%2C526&ssl=1&resize=525%2C300 1.5x"},"classes":[]}],"_links":{"self":[{"href":"https:\/\/historiografija.hr\/index.php?rest_route=\/wp\/v2\/posts\/32709","targetHints":{"allow":["GET"]}}],"collection":[{"href":"https:\/\/historiografija.hr\/index.php?rest_route=\/wp\/v2\/posts"}],"about":[{"href":"https:\/\/historiografija.hr\/index.php?rest_route=\/wp\/v2\/types\/post"}],"author":[{"embeddable":true,"href":"https:\/\/historiografija.hr\/index.php?rest_route=\/wp\/v2\/users\/2"}],"replies":[{"embeddable":true,"href":"https:\/\/historiografija.hr\/index.php?rest_route=%2Fwp%2Fv2%2Fcomments&post=32709"}],"version-history":[{"count":1,"href":"https:\/\/historiografija.hr\/index.php?rest_route=\/wp\/v2\/posts\/32709\/revisions"}],"predecessor-version":[{"id":32711,"href":"https:\/\/historiografija.hr\/index.php?rest_route=\/wp\/v2\/posts\/32709\/revisions\/32711"}],"wp:featuredmedia":[{"embeddable":true,"href":"https:\/\/historiografija.hr\/index.php?rest_route=\/wp\/v2\/media\/32710"}],"wp:attachment":[{"href":"https:\/\/historiografija.hr\/index.php?rest_route=%2Fwp%2Fv2%2Fmedia&parent=32709"}],"wp:term":[{"taxonomy":"category","embeddable":true,"href":"https:\/\/historiografija.hr\/index.php?rest_route=%2Fwp%2Fv2%2Fcategories&post=32709"},{"taxonomy":"post_tag","embeddable":true,"href":"https:\/\/historiografija.hr\/index.php?rest_route=%2Fwp%2Fv2%2Ftags&post=32709"}],"curies":[{"name":"wp","href":"https:\/\/api.w.org\/{rel}","templated":true}]}}