{"id":32691,"date":"2022-09-20T10:45:59","date_gmt":"2022-09-20T10:45:59","guid":{"rendered":"http:\/\/historiografija.hr\/?p=32691"},"modified":"2022-09-20T16:50:51","modified_gmt":"2022-09-20T16:50:51","slug":"damir-stanic-discussing-croatians-with-michael-weise","status":"publish","type":"post","link":"https:\/\/historiografija.hr\/?p=32691","title":{"rendered":"Damir Stani\u0107: A Conversation with Michael Weise about Croatian Soldiers during the Thirty Years&#8217; War"},"content":{"rendered":"\n<p class=\"has-text-align-center\"><strong>Discussing Croatians with Michael Weise<\/strong><\/p>\n\n\n\n<p>Michael Weise njema\u010dki je povjesni\u010dar mla\u0111e generacije. Nakon zavr\u0161enog studija, od 2006. do 2012. radio je kao asistent na Sveu\u010dili\u0161tu u Giessenu, a od 2012. do 2015. bio je \u201cistra\u017eiva\u010dki asistent\u201d pri <em>Research Group of the Deutsche Forschungsgemeinschaft \u201cGewaltgemeinschaften\u201d<\/em> na podprojektu <em>Fremde Gewalt<\/em> \u2013 <em>Grenzkriegergruppen in Binnenraum des europ\u00e4ischen Kriegstheaters im 17. und 18. Jahrhundert<\/em>. Trenutno je zaposlen kao \u201cvoditelj izlo\u017ebi i zbirki\u201c u Stiftung Lutherhaus Eisenach. Ve\u0107 se u svom diplomskom radu bavio hrvatskim vojnicima u Tridesetogodi\u0161njemu ratu, preciznije njihovim djelovanjem na podru\u010dju njema\u010dke savezne dr\u017eave Hessen. O hrvatskim vojnicima u Tridesetogodi\u0161njem ratu objavio je jo\u0161 nekoliko \u010dlanaka, a trenutno pi\u0161e doktorsku disertaciju pod naslovom <em>\u201cKroatenjahre\u201d- Gewalthandeln und Gewaltwahrnehmung einer \u201cfremden\u201d Kriegergruppe im Drei\u00dfigj\u00e4hrigen Krieg<\/em> odnosno u engleskom prijevodu \u201eYear of the Croats\u201c \u2013 Acts of violence and perception of violence of the foreign group of mercenaries in the Thirty Years&#8217; War.\u201d<\/p>\n\n\n\n<p>Kolega Weise bio je i \u010dlan uredni\u010dkog odbora zbornika <em>Zwischen T\u00e4tern und Opfern. Gewaltbeziehungen und Gewaltgemeinschaften (Between Perpetrators and Victims. Violent Relationships and Community Violence)<\/em>, G\u00f6ttingen, 2017.<\/p>\n\n\n\n<p>Treba naglasiti da je bio i jedan od sudionika zapa\u017eene Me\u0111unarodne znanstvene konferencije &#8220;Kronike pla\u0107enika, legende i stereotipi&#8221; odr\u017eane povodom obilje\u017eavanja 400. obljetnice po\u010detka Tridesetogodi\u0161njega rata u travnju 2018. u Zagrebu. Budu\u0107i da pi\u0161e doktorsku disertaciju koja \u0107e nedvojbeno izazvati veliko zanimanje na doma\u0107oj historiografskoj sceni, zamolio sam ga za <strong>Razgovor o hrvatskim vojnicima tijekom Tridesetogodi\u0161njega rata<\/strong> u kojem bi predstavio svoja istra\u017eivanja hrvatskom \u010ditateljstvu.<\/p>\n\n\n\n<p>Bibliografija kolege Weisea na \u201ehrvatske teme\u201c nalazi se u prilogu razgovora vo\u0111enog na engleskom jeziku.<\/p>\n\n\n\n<p><em>dr. sc. Damir Stani\u0107<\/em><\/p>\n\n\n\n<hr class=\"wp-block-separator\"\/>\n\n\n\n<figure class=\"wp-block-image size-large is-resized\"><img data-recalc-dims=\"1\" loading=\"lazy\" decoding=\"async\" data-attachment-id=\"32694\" data-permalink=\"https:\/\/historiografija.hr\/?attachment_id=32694\" data-orig-file=\"https:\/\/i0.wp.com\/historiografija.hr\/wp-content\/uploads\/2022\/09\/DSCF9722-scaled.jpg?fit=1707%2C2560&amp;ssl=1\" data-orig-size=\"1707,2560\" data-comments-opened=\"1\" data-image-meta=\"{&quot;aperture&quot;:&quot;1.4&quot;,&quot;credit&quot;:&quot;&quot;,&quot;camera&quot;:&quot;X-T1&quot;,&quot;caption&quot;:&quot;&quot;,&quot;created_timestamp&quot;:&quot;1579362764&quot;,&quot;copyright&quot;:&quot;&quot;,&quot;focal_length&quot;:&quot;35&quot;,&quot;iso&quot;:&quot;400&quot;,&quot;shutter_speed&quot;:&quot;0.0071428571428571&quot;,&quot;title&quot;:&quot;&quot;,&quot;orientation&quot;:&quot;1&quot;}\" data-image-title=\"DSCF9722\" data-image-description=\"\" data-image-caption=\"\" data-large-file=\"https:\/\/i0.wp.com\/historiografija.hr\/wp-content\/uploads\/2022\/09\/DSCF9722-scaled.jpg?fit=683%2C1024&amp;ssl=1\" src=\"https:\/\/i0.wp.com\/historiografija.hr\/wp-content\/uploads\/2022\/09\/DSCF9722.jpg?resize=354%2C532&#038;ssl=1\" alt=\"\" class=\"wp-image-32694\" width=\"354\" height=\"532\" srcset=\"https:\/\/i0.wp.com\/historiografija.hr\/wp-content\/uploads\/2022\/09\/DSCF9722-scaled.jpg?resize=683%2C1024&amp;ssl=1 683w, https:\/\/i0.wp.com\/historiografija.hr\/wp-content\/uploads\/2022\/09\/DSCF9722-scaled.jpg?resize=200%2C300&amp;ssl=1 200w, https:\/\/i0.wp.com\/historiografija.hr\/wp-content\/uploads\/2022\/09\/DSCF9722-scaled.jpg?resize=768%2C1152&amp;ssl=1 768w, https:\/\/i0.wp.com\/historiografija.hr\/wp-content\/uploads\/2022\/09\/DSCF9722-scaled.jpg?resize=1024%2C1536&amp;ssl=1 1024w, https:\/\/i0.wp.com\/historiografija.hr\/wp-content\/uploads\/2022\/09\/DSCF9722-scaled.jpg?resize=1365%2C2048&amp;ssl=1 1365w, https:\/\/i0.wp.com\/historiografija.hr\/wp-content\/uploads\/2022\/09\/DSCF9722-scaled.jpg?w=1707&amp;ssl=1 1707w\" sizes=\"auto, (max-width: 354px) 100vw, 354px\" \/><figcaption>(Michael Weise)<\/figcaption><\/figure>\n\n\n\n<hr class=\"wp-block-separator\"\/>\n\n\n\n<p><strong>Michael Weise<\/strong> is a German historian of the younger generation. He studied and worked as a student research assistant at the University of Giessen from 2006 to 2012. From 2012 to 2015. he was a \u201cresearch assistant\u201d at the <em>Research Group of the Deutsche Forschungsgemeinschaft \u201cGewaltgemeinschaften <\/em>on the sub-project <em>Fremde Gewalt<\/em> \u2013 <em>Grenzkriegergruppen in Binnenraum des europ\u00e4ischen Kriegstheaters im 17. und 18. Jahrhundert<\/em>. He is currently employed as \u201chead of exhibitions and collections\u201d at Stiftung Lutherhaus Eisenach. Already in his master&#8217;s thesis, he wrote about the role of Croatian soldiers in the Thirty Years&#8217; War, more precisely on their activities in the territory of the German federal state of Hessen. He published several more articles about Croatian soldiers in the Thirty Years&#8217; War and is currently writing his doctoral dissertation entitled \u201c<em>Kroatenjahre\u201d \u2013 Gewalthandeln und Gewaltwahrnehmung einer \u201cfremden\u201d Kriegergruppe im Drei\u00dfj\u00e4hrigen Krieg<\/em>, i.e. in English translation \u201c<em>Year of the Croats\u201d \u2013 Acts of Violence and Perception of the Violence of Mercenaries in the Thirty Years&#8217; War<\/em>.<\/p>\n\n\n\n<p>Colleague Weise was also a member of the editorial board of the collection of papers <em>Zwischen T\u00e4tern und Opfern. Gewaltbeziehungen und Gewaltgemeinschaften (Between Perpetrators and Victims. Violent Relationships and Community Violence)<\/em>, G\u00f6ttingen, 2017.<\/p>\n\n\n\n<p>It should be emphasized that he was also one of the participants of the notable <em>International Scientific Conference &#8220;Chronicles of mercenaries, legends and stereotypes&#8221; <\/em>held on the occasion of marking the 400<sup>th<\/sup> anniversary of the beginning of the Thirty Years&#8217; War in April 2018 in Zagreb. Since he is writing his doctoral dissertation, which will undoubtedly arouse great interest in the domestic historiographic scene, I asked him for an interview in which he would present the results of his research to the Croatian readership.<\/p>\n\n\n\n<p>Colleague Weise&#8217;s bibliography is attached to the interview, which was conducted in English.<\/p>\n\n\n\n<hr class=\"wp-block-separator\"\/>\n\n\n\n<p class=\"has-text-align-center\"><strong>A CONVERSATION ABOUT CROATIAN SOLDIERS DURING THE THIRTY YEARS&#8217; WAR<\/strong><\/p>\n\n\n\n<hr class=\"wp-block-separator\"\/>\n\n\n\n<ol class=\"wp-block-list\" type=\"1\"><li><strong>Greetings Herr Weise, it is nice to have the opportunity to have this conversation regarding the role of Croatian soldiers during the Thirty Years\u2019 War in the Holy Roman Empire of the German Nation.<\/strong><\/li><\/ol>\n\n\n\n<p><em>Thank you very much for inviting me to this interview.<\/em><\/p>\n\n\n\n<ol class=\"wp-block-list\" type=\"1\" start=\"2\"><li><strong>You are researching the role of Croatian soldiers during the Thirty Year&#8217;s War for some time now. Is there any particular reason why You chose this subject, or was it one of those things that just happens without prior planning?<\/strong><\/li><\/ol>\n\n\n\n<p><em>The subject came to me without prior planning. In 2012, I was at the end of my studies and in search of an exciting issue for my Master\u2019s thesis. I spoke with Professor Horst Carl about that and he proposed to write about the Croatian soldiers in the Thirty Years\u2019 War because this question was an absolute desideratum.&nbsp;<\/em><\/p>\n\n\n\n<ol class=\"wp-block-list\" type=\"1\" start=\"3\"><li><strong>So we also have to thank professor Carl for directing You towards Croatian themes! Let us now discuss the role of Croatian soldiers during the War. Perhaps we can start with something general \u2013 what was the position of Croatian soldiers in the political context of that time? Is there anything to emphasize concerning that?<\/strong><\/li><\/ol>\n\n\n\n<p><em>When the Bohemian-Palatinate War broke out as a result of the Second Defenestration of Prague in 1618, the Roman-German Emperor had to assemble a powerful army within a short time in order to be able to oppose the Bohemian force. After the end of the previous Long Turkish War in 1606, the Habsburg monarchy had greatly disarmed its troops. Now, in a hurry and with limited financial resources, an army had to be put together that was up to the challenge posed by the Bohemian estates.<\/em><\/p>\n\n\n\n<p><em>First, the units still available from the Uskok War, which had ended the previous year, were reactivated: Together, however, they made up little more than 1,000 men. New appointments were hastily issued and in the course of 1618, the imperial force grew to 14,200 men. However, since the Bohemian estates were also intensively recruiting new troops, the Viennese government issued orders in the first months of 1619 to recruit fighters from Flanders, Lorraine, Italy, the Old Empire itself as well as from Hungary and Croatia. Especially in the area of the Military Frontier, the need for soldiers had decreased significantly as a result of the peace with the Ottoman Empire concluded in the Treaty of Sitvatorok, so that military capacities were freed up here. At the same time, the inhabitants of this region were battle-hardened men who were very familiar with the craft of war.<\/em><\/p>\n\n\n\n<ol class=\"wp-block-list\" type=\"1\" start=\"4\"><li><strong>And, of course, as the War protracted the number of Croatian soldiers rose.<\/strong><\/li><\/ol>\n\n\n\n<p><em>According to my research, the Croatian engagement in the Thirty Years began in 1619 with a small number of about 1,500 men. Until 1625, the total number of Croatian mercenaries remained quite limited. The campaign against Gabor Bethlen marked the beginning of the rise of the light cavalry, when nine companies were raised. The appointment of Isolani as general of the light cavalry furthered this development, which reached its peak in 1636, when 19 Croatian regiments were in imperial service. Subsequently, the number of Croatian mercenaries declined rapidly and remained at a low level from the 1640s onwards.<\/em><em><\/em><\/p>\n\n\n\n<ol class=\"wp-block-list\" type=\"1\" start=\"5\"><li><strong>Initially, among Croatian soldiers the infantrymen were in higher numbers but with the start of the Gabor Bethlen&#8217;s uprising in Hungary and its aftermath, the horsemen prevailed. Is that correct?<\/strong><\/li><\/ol>\n\n\n\n<p><em>Yes, that\u2019s right. In the battle against the Transylvanian prince, Wallenstein recognised the massive deficiencies of his army in the field of light cavalry. He, therefore, advocated the extensive recruitment of light horsemen.<\/em><\/p>\n\n\n\n<ol class=\"wp-block-list\" type=\"1\" start=\"6\"><li><strong>Croatians were not the only outsiders\/foreigners that fought in the ranks of the imperial army. From which countries were they recruited and were there some specific internal dynamics among these foreigners? Were there any conflicts or mutual influences recorded?<\/strong><\/li><\/ol>\n\n\n\n<p><em>The imperial troops were indeed very internationally positioned. Italians, Swiss, Irish, Walloons, Spaniards, Bohemians, Poles, Cossacks, Hungarians and Croats fought on the imperial side, occasionally also Scots and Danes. The composition of a Bavarian regiment at the beginning of the 1640s is a particularly impressive illustration of the internationality of the troop units in the Thirty Years\u2019 War. In addition to 534 Germans and 217 Italians, this regiment consisted of Poles, Slovenes, Croats, Hungarians, Greeks, Dalmatians, French, Bohemians, Spaniards, Scots, Irish and 14 Turks.<\/em><\/p>\n\n\n\n<p><em>In the case of the Croatian light cavalry, most units nevertheless seem to have possessed a relatively stable \u201cnational\u201d core, which was, however, increasingly replenished with mercenaries of other origins from the 1630s onwards. As a rule, however, the light cavalry of the imperial army (and also that of the army of the Catholic League) were perceived summarily as Croats, which was certainly not least due to the fact that the cavalry companies, which had become heterogeneous in terms of nationality, had also adopted the specifically \u201cCroatian\u201d way of warfare and were therefore still identified as Croats by the opposing troops as well as by the population.<\/em><\/p>\n\n\n\n<ol class=\"wp-block-list\" type=\"1\" start=\"7\"><li><strong>So, when we say \u201cCroatians\u201d what does it then represent? How many dimensions or meanings the term \u201cCroat\u201c has? Concerning their origins, military status, identities, etc.?<\/strong><\/li><\/ol>\n\n\n\n<p><em>I think, there are two meanings, which are dominating. The first concerns the origins of the mercenaries from the Kingdom of Croatia and the Military Frontier. The second meaning is related to the branch of service. The Imperial light cavalry was often perceived sweepingly as Croats. Therefore, depending on the type of record, you have to check very carefully which Croats are actually meant here or in which meaning the term is used in each case.<\/em><\/p>\n\n\n\n<ol class=\"wp-block-list\" type=\"1\" start=\"8\"><li><strong>The problem presents the fact that Croats left very few sources of their own, which is quite interesting?<\/strong><\/li><\/ol>\n\n\n\n<p><em>I would say, they left \u2013 according to current research \u2013 hardly that kind of source, which is called \u201cEgo-Dokument\u201d or \u201cSelbstzeugnis\u201d in German historiography. In other words, records in which a person testifies about himself in written form of his own accord. There is certainly correspondence between Croatian colonels and the imperial army leadership, but from this you learn relatively little about the internal structure and the inner life of the Croatian units.<\/em><\/p>\n\n\n\n<ol class=\"wp-block-list\" type=\"1\" start=\"9\"><li><strong>It is very important to emphasize that Croatian soldiers were excluded from war <em>Regulament<\/em> i.e having prisoner rights, getting pardons when captured, etc. They had, what You call, an \u201c<em>Extraregal Status<\/em>\u201d within the context of the Thirty Year\u2019s War, which represents an exception in a period when although there was no codification, military rules did exist? Can You elaborate?<\/strong><\/li><\/ol>\n\n\n\n<p><em>The killing of captured (Christian) soldiers became increasingly outlawed in the course of the early modern period (In practice, however, this still occurred in the 18<sup>th<\/sup> century). Although the fate of captured mercenaries in the Thirty Years&#8217; War depended on a variety of factors, in the course of the war the warring parties increasingly concluded so-called \u201cKartelle\u201d or \u201cQuartierabkommen\u201d which regulated the mutual exchange of prisoners of war. Sweden was considered a pioneer in this context, but Gustavus Adolphus excluded in particular the Croatian soldiers explicitly from these treaties.<\/em><\/p>\n\n\n\n<ol class=\"wp-block-list\" type=\"1\" start=\"10\"><li><strong>What were the consequences of this \u201c<em>Extraregal Status<\/em>\u201d?<\/strong><\/li><\/ol>\n\n\n\n<p><em>As a result of their \u201cExtralegal Status\u201d, any capture was an extremely precarious situation for the Croatian mercenaries. In the same cases, they were killed, in others, they were taken to work in Swedish copper mines. From the 1640s onwards, however, captured Croats were increasingly included in the exchange lists of the &#8220;Kartelle&#8221;. At the same time, the light cavalry&#8217;s area of responsibility, which often involved operations far from the supervision of the military leadership, opened up considerable room for maneuver for them, which they not infrequently used for extensive raids.<\/em><\/p>\n\n\n\n<ol class=\"wp-block-list\" type=\"1\" start=\"11\"><li><strong>Why did the Swedes, who were concerning military laws, otherwise, the leading figures in the Empire (<em>Alten Reich<\/em>), exclude Croatian units from <em>ius in bello<\/em>?<\/strong><\/li><\/ol>\n\n\n\n<p><em>This measure was justified with the cruel warfare of the Croats, which is why they themselves were placed outside the \u201cius in bello\u201d. In addition to a clearly propagandistic dimension, this exclusion also included a very practical one: in fact, the Croatian mercenaries could hardly be incorporated into the Swedish army in purely practical terms, and a larger group of captured Croats represented a permanent danger that had to be avoided.<\/em><strong><\/strong><\/p>\n\n\n\n<ol class=\"wp-block-list\" type=\"1\" start=\"12\"><li><strong>You also addressed the situations when Croats were the victims of target attacks. Especially regarding the Swedes?<\/strong><\/li><\/ol>\n\n\n\n<p><em>Yes, in the records, you can find a lot of situations, where Swedish units deliberately attacked Croatian horsemen \u2013 not only in the Imperial \u201cFeldakten\u201d, but also, for example, in the letters of the Imperial governor of Lindau, Franz Peter K\u00f6nig, or in the \u201cJournal\u201d of the army from Bernard of Saxe-Weimar. In these cases, a reversal of roles can be observed, so to speak: The Croatian mercenaries were not perpetrators, but victims.<\/em><\/p>\n\n\n\n<ol class=\"wp-block-list\" type=\"1\" start=\"13\"><li><strong>And the Swedes even had special units to fight the Croats?<\/strong><\/li><\/ol>\n\n\n\n<p><em>Exactly. Gustavus Adolphus set the so-called Hakkapelites on the Croats. This Finnish cavalry unit was to hunt the Croats mercilessly and give them no quarter. They, too, were considered fast, agile and brutal, and similar to the Croats, they were perceived as exotic in the Holy Roman Empire because of their alien appearance and foreign-sounding languages.<\/em><\/p>\n\n\n\n<ol class=\"wp-block-list\" type=\"1\" start=\"14\"><li><strong>So we can say that the borderlands of Northern and Southern Europe collided in central Europe?<\/strong><\/li><\/ol>\n\n\n\n<p><em>That is how one could summarise it pointedly. And this is at the same time an important aspect that makes the European dimension of this war conspicuous.<\/em><\/p>\n\n\n\n<ol class=\"wp-block-list\" type=\"1\" start=\"15\"><li><strong>How did the Swedish propaganda function, what purpose did it have within the Swedish army and what were the characteristics of these \u201c<em>Feindbildes<\/em>\u201d? It was very suitable for producing stereotypes and bias?<\/strong><\/li><\/ol>\n\n\n\n<p><em>The Swedish propaganda against the Croatian mercenaries had a dual function. On the one hand, the common \u201cFeindbild\u201d strengthened the cohesion of the own troops. On the other hand, the Croats served as a negative foil from which the Swedish soldiers were supposed to stand out. The \u201cFeindbild\u201d should therefore also have a disciplinary effect on the own army.<\/em><\/p>\n\n\n\n<p><em>I don\u2019t think, that the Swedish propaganda produced entirely new stereotypes and bias, but it reinforced already existing aversions and reservations toward people, which were perceived as foreign.<\/em><\/p>\n\n\n\n<ol class=\"wp-block-list\" type=\"1\" start=\"16\"><li><strong>The concept of time is always of absolute importance for historians, as very few phenomena alter human perceptions and actions as time. Did the same happen between the Croats and the Swedes? Because in one of your articles you say that the exchange of prisoners was practiced from the 1630s onwards, with a clear increase in the 1640s. <\/strong><\/li><\/ol>\n\n\n\n<p><em>In fact, it seems that in the course of time there has been a tendency towards a certain decrease in violence in dealings between Croats and Swedes, at least with regard to the treatment of prisoners of war. Of course, this observation by no means excludes the possibility of further violent excesses by and against Croatian mercenaries. But I have found no more evidence for the ordered execution of Croat prisoners of war for the later years of the war, for example.<\/em><\/p>\n\n\n\n<figure class=\"wp-block-image size-large\"><img data-recalc-dims=\"1\" loading=\"lazy\" decoding=\"async\" width=\"860\" height=\"477\" data-attachment-id=\"32703\" data-permalink=\"https:\/\/historiografija.hr\/?attachment_id=32703\" data-orig-file=\"https:\/\/i0.wp.com\/historiografija.hr\/wp-content\/uploads\/2022\/09\/Foto-1-scaled.jpg?fit=2560%2C1420&amp;ssl=1\" data-orig-size=\"2560,1420\" data-comments-opened=\"1\" data-image-meta=\"{&quot;aperture&quot;:&quot;0&quot;,&quot;credit&quot;:&quot;&quot;,&quot;camera&quot;:&quot;&quot;,&quot;caption&quot;:&quot;&quot;,&quot;created_timestamp&quot;:&quot;0&quot;,&quot;copyright&quot;:&quot;&quot;,&quot;focal_length&quot;:&quot;0&quot;,&quot;iso&quot;:&quot;0&quot;,&quot;shutter_speed&quot;:&quot;0&quot;,&quot;title&quot;:&quot;&quot;,&quot;orientation&quot;:&quot;0&quot;}\" data-image-title=\"Foto-1\" data-image-description=\"\" data-image-caption=\"\" data-large-file=\"https:\/\/i0.wp.com\/historiografija.hr\/wp-content\/uploads\/2022\/09\/Foto-1-scaled.jpg?fit=860%2C477&amp;ssl=1\" src=\"https:\/\/i0.wp.com\/historiografija.hr\/wp-content\/uploads\/2022\/09\/Foto-1.jpg?resize=860%2C477&#038;ssl=1\" alt=\"\" class=\"wp-image-32703\" srcset=\"https:\/\/i0.wp.com\/historiografija.hr\/wp-content\/uploads\/2022\/09\/Foto-1-scaled.jpg?resize=1024%2C568&amp;ssl=1 1024w, https:\/\/i0.wp.com\/historiografija.hr\/wp-content\/uploads\/2022\/09\/Foto-1-scaled.jpg?resize=300%2C166&amp;ssl=1 300w, https:\/\/i0.wp.com\/historiografija.hr\/wp-content\/uploads\/2022\/09\/Foto-1-scaled.jpg?resize=768%2C426&amp;ssl=1 768w, https:\/\/i0.wp.com\/historiografija.hr\/wp-content\/uploads\/2022\/09\/Foto-1-scaled.jpg?resize=1536%2C852&amp;ssl=1 1536w, https:\/\/i0.wp.com\/historiografija.hr\/wp-content\/uploads\/2022\/09\/Foto-1-scaled.jpg?resize=2048%2C1136&amp;ssl=1 2048w, https:\/\/i0.wp.com\/historiografija.hr\/wp-content\/uploads\/2022\/09\/Foto-1-scaled.jpg?w=1720&amp;ssl=1 1720w\" sizes=\"auto, (max-width: 860px) 100vw, 860px\" \/><\/figure>\n\n\n\n<ol class=\"wp-block-list\" type=\"1\" start=\"17\"><li><strong>There is one very important concept in your studies &#8211; \u201c<em>Gewaltgemeinschaften<\/em>\u201d or \u201c<em>communities of violence<\/em>\u201d. Can You elaborate on the significance as well as the methodological and heuristic value of this concept?<\/strong><\/li><\/ol>\n\n\n\n<p><em>Very gladly. The concept of &#8220;Gewaltgemeinschaften\u201d (communities of violence) refers to social groups for which physical violence is an essential part of their existence and which operate under conditions of incomplete statehood. The concept includes a phenomenological approach to violence research, by means of which different logics of violence can be worked out. This approach can be used, for example, to describe the central function of collectively exercised violence for group identity and internal cohesion.<\/em><\/p>\n\n\n\n<ol class=\"wp-block-list\" type=\"1\" start=\"18\"><li><strong>You say that the <em>Grenzers<\/em> were an archetype for such a group and because they originated and operated in the areas with reduced state control, they developed their methods of practicing and manifesting warfare and violence in general? So the concept of \u201c<em>Gewaltgemeinschaften<\/em>\u201d is intertwined with the figure of State i.e. its ability to enforce laws and discipline?<\/strong><\/li><\/ol>\n\n\n\n<p><em>Historically, pacified societies and a state monopoly on the use of violence are the exceptions, while societies in which different actors fight for power, resources and recognition are the rule. Especially in spaces with a weak state or centralised violence, the emergence of &#8220;Gewaltgemeinschaften&#8221; can be observed, which are characterised by permanent and sometimes excessive use of violence. Their continued existence is only possible in areas of incomplete statehood, since the regular violation of norms and rules cannot be consistently sanctioned here. Nevertheless, even in these spaces of violence, there continues to be at least a notion of law and order, even if it is violated time and again. This results in the intense and sustained perception of &#8220;Gewaltgemeinschaften&#8221; because they demonstrate normative fragility as permanent rule-breakers.<\/em><\/p>\n\n\n\n<ol class=\"wp-block-list\" type=\"1\" start=\"19\"><li><strong>So can we say that they were really out of control by nature, as it\u2019s often implied, or was it primary the absence of firmer state control that produced groups that had their logic and hierarchy and functioned in a more or less autonomous fashion?<\/strong><\/li><\/ol>\n\n\n\n<p><em>I don\u2019t believe that the Croats or other groups had a quasi-biologically induced affinity for violence. In my opinion, the violent behavior of the Croatian mercenaries resulted from the interplay of the particular concrete situation, the absence of regulating state control, personal experience of violence from earlier contexts (e.g. at the Military Frontier) and, of course, the respective individual disposition.<\/em><\/p>\n\n\n\n<ol class=\"wp-block-list\" type=\"1\" start=\"20\"><li><strong>On how many levels were those \u201c<em>Exotische Gewaltgemainschaften<\/em>\u201d attacked by their adversaries?<\/strong><\/li><\/ol>\n\n\n\n<p><em>The \u201cExotische Gewaltgemeinschaften\u201d of the Croatian mercenaries were attacked by the Swedish military leadership on at least three levels. Physically, they were massively attacked, especially by the use of the Finnish Hakkapelites. Legally, they were (initially) denied the right to be prisoners of war by being excluded from the \u201cQuartierabkommen\u201d. And propagandistically, they were denounced by Protestant pamphlets as cruel barbarians who were not part of the Christian community.<\/em><\/p>\n\n\n\n<ol class=\"wp-block-list\" type=\"1\" start=\"21\"><li><strong>Concerning the lack of discipline, certain problems propelled this issue, i.e. the deficit of supplies and supply routes, the question of whether Croatian soldiers even received salaries and in which amount as well as the fact that their colonels did not have a right of <em>ius gladii<\/em>, at least in the first phases of the War?<\/strong><\/li><\/ol>\n\n\n\n<p><em>In particular, the older German-language research has generally attributed the lack of discipline to the inadequate supply and lack of pay for the Croatian mercenaries. And indeed, the Croatian units were not regularly paid and fed during the first years of the war. In addition, their officers were also denied certain rights, such as the ius gladii, i.e. the right to pronounce and execute death sentences. However, this disadvantage was abolished at the latest with the beginning of Wallenstein&#8217;s 1st Generalate, for from that time onwards the Croatian horsemen were also organised into regiments and they received the same rations as the cuirassiers, although their pay was somewhat lower (six guilders instead of nine). This circumstance is therefore no explanation for the indiscipline and excessive violence.<\/em><\/p>\n\n\n\n<ol class=\"wp-block-list\" type=\"1\" start=\"22\"><li><strong>The Croats sometimes performed violent acts against the nobility which was almost unheard of among other armies at that time?<\/strong><\/li><\/ol>\n\n\n\n<p><em>Exactly. An impressive example of this is the mistreatment of Melchior Freiherr von Wurmbrand. In 1634, the inventor of the Swedish leather cannon, who had been given the territory of Ottobeuren, was tied with a rope by his tormentors, led around and mocked as the &#8220;Abbot of Ottobeuren&#8221;, then tortured and in the end killed. This form of torture and humiliation was extraordinary not least because it was not directed against simple peasants or burghers, but against a nobleman. The fact that a representative of the aristocracy was treated in such a degrading manner was a clear breach of taboo in the eyes of contemporaries.<\/em><\/p>\n\n\n\n<ol class=\"wp-block-list\" type=\"1\" start=\"23\"><li><strong>You quote Martin Rink who advocated that the concept of \u201cirregular troops\u201d, which is also often associated with the Croats, is an anachronism because the term itself is \u201ca child of the modern?<\/strong><\/li><\/ol>\n\n\n\n<p><em>Yes. Martin Rink has &#8211; rightly &#8211; pointed out that the clear and evaluative distinction between regular and irregular troops is a 19th century idea. The modern distinction between military and civilian actors, however, cannot be easily transferred to the early modern period, for which it is precisely the intertwining of military and society that is characteristic.<\/em><\/p>\n\n\n\n<p><em>&nbsp;If you want to use the term irregular troops, you can use it not exceeding for the time until 1625. Afterward, I don\u2019t see good reasons for this denomination.<\/em><\/p>\n\n\n\n<ol class=\"wp-block-list\" type=\"1\" start=\"24\"><li><strong>So, was at one point the standard military hierarchy and structure implemented?<\/strong><\/li><\/ol>\n\n\n\n<p><em>If I see it correctly, the implementation of the standard military hierarchy was a process rather than an isolated event. Nevertheless, one can certainly identify the decisive turning point in this matter in Wallenstein&#8217;s appointment as commander-in-chief of the Imperial army. Since Wallenstein&#8217;s 1st Generalate, the Croatian light horsemen were regularly paid and listed alongside the other troop units in the rations ordonances. For the upper batches, however, it can be determined as early as 1624 that they received almost the same pay as dragoons and arquebusiers.<\/em><\/p>\n\n\n\n<ol class=\"wp-block-list\" type=\"1\" start=\"25\"><li><strong>Were there issues within their ranks, especially regarding their officer corps and superior commanders?<\/strong><\/li><\/ol>\n\n\n\n<p><em>The commanders were responsible for communicating with the military leadership and had to ensure that their instructions were properly implemented. Conversely, they had to represent the interests of their regiment vis-\u00e0-vis their employer, for example with regard to questions of rations and quarters. Within the regiment, the officer corps was responsible for maintaining discipline and fulfilling military orders, as well as for military jurisdiction. In the quarters, the officers took over communication with the responsible bailiffs and had to document how much pay and rations the mercenaries had received. At the same time, they had to make sure that the mercenaries communicated possible complaints about them and did not take action themselves. In practice, of course, this did not always work as intended, but there are definitely best practice examples.<\/em><\/p>\n\n\n\n<ol class=\"wp-block-list\" type=\"1\" start=\"26\"><li><strong>So, the \u201cirregularity\u201d of their status cannot explain some of the biggest excesses of Croatian units which occurred in the 1630s, a period when general Isolani&#8217;s troops enhanced and he enlisted many soldiers of various descents?<\/strong><\/li><\/ol>\n\n\n\n<p><em>Yes, I think that the irregularity of their status is not the decisive factor for the excesses of violence, which were committed by Croatian units. Some of the most memorable outbreaks of violence by Croatian mercenaries occurred in 1634 and 1637, at a time when the light horsemen had long since been regularly paid and fed. Other factors must therefore have been decisive for these violent excesses. And in order to trace these, the context of each event and the nature and act of violence must be examined as closely as possible.<\/em><\/p>\n\n\n\n<ol class=\"wp-block-list\" type=\"1\" start=\"27\"><li><strong>Can their violent acts also be placed within the context of \u201e<em>Notlagenkriminalit\u00e4t<\/em>\u201c? Can You elaborate on the term?<\/strong><\/li><\/ol>\n\n\n\n<p><em>I adopted the term &#8220;Notlagenkrininalit\u00e4t&#8221; from Johannes Arndt. He used it to describe how the inadequate supply situation of the armies almost necessarily gave rise to the use of violence to capture food. This problem was exacerbated by the growing number of the \u201cTross\u201d in the course of the war. As a general explanation, however, this approach falls short because it is too sweeping and does not take into account a multitude of situations and factors.<\/em><\/p>\n\n\n\n<ol class=\"wp-block-list\" type=\"1\" start=\"28\"><li><strong>So the existential insecurity and stress caused by different forms of suffering (<em>Leidensdruck<\/em>) was a very important generator of Croatian military ventures and violent acts. I presume, many sources testify that?<\/strong><\/li><\/ol>\n\n\n\n<p><em>Yes, there are a number of sources in which the poor supply of Croatian mercenaries is discussed, for example in the imperial field records. In the local chronicles and the self-testimonies of priests and citizens, on the other hand, the focus is more on the violent acts of the mercenaries; their supply situation, on the other hand, is usually not described.<\/em><\/p>\n\n\n\n<ol class=\"wp-block-list\" type=\"1\" start=\"29\"><li><strong>Could violence at some level be considered as \u201cletting off steam\u201d in a horrific way?<\/strong><\/li><\/ol>\n\n\n\n<p><em>In some cases this metaphor could be used, but by no means always. The excesses of violence committed by Croatian horsemen in Saxony between August and December 1632 were not the result of an existential emergency, but were carried out on Wallenstein&#8217;s explicit orders. The role of the respective commanders should not be overlooked in the outbreaks of violence. The Croatian colonel Lucas Hrastovacky, for example, was temporarily relieved of his command because he did not know how or did not want to stop the excesses of his mercenaries. And of course, the phenomenon of the desire for violence (\u201cGewaltlust\u201d respectively \u201cautotelische Gewalt\u201d) described by the sociologists Wolfgang Sofsky and Jan Philipp Reemtsma must also be taken into account, as well as the communalising effect of collectively exercised violence.<\/em><\/p>\n\n\n\n<ol class=\"wp-block-list\" type=\"1\" start=\"30\"><li><strong>You rely on the work of Potsdamer historian Bernhard R. Kroener and also address the question of whether soldiers can also be categorised as victims, and not always as the perpetrators. Do you advocate the stand that the researchers have to implement a more complex model of interpretation and analysis of this problem?<\/strong><\/li><\/ol>\n\n\n\n<p><em>Yes, Bernhard R. Kroener pointed out as early as 1982 that mercenaries were treated almost exclusively as perpetrators of violence in historiography &#8211; in contrast to soldiers, whose role as victims was certainly examined. Especially in the 19th century, the early modern mercenaries formed the negative foil to the soldiers who, as heroic defenders of their own nation, positively distinguished themselves from the mercenaries who fought only for monetary interest. This fiction must be critically questioned and the Croatian mercenaries are an instructive example of how even cruel perpetrators of violence could become victims of brutal violence. A purely dichotomous perspective falls short here; instead, a differentiated view is needed that takes the respective situation into account.<\/em><\/p>\n\n\n\n<ol class=\"wp-block-list\" type=\"1\" start=\"31\"><li><strong>So, can Croats and well as other <em>Gewaltgemeinschaften<\/em> also be seen as victims and placed in the same category as women, children, elderly, and men of the cloth?<\/strong><\/li><\/ol>\n\n\n\n<p><em>In my view, that would be too simple. While it is generally difficult to establish hierarchies of victims, one must consider the respective potential ability to defend oneself as well as the previous behavior in the context of the Thirty Years&#8217; War. If one takes these factors into account, it quickly becomes clear that women, children, the elderly and men of the cloth were victims of war violence to a different extent than was the case with the Croatian mercenaries.<\/em><\/p>\n\n\n\n<ol class=\"wp-block-list\" type=\"1\" start=\"32\"><li><strong>What was the purpose of these \u201cspectacular violent excesses\u201d (<em>Spektakul\u00e4re Gewaltexzesse<\/em>), which were so effectively publicly disseminated? Had these horrible ordeals another purpose than the violence and hunt for booty itself?<\/strong><\/li><\/ol>\n\n\n\n<p><em>Quite right. To a certain extent, &#8220;Spektakul\u00e4re Gewaltexzesse&#8221; could and were used tactically to make clear what violence one was capable of.<\/em> <em>Violence had a communicative function here, by means of which a message was to be sent to the population. This &#8220;self-fashioning&#8221; of the mercenaries reduced their own risk of injury or death when towns and monasteries willingly paid tribute without the need for protracted sieges, for example.<\/em><\/p>\n\n\n\n<figure class=\"wp-block-image size-large\"><img data-recalc-dims=\"1\" loading=\"lazy\" decoding=\"async\" width=\"860\" height=\"786\" data-attachment-id=\"32705\" data-permalink=\"https:\/\/historiografija.hr\/?attachment_id=32705\" data-orig-file=\"https:\/\/i0.wp.com\/historiografija.hr\/wp-content\/uploads\/2022\/09\/Foto-2.jpg?fit=1205%2C1102&amp;ssl=1\" data-orig-size=\"1205,1102\" data-comments-opened=\"1\" data-image-meta=\"{&quot;aperture&quot;:&quot;3.5&quot;,&quot;credit&quot;:&quot;&quot;,&quot;camera&quot;:&quot;DMC-TZ56&quot;,&quot;caption&quot;:&quot;&quot;,&quot;created_timestamp&quot;:&quot;1513084711&quot;,&quot;copyright&quot;:&quot;&quot;,&quot;focal_length&quot;:&quot;4.3&quot;,&quot;iso&quot;:&quot;100&quot;,&quot;shutter_speed&quot;:&quot;0.01&quot;,&quot;title&quot;:&quot;&quot;,&quot;orientation&quot;:&quot;1&quot;}\" data-image-title=\"Foto-2\" data-image-description=\"\" data-image-caption=\"\" data-large-file=\"https:\/\/i0.wp.com\/historiografija.hr\/wp-content\/uploads\/2022\/09\/Foto-2.jpg?fit=860%2C786&amp;ssl=1\" src=\"https:\/\/i0.wp.com\/historiografija.hr\/wp-content\/uploads\/2022\/09\/Foto-2.jpg?resize=860%2C786&#038;ssl=1\" alt=\"\" class=\"wp-image-32705\" srcset=\"https:\/\/i0.wp.com\/historiografija.hr\/wp-content\/uploads\/2022\/09\/Foto-2.jpg?resize=1024%2C936&amp;ssl=1 1024w, https:\/\/i0.wp.com\/historiografija.hr\/wp-content\/uploads\/2022\/09\/Foto-2.jpg?resize=300%2C274&amp;ssl=1 300w, https:\/\/i0.wp.com\/historiografija.hr\/wp-content\/uploads\/2022\/09\/Foto-2.jpg?resize=768%2C702&amp;ssl=1 768w, https:\/\/i0.wp.com\/historiografija.hr\/wp-content\/uploads\/2022\/09\/Foto-2.jpg?w=1205&amp;ssl=1 1205w\" sizes=\"auto, (max-width: 860px) 100vw, 860px\" \/><\/figure>\n\n\n\n<ol class=\"wp-block-list\" type=\"1\" start=\"33\"><li><strong>The phenomenon of \u201crevenge\u201d (<em>Racheakte<\/em>) is from this point of view also very important?<\/strong><\/li><\/ol>\n\n\n\n<p><em>To analyse the phenomenon of revenge, I refer to the literary scholar and philosopher Fabian Bernhardt, who has shown that it is not the objectively inflicted damage that is the guiding motive for action, but the severity of the individually experienced suffering and the associated humiliation. This can be illustrated by an example from the year 1635, when a small group of Croats attacked a village in the Thuringian Forest and plundered it. The peasants of the village then shot three Croats who had lagged behind the others and took the loot back from them. For the Croatian mercenaries, this represented an outrageous violation of their group members, but also the honor of their unit. The next day, 200 Croatian horsemen attacked the village, plundered it again and killed most of the inhabitants.<\/em><\/p>\n\n\n\n<p><em>On the one hand, this act of revenge was aimed at retaliation for the killed comrades. I use this seemingly anachronistic term (\u201cKameraden\u201d) deliberately in this context because it draws attention to the fact that the primacy of unconditional group cohesion created a classification of insiders who had to be protected.<\/em><\/p>\n\n\n\n<p><em>On the other hand, such acts of revenge also had a forward-looking signal character. It was intended to demonstrate to everyone that an act of violence against a Croatian mercenary would be repaid by the civilian population with a punishment many times harsher.<\/em><\/p>\n\n\n\n<ol class=\"wp-block-list\" type=\"1\" start=\"34\"><li><strong>Regarding everything said, it is of no surprise that \u201cthe dread\/fear of Croats\u201d (<em>Kroatenfurcht<\/em>) also spread to the areas outside the Empire itself? For example, Englishman William Crowne wrote that every venture through the woods bears a risk of attack by \u201c<em>Marodierenden Kroaten<\/em>\u201d?<\/strong><\/li><\/ol>\n\n\n\n<p><em>That&#8217;s right. William Crowne, who visited the German Empire in 1636 in the entourage of the royal envoy Thomas Lord Howard, Earl of Arundel, feared that the group might be attacked by marauding Croats almost every time they crossed a forest. His compatriot Philip Vincent, who had also stayed in Germany during the Thirty Years&#8217; War, drew an even more drastic picture of the Croats in his travel report, who, according to his descriptions, even ate children and had also trained their horses to eat human flesh.<\/em><\/p>\n\n\n\n<ol class=\"wp-block-list\" type=\"1\" start=\"35\"><li><strong>And there is of course the important issue of how were the Croats later remembered as well as the issue of generalisation and politically charged interpretations of the past. How did the later periods affect the picture of Croats, and what was the influence of the <em>S\u00f6ldner vs Soldaten<\/em> debates and the catholic vs protestant competition?<\/strong><\/li><\/ol>\n\n\n\n<p><em>Baroque literature had a style-defining effect on the picture of Croats in that they always emphasised their combative nature, often in connection with violent plundering. The majority of the authors were Protestant, which made a positive portrayal of the Croats, who were perceived as Catholics, even less likely than it already was due to their wartime experiences. Especially in the field of German literature, the Protestant side gained a cultural interpretative sovereignty in the early modern period that had a striking effect on the formation of the canon. The Catholic authors of the Baroque period were defamed as &#8220;undeutsch&#8221;, while Protestant literature was stylised as general German national literature. Thus, however, the Protestant-influenced Croatian stereotypes also became dominant. These can then be found in the 19th century in Gustav Freytag&#8217;s extremely popular books \u201cBilder aus der deutschen Vergangenheit\u201d and were also continued in older German military historiography. The negatively connoted concept of the mercenary played a significant role in this, from which the soldier was positively contrasted (see also the answer to question 32).<\/em><\/p>\n\n\n\n<ol class=\"wp-block-list\" type=\"1\" start=\"36\"><li><strong>What was the role of appearance, concerning their identity and the way it separated them from others, but also as a means of marketing?<\/strong><\/li><\/ol>\n\n\n\n<p><em>In general, the imperial army did not have a uniform throughout the 17th century. However, a common distinguishing feature for Croatian troops was their native outfit which consisted of a short, tight-fitting tunic, sometimes a fur-lined coat, trousers that were wide to the knee and tight below, a simple cap and leather boots that were higher in the front than in the back. Combined with their special armament and language, the Croats looked extremely exotic to the local population. Not least from this circumstance stems the prominent perception of their acts of violence, which were mixed with attributions of the classic barbarian topos. However, the Croatian mercenaries knew how to use this exotic foreign perception for their own purposes by &#8220;aggressive image branding&#8221; (Erving Goffman). The associated &#8220;Kroatenfurcht&#8221; (see also Question 34) often proved to be a door opener for the forays of the light horsemen.<\/em><\/p>\n\n\n\n<ol class=\"wp-block-list\" type=\"1\" start=\"37\"><li><strong>Let us talk about some less familiar aspects of their activities during the War. You say that the Croats were not just good soldiers but also very successful war entrepreneurs and that they skilfully profited on the \u201cmarkets of violence\u201d. Can you elaborate more?<\/strong><\/li><\/ol>\n\n\n\n<p><em>Already in the first years of the war, the Croatian horsemen succeeded in winning the esteem of Wallenstein, who had them recruited in large numbers as specialists for the Petty Warfare. In the Petty Warfare, the light horsemen were able to make optimal use of their skills in battle, their speed and mobility, which made them sought-after war specialists. At the same time, they apparently knew quite well how to distinguish between booty spaces on the one hand and quartering and trading spaces on the other hand. Accordingly, they sometimes acted as raiders, sometimes as traders.<\/em><\/p>\n\n\n\n<ol class=\"wp-block-list\" type=\"1\" start=\"38\"><li><strong>Can you tell us something more about the heuristic significance of \u201cmarkets of violence\u201d, a concept that was advocated by German ethnologist and sociologist Georg Elwert? What are the prerequisites for the appearance of such <em>Gewaltm\u00e4rkte<\/em>?<\/strong><\/li><\/ol>\n\n\n\n<p><em>Georg Elwert understands &#8220;Gewaltm\u00e4rkte\u201d (markets of violence) as economic spaces in which a system emerges in times of war that &#8220;combines non-violent acquisition with violent acquisition of goods&#8221;. The appropriation and distribution of resources obeys the principle of the economy of violence, i.e. it is violence-driven.<\/em><\/p>\n\n\n\n<p><em>The appropriate environment for the emergence of such markets of violence is found in &#8220;gewaltoffenen R\u00e4umen\u201d (spaces open to violence), i.e. where, in the absence of a state monopoly on the use of force, no fixed rules limit the use of force. Although routines of the use of violence can arise here as well, they can be broken at any time.<\/em><\/p>\n\n\n\n<p><em>The decision as to whether certain goods are looted or acquired through trade is in principle open in markets of violence. It presents itself to the actors as a strategic triangle of violence, trade and time. War entrepreneurs consider and optimise the relationship between effort, risk and return. The most important resource, especially for mobile actors, is money or a similar medium of exchange that is easy to transport and, if necessary, easy to hide. If we look at the actions of the Croatian mercenaries under this premise, we can often recognise a cool rationality of purpose that is analytically more advanced than the topos of the wild barbarians.<\/em><\/p>\n\n\n\n<ol class=\"wp-block-list\" type=\"1\" start=\"39\"><li><strong>What were the specific goals of such \u201cwar entrepreneurs\u201d?<\/strong><\/li><\/ol>\n\n\n\n<p><em>The specific goals of a \u201cKriegsunternehmer\u201d were to generate as much capital as possible with the resources at his disposal. In this context, capital does not only mean monetary resources, but &#8211; following Pierre Bourdieu&#8217;s theory of the different types of capital &#8211; also includes symbolic or social capital. A Croatian colonel could gain this, for example, by being elevated to the rank of general (like Juraj Zrinski and Goan Lodovico Isolani) or by being awarded a title of nobility (like Isolani and Marcus Corpes).<\/em><\/p>\n\n\n\n<p><em>The use of violence played a special role in this, but it was not always the means of choice; sometimes, for example, the mere threat of violence could be enough to obtain tribute.<\/em><\/p>\n\n\n\n<ol class=\"wp-block-list\" type=\"1\" start=\"40\"><li><strong>But there was a downside to it all because their skilfulness in acquiring booty also made them prey for other soldiers?<\/strong><\/li><\/ol>\n\n\n\n<p><em>Yes, that was a downside of their success, in a way. The Croats&#8217; reputation as particularly greedy and successful mercenaries preceded them. This made them a lucrative target for other mercenary groups to raid. In addition, their weapons apparently had a high symbolic value. This can be exemplified by the high esteem in which an actually relatively simple saber of a Croatian commander was held at the Electoral Saxon Court after Johann Georg I received it as a gift from a commander in 1635.<\/em><\/p>\n\n\n\n<ol class=\"wp-block-list\" type=\"1\" start=\"41\"><li><strong>There are also interesting sources about their peaceful coexistence with locals? An excellent example is the Croatian (winter)quarters in Fulda, which functioned since the 1620s?<\/strong><\/li><\/ol>\n\n\n\n<p><em>Since the early 1620s, Croatian units have repeatedly taken up (winter) quarters in the Hochstift of Fulda, and the temporary coexistence has generally functioned well and largely without violence. Of course, the quartering was always a burden for the townspeople, but at least parts of the townspeople were occasionally able to profit from it, for example when they were able to buy stolen sheep from other territories at favorable prices from the Croatian horsemen. Marcus Corpes even had the fields of the Fuldian peasants protected from enemy soldiers, which was not least connected to the fact that he and his mercenaries also profited from their yields. This circumstance, however, clearly shows that the Croats by no means only left scorched earth everywhere, even if this often occurred during their raids.<\/em><\/p>\n\n\n\n<ol class=\"wp-block-list\" type=\"1\" start=\"42\"><li><strong>What was the role of Valentin Wagner, and what were his connections with Croatian soldiers?<\/strong><\/li><\/ol>\n\n\n\n<p><em>In the winter of 1634\/35, Valentin Wagner led a party of Croats to the Treusch von Buttlar knights&#8217; residences in Holzhausen and Rittersberg (in Hesse), as well as to a hidden mill in the surrounding woods. The Croats plundered the noble residences and the barricaded mill, robbed a lot of livestock and also set fire to several houses. Wagner himself also held his own, but did not profit from his booty for too long. Hubert Treusch von Buttlar was not at all inclined to let the incident rest and took revenge by shooting Valentin Wagner a little later. In the course of this, a criminal case was brought against the Hessian nobleman in 1635\/36, which made Wagner&#8217;s cooperation with the Croats a matter of record in the first place. There were certainly many other cases in which local actors made pacts with foreign mercenaries, but unfortunately these cooperations have only been handed down in exceptional cases.<\/em><\/p>\n\n\n\n<ol class=\"wp-block-list\" type=\"1\" start=\"43\"><li><strong>What were the characteristics of this ransoming economy and middleman assistance?<\/strong><\/li><\/ol>\n\n\n\n<p><em>The taking of profitable victims hostage and their release after paying a ransom belongs to the context of the \u201eGewaltmarkt\u201c mentioned above. In the case of wealthy citizens and nobles, but also for priests and enemy officers, taking hostages was often more economically attractive than killing them. However, this required a certain infrastructure and relevant information. This required cooperation with local actors, who in turn benefited from working with the mercenaries. Especially for the exchange of hostages and ransom money, middlemen were necessary who established contact between mercenaries and relatives, translated if necessary and arranged the place and time of the handover.<\/em><\/p>\n\n\n\n<ol class=\"wp-block-list\" type=\"1\" start=\"44\"><li><strong>Can You elaborate on the term \u201c<em>Kroatenjahr<\/em>\u201d? How is it still present in local memory and where?<\/strong><\/li><\/ol>\n\n\n\n<p><em>In the memory phenomenon of the &#8220;Kroatenjahr&#8221;, the raids and lootings of the Croatian mercenaries were in part handed down and remembered in the collective memory of the affected places and regions for centuries to come. Especially in Franconia, W\u00fcrttemberg, Thuringia, Saxony and Hesse, the memory of the &#8220;Kroatenjahre&#8221; was present in many places and regions until the beginning of the 20th century. The memory of the Croats found its manifestation in the form of memorial stones, inscriptions, names of buildings and streets, commemorative ceremonies, legends and fairy tales.<\/em><\/p>\n\n\n\n<ol class=\"wp-block-list\" type=\"1\" start=\"45\"><li><strong>You addressed also one important but seldom quoted problem, and that is the communications issue between the Croats and other foreigners and the domestic population.<\/strong><\/li><\/ol>\n\n\n\n<p><em>It is indeed astonishing that the problem of communication between foreign mercenaries and the local population has rarely been considered. Mercenaries from all parts of Europe came to Germany during the Thirty Years&#8217; War, but it must be assumed that only a minority of them knew the German language. So how did the mercenaries communicate with the local population? In the case of the Croats, there are some references to such cases of communication difficulties. In one case, this led to an officer named Rudolf Freiherr von Morzini being ordered to join a Croatian unit because he knew Croatian and could thus act as a translator.<\/em><\/p>\n\n\n\n<ol class=\"wp-block-list\" type=\"1\" start=\"46\"><li><strong>We can then conclude with an obvious statement \u2013 that all men, with a clear gradation, of course, are the victims of war. But have we learned anything from our past experience?<\/strong><\/li><\/ol>\n\n\n\n<p><em>If you look at the current situation in Europe, but of course also in other parts of the world, you get the impression that there have been no learning effects whatsoever. However, I consider codified agreements on the international law of war, such as the Geneva Conventions, or the establishment of the International Criminal Court in The Hague, to be enormous achievements, even if the law of war is violated again and again and only a tiny minority of war criminals are later brought to justice.<\/em><\/p>\n\n\n\n<p><em>In this context, I believe that it is the task of historians to counter the propagandistic use of past wars with factual representations and interpretations. This means, not least, not telling the story of a war as the heroic deeds of great men, but looking at all the actors with their deeds, options for action and their hardships.<\/em><\/p>\n\n\n\n<ol class=\"wp-block-list\" type=\"1\" start=\"47\"><li><strong>I know that the audience in Croatia is looking forward to reading Your dissertation when finished, so I can ask, how is the work on Your dissertation going?<\/strong><\/li><\/ol>\n\n\n\n<p><em>I&#8217;m still working on it, but I&#8217;m currently only making progress in small steps because I&#8217;m dealing with other issues at work and also have family and voluntary commitments. That&#8217;s why I only get to write on the dissertation in my remaining free time, the completion of which I can&#8217;t exactly predict at the moment. However, the interest in my research in Croatia is an important motivation to keep pushing the project forward.<\/em><\/p>\n\n\n\n<ol class=\"wp-block-list\" type=\"1\" start=\"48\"><li><strong>Herr Weise, thank You very much for this interesting interview and we hope that we will soon talk again about new research regarding the Croatian soldiers during the Thirty Years\u2019 War!<\/strong><\/li><\/ol>\n\n\n\n<p><em>Thank you very much for your questions and your interest in my research.<\/em><\/p>\n\n\n\n<hr class=\"wp-block-separator\"\/>\n\n\n\n<figure class=\"wp-block-image size-large\"><img data-recalc-dims=\"1\" loading=\"lazy\" decoding=\"async\" width=\"860\" height=\"384\" data-attachment-id=\"32706\" data-permalink=\"https:\/\/historiografija.hr\/?attachment_id=32706\" data-orig-file=\"https:\/\/i0.wp.com\/historiografija.hr\/wp-content\/uploads\/2022\/09\/Foto-3.jpg?fit=1729%2C771&amp;ssl=1\" data-orig-size=\"1729,771\" data-comments-opened=\"1\" data-image-meta=\"{&quot;aperture&quot;:&quot;8&quot;,&quot;credit&quot;:&quot;&quot;,&quot;camera&quot;:&quot;NIKON D800&quot;,&quot;caption&quot;:&quot;&quot;,&quot;created_timestamp&quot;:&quot;1518013968&quot;,&quot;copyright&quot;:&quot;&quot;,&quot;focal_length&quot;:&quot;50&quot;,&quot;iso&quot;:&quot;160&quot;,&quot;shutter_speed&quot;:&quot;0.02&quot;,&quot;title&quot;:&quot;&quot;,&quot;orientation&quot;:&quot;0&quot;}\" data-image-title=\"Foto-3\" data-image-description=\"\" data-image-caption=\"\" data-large-file=\"https:\/\/i0.wp.com\/historiografija.hr\/wp-content\/uploads\/2022\/09\/Foto-3.jpg?fit=860%2C384&amp;ssl=1\" src=\"https:\/\/i0.wp.com\/historiografija.hr\/wp-content\/uploads\/2022\/09\/Foto-3.jpg?resize=860%2C384&#038;ssl=1\" alt=\"\" class=\"wp-image-32706\" srcset=\"https:\/\/i0.wp.com\/historiografija.hr\/wp-content\/uploads\/2022\/09\/Foto-3.jpg?resize=1024%2C457&amp;ssl=1 1024w, https:\/\/i0.wp.com\/historiografija.hr\/wp-content\/uploads\/2022\/09\/Foto-3.jpg?resize=300%2C134&amp;ssl=1 300w, https:\/\/i0.wp.com\/historiografija.hr\/wp-content\/uploads\/2022\/09\/Foto-3.jpg?resize=768%2C342&amp;ssl=1 768w, https:\/\/i0.wp.com\/historiografija.hr\/wp-content\/uploads\/2022\/09\/Foto-3.jpg?resize=1536%2C685&amp;ssl=1 1536w, https:\/\/i0.wp.com\/historiografija.hr\/wp-content\/uploads\/2022\/09\/Foto-3.jpg?w=1729&amp;ssl=1 1729w\" sizes=\"auto, (max-width: 860px) 100vw, 860px\" \/><\/figure>\n\n\n\n<hr class=\"wp-block-separator\"\/>\n\n\n\n<p><strong>Selected Bibliography<\/strong><\/p>\n\n\n\n<p><em>Editorial Board<\/em><\/p>\n\n\n\n<p>with Philipp Batelka and Stephanie Zehnle (eds.): Zwischen T\u00e4tern und Opfern. Gewaltbeziehungen und Gewaltgemeinschaften <em>[Between Perpetrators and Victims. Violent Relationships and Communities of Violence]<\/em>, G\u00f6ttingen 2017.<\/p>\n\n\n\n<p><em>Articles<\/em><\/p>\n\n\n\n<p>Adlige Kroatenobristen als Milit\u00e4runternehmer. Fallstudien aus dem Drei\u00dfigj\u00e4hrigen Krieg <em>[Noble Croatian Colonels as Military Entrepreneurs. <\/em><em>Case Studies from the Thirty Years\u2018 War]<\/em>, in: Annette C. Cremer, Alexander Jendorff (eds.): Decorum und Mammon im Widerstreit? Adeliges Wirtschaftshandeln zwischen Standesprofilen, Profitstreben und \u00f6konomischer Notwendigkeit Mammon in conflict? <em>[Decorum and Mammon in conflict? Noble economic activity between status profiles, the pursuit of profit and economic necessity]<\/em> (H\u00f6fische Kultur interdisziplin\u00e4r \u2013 Schriften und Materialien des Rudolst\u00e4dter Arbeitskreises zur Residenzkultur, Vol. 4), Heidelberg 2022, p. 297\u2013325.<\/p>\n\n\n\n<p>Mobilit\u00e4t, Geschwindigkeit und Gewalt \u2013 die kroatischen Reiter in Brandenburg und Sachsen [<em>Mobility, Speed and Violence \u2013 the Croatian horseman in Brandenburg and Saxony]<\/em>, in: Matthias Asche, Marco Kollenberg, Antje Zeiger (eds.): Halb Europa in Brandenburg. Der Drei\u00dfigj\u00e4hrige Krieg und seine Folgen <em>[Half of Europe in Brandenburg. The Thirty Years\u2018 War and its outcome]<\/em>, Berlin 2020, p. 80\u201394.<\/p>\n\n\n\n<p>Die kaiserlichen Kroaten im Drei\u00dfigj\u00e4hrigen Krieg <em>[The Imperial Croats at the Thirty Years\u2018 War]<\/em>, in: Robert Rebitsch, Lothar H\u00f6belt, Erwin A. Schmidl (eds.): Vor 400 Jahren. Der Drei\u00dfigj\u00e4hrige Krieg <em>[400 Years ago. The Thirty Years\u2018 War]<\/em> (Innsbrucker Historische Studien, Vol. 32), Innsbruck 2019, p. 107\u2013115.<\/p>\n\n\n\n<p>with Philipp Batelka, Stefan Xenakis and Horst Carl: Berufsm\u00e4\u00dfige Gewaltt\u00e4ter. Wie S\u00f6ldnergewalt in der Fr\u00fchen Neuzeit entfesselt und begrenzt wurde <em>[Professional Perpetrators of Violence. <\/em><em>How Mercenary Violence was unleashed and limited in the Early Modern Period]<\/em>, in: Winfried Speitkamp (ed.): Gewaltgemeinschaften in der Geschichte. Entstehung, Koh\u00e4sionskraft und Zerfall <em>[Communities of Violence in History. Emergence, Cohesion and Dissolution]<\/em>, G\u00f6ttingen 2017, p. 83\u2013100.<\/p>\n\n\n\n<p>Gewaltprofis und Kriegsprofiteure. Kroatische S\u00f6ldner als Gewaltunternehmer im Drei\u00dfigj\u00e4hrigen Krieg <em>[Professionals of Violence and War Profiteers. Croatian Mercenaries as Military Entrepreneurs in the Thirty Years\u2018 War]<\/em>, in: Geschichte in Wissenschaft und Unterricht, Vol. 68 (2017) Nr. 5\/6, p. 278\u2013291.<\/p>\n\n\n\n<p>Grausame Opfer? Kroatische S\u00f6ldner und ihre unterschiedlichen Rollen im Drei\u00dfigj\u00e4hrigen Krieg <em>[Cruel Victims? Croatian Mercenaries and their Different Roles in the Thirty Years\u2018 War]<\/em>, in: Philipp Batelka, Michael Weise and Stephanie Zehnle (eds.): Zwischen T\u00e4tern und Opfern. Gewaltbeziehungen und Gewaltgemeinschaften, G\u00f6ttingen 2017, p. 127\u2013148.<\/p>\n\n\n\n<p>with Philipp Batelka and Stephanie Zehnle: Einleitung <em>[Introduction]<\/em>, in: Philipp Batelka, Michael Weise and Stephanie Zehnle (eds.): Zwischen T\u00e4tern und Opfern. Gewaltbeziehungen und Gewaltgemeinschaften, G\u00f6ttingen 2017, p. 9\u201321.<\/p>\n\n\n\n<hr class=\"wp-block-separator\"\/>\n","protected":false},"excerpt":{"rendered":"","protected":false},"author":2,"featured_media":0,"comment_status":"open","ping_status":"open","sticky":false,"template":"","format":"standard","meta":{"_acf_changed":false,"jetpack_post_was_ever_published":false,"_jetpack_newsletter_access":"","_jetpack_dont_email_post_to_subs":false,"_jetpack_newsletter_tier_id":0,"_jetpack_memberships_contains_paywalled_content":false,"_jetpack_memberships_contains_paid_content":false,"footnotes":"","jetpack_publicize_message":"","jetpack_publicize_feature_enabled":true,"jetpack_social_post_already_shared":true,"jetpack_social_options":{"image_generator_settings":{"template":"highway","default_image_id":0,"font":"","enabled":false},"version":2}},"categories":[14,4],"tags":[],"class_list":["post-32691","post","type-post","status-publish","format-standard","hentry","category-intervjui","category-osvrti"],"acf":{"facebook_opis":""},"jetpack_publicize_connections":[],"jetpack_featured_media_url":"","jetpack_sharing_enabled":true,"jetpack-related-posts":[{"id":52631,"url":"https:\/\/historiografija.hr\/?p=52631","url_meta":{"origin":32691,"position":0},"title":"Predavanje Ivana Tepe\u0161a: Djelovanje hrvatske politi\u010dke emigracije","author":"Branimir Jankovi\u0107","date":"23. travnja 2026.","format":false,"excerpt":"Odjel za me\u0111unarodnu suradnju i iseljeni\u0161tvo Matice hrvatske Predavanje Ivana Tepe\u0161a: Djelovanje hrvatske politi\u010dke emigracije Utorak, 28. travnja 2026. u 18:00 sati, Dvorana Ljudevita Jonkea (Mala dvorana MH), Strossmayerov trg 4, Zagreb dr. sc. Ivan Tepe\u0161, Institut za istra\u017eivanje migracija Hrvatska politi\u010dka emigracija obilje\u017eila je polustoljetnu hrvatsku povijest u drugoj\u2026","rel":"","context":"U &quot;Novosti&quot;","block_context":{"text":"Novosti","link":"https:\/\/historiografija.hr\/?cat=3"},"img":{"alt_text":"","src":"","width":0,"height":0},"classes":[]},{"id":52573,"url":"https:\/\/historiografija.hr\/?p=52573","url_meta":{"origin":32691,"position":1},"title":"Znanstvena konferencija &#8220;Filozofija odgoja: povijest, praksa, perspektive&#8221;","author":"Branimir Jankovi\u0107","date":"21. travnja 2026.","format":false,"excerpt":"Znanstvena konferencija \"Filozofija odgoja: povijest, praksa, perspektive\" odr\u017eat \u0107e se 23. i 24. travnja 2026. u Konferencijskoj dvorani Knji\u017enice Filozofskog fakulteta u Zagrebu (2. kat).\u00a0Konferencija je organizirana u okviru projekta\u00a0SUMKOS (voditeljica prof. dr. sc. Ivana Zagorac, financiran\u00a0sredstvima NextGenerationEU), uz potporu Odsjeka za filozofiju.\u00a0 Uz izlaga\u010dki dio, konferencija obuhva\u0107a i izlo\u017ebu\u2026","rel":"","context":"U &quot;Novosti&quot;","block_context":{"text":"Novosti","link":"https:\/\/historiografija.hr\/?cat=3"},"img":{"alt_text":"","src":"","width":0,"height":0},"classes":[]},{"id":52499,"url":"https:\/\/historiografija.hr\/?p=52499","url_meta":{"origin":32691,"position":2},"title":"POTPISAN UGOVOR O ZNANSTVENO-ISTRA\u017dIVA\u010cKOJ SURADNJI: PROJEKT \u201eTEMELJI HRVATSKE SAMOSTALNOSTI\u201d","author":"Branimir Jankovi\u0107","date":"17. travnja 2026.","format":false,"excerpt":"Hrvatski institut za povijest, Sveu\u010dili\u0161te obrane i sigurnosti \u201eDr. Franjo Tu\u0111man\u201d, Institut dru\u0161tvenih znanosti Ivo Pilar i Hrvatski dr\u017eavni arhiv\u00a0potpisali su 23. o\u017eujka 2026.\u00a0Ugovor o znanstveno-istra\u017eiva\u010dkoj suradnji s ciljem provedbe projekta \u201eTemelji hrvatske samostalnosti\u201d. Tim projektom obuhva\u0107a se istra\u017eivanje arhivskoga gradiva, priprema znanstvenih publikacija, digitalizacija i javna prezentacija rezultata istra\u017eivanja\u2026","rel":"","context":"U &quot;Novosti&quot;","block_context":{"text":"Novosti","link":"https:\/\/historiografija.hr\/?cat=3"},"img":{"alt_text":"","src":"https:\/\/i0.wp.com\/historiografija.hr\/wp-content\/uploads\/2026\/04\/THS_sporazum.jpg?fit=1200%2C583&ssl=1&resize=350%2C200","width":350,"height":200,"srcset":"https:\/\/i0.wp.com\/historiografija.hr\/wp-content\/uploads\/2026\/04\/THS_sporazum.jpg?fit=1200%2C583&ssl=1&resize=350%2C200 1x, https:\/\/i0.wp.com\/historiografija.hr\/wp-content\/uploads\/2026\/04\/THS_sporazum.jpg?fit=1200%2C583&ssl=1&resize=525%2C300 1.5x, https:\/\/i0.wp.com\/historiografija.hr\/wp-content\/uploads\/2026\/04\/THS_sporazum.jpg?fit=1200%2C583&ssl=1&resize=700%2C400 2x, https:\/\/i0.wp.com\/historiografija.hr\/wp-content\/uploads\/2026\/04\/THS_sporazum.jpg?fit=1200%2C583&ssl=1&resize=1050%2C600 3x"},"classes":[]},{"id":52502,"url":"https:\/\/historiografija.hr\/?p=52502","url_meta":{"origin":32691,"position":3},"title":"Novi znanstveni projekt Hrvatskog instituta za povijest: \u201c\u017drtve ratova i dr\u017eavnog\/politi\u010dkog nasilja u hrvatskoj povijesti 20. stolje\u0107a\u201d","author":"Branimir Jankovi\u0107","date":"17. travnja 2026.","format":false,"excerpt":"Na redovitoj sjednici Vlade RH, 16. travnja 2026., donijet je Zaklju\u010dak kojim se pokre\u0107e znanstveni projekt \u201c\u017drtve ratova i dr\u017eavnog\/politi\u010dkog nasilja u hrvatskoj povijesti 20. stolje\u0107a\u201d. Projekt \u0107e provoditi i koordinirati Hrvatski institut za povijest u razdoblju trajanja projekta od pet godina. Zakljucak Vlade RH Iz teksta projektnog prijedloga: Problematika\u2026","rel":"","context":"U &quot;Novosti&quot;","block_context":{"text":"Novosti","link":"https:\/\/historiografija.hr\/?cat=3"},"img":{"alt_text":"","src":"https:\/\/i0.wp.com\/historiografija.hr\/wp-content\/uploads\/2026\/04\/Vlada-RH.jpg?fit=1200%2C557&ssl=1&resize=350%2C200","width":350,"height":200,"srcset":"https:\/\/i0.wp.com\/historiografija.hr\/wp-content\/uploads\/2026\/04\/Vlada-RH.jpg?fit=1200%2C557&ssl=1&resize=350%2C200 1x, https:\/\/i0.wp.com\/historiografija.hr\/wp-content\/uploads\/2026\/04\/Vlada-RH.jpg?fit=1200%2C557&ssl=1&resize=525%2C300 1.5x, https:\/\/i0.wp.com\/historiografija.hr\/wp-content\/uploads\/2026\/04\/Vlada-RH.jpg?fit=1200%2C557&ssl=1&resize=700%2C400 2x, https:\/\/i0.wp.com\/historiografija.hr\/wp-content\/uploads\/2026\/04\/Vlada-RH.jpg?fit=1200%2C557&ssl=1&resize=1050%2C600 3x"},"classes":[]},{"id":52528,"url":"https:\/\/historiografija.hr\/?p=52528","url_meta":{"origin":32691,"position":4},"title":"[Promocija knjige] Banja Luka u ratu: Etnopolitika i svakodnevica (1990\u20131995) (ActiveLab, YugoLab)","author":"Branimir Jankovi\u0107","date":"17. travnja 2026.","format":false,"excerpt":"Institut za filozofiju i dru\u0161tvenu teoriju i O\u0161tra Nula organizuju promociju knjige Banja Luka u ratu: Etnopolitika i svakodnevica (1990\u20131995) autorke Armine Galija\u0161, koja \u0107e se odr\u017eati 20. aprila 2026. u 12.00 sati u prostorijama Instituta (Kraljice Natalije 45, Beograd). Re\u010d je o prvom nau\u010dno utemeljenom i sistematskom radu koji\u2026","rel":"","context":"U &quot;Novosti&quot;","block_context":{"text":"Novosti","link":"https:\/\/historiografija.hr\/?cat=3"},"img":{"alt_text":"","src":"https:\/\/i0.wp.com\/historiografija.hr\/wp-content\/uploads\/2026\/04\/20-april-RS.jpg?fit=1200%2C675&ssl=1&resize=350%2C200","width":350,"height":200,"srcset":"https:\/\/i0.wp.com\/historiografija.hr\/wp-content\/uploads\/2026\/04\/20-april-RS.jpg?fit=1200%2C675&ssl=1&resize=350%2C200 1x, https:\/\/i0.wp.com\/historiografija.hr\/wp-content\/uploads\/2026\/04\/20-april-RS.jpg?fit=1200%2C675&ssl=1&resize=525%2C300 1.5x, https:\/\/i0.wp.com\/historiografija.hr\/wp-content\/uploads\/2026\/04\/20-april-RS.jpg?fit=1200%2C675&ssl=1&resize=700%2C400 2x, https:\/\/i0.wp.com\/historiografija.hr\/wp-content\/uploads\/2026\/04\/20-april-RS.jpg?fit=1200%2C675&ssl=1&resize=1050%2C600 3x"},"classes":[]},{"id":52592,"url":"https:\/\/historiografija.hr\/?p=52592","url_meta":{"origin":32691,"position":5},"title":"Predstavljanje knjige &#8220;Turska ku\u0107a u Rijeci&#8221; u Zagrebu","author":"Branimir Jankovi\u0107","date":"22. travnja 2026.","format":false,"excerpt":"U prostorijama Turskog kulturnog centra Yunus Emre u Zagrebu, u utorak 21. travnja 2026. godine, odr\u017eano je sve\u010dano predstavljanje dopunjenog izdanja knjige Turska ku\u0107a u Rijeci, u organizaciji Hrvatsko-turskog dru\u0161tva Rijeka i partnerstvu sa Skupinom prijateljstva Hrvatska-Turska Hrvatskog sabora, Veleposlanstvom Republike Turske u Republici Hrvatskoj te Turskim kulturnim centrom Yunus\u2026","rel":"","context":"U &quot;Novosti&quot;","block_context":{"text":"Novosti","link":"https:\/\/historiografija.hr\/?cat=3"},"img":{"alt_text":"","src":"https:\/\/i0.wp.com\/historiografija.hr\/wp-content\/uploads\/2026\/04\/Turska-kuca-ZG.jpg?fit=1200%2C800&ssl=1&resize=350%2C200","width":350,"height":200,"srcset":"https:\/\/i0.wp.com\/historiografija.hr\/wp-content\/uploads\/2026\/04\/Turska-kuca-ZG.jpg?fit=1200%2C800&ssl=1&resize=350%2C200 1x, https:\/\/i0.wp.com\/historiografija.hr\/wp-content\/uploads\/2026\/04\/Turska-kuca-ZG.jpg?fit=1200%2C800&ssl=1&resize=525%2C300 1.5x, https:\/\/i0.wp.com\/historiografija.hr\/wp-content\/uploads\/2026\/04\/Turska-kuca-ZG.jpg?fit=1200%2C800&ssl=1&resize=700%2C400 2x, https:\/\/i0.wp.com\/historiografija.hr\/wp-content\/uploads\/2026\/04\/Turska-kuca-ZG.jpg?fit=1200%2C800&ssl=1&resize=1050%2C600 3x"},"classes":[]}],"_links":{"self":[{"href":"https:\/\/historiografija.hr\/index.php?rest_route=\/wp\/v2\/posts\/32691","targetHints":{"allow":["GET"]}}],"collection":[{"href":"https:\/\/historiografija.hr\/index.php?rest_route=\/wp\/v2\/posts"}],"about":[{"href":"https:\/\/historiografija.hr\/index.php?rest_route=\/wp\/v2\/types\/post"}],"author":[{"embeddable":true,"href":"https:\/\/historiografija.hr\/index.php?rest_route=\/wp\/v2\/users\/2"}],"replies":[{"embeddable":true,"href":"https:\/\/historiografija.hr\/index.php?rest_route=%2Fwp%2Fv2%2Fcomments&post=32691"}],"version-history":[{"count":12,"href":"https:\/\/historiografija.hr\/index.php?rest_route=\/wp\/v2\/posts\/32691\/revisions"}],"predecessor-version":[{"id":32719,"href":"https:\/\/historiografija.hr\/index.php?rest_route=\/wp\/v2\/posts\/32691\/revisions\/32719"}],"wp:attachment":[{"href":"https:\/\/historiografija.hr\/index.php?rest_route=%2Fwp%2Fv2%2Fmedia&parent=32691"}],"wp:term":[{"taxonomy":"category","embeddable":true,"href":"https:\/\/historiografija.hr\/index.php?rest_route=%2Fwp%2Fv2%2Fcategories&post=32691"},{"taxonomy":"post_tag","embeddable":true,"href":"https:\/\/historiografija.hr\/index.php?rest_route=%2Fwp%2Fv2%2Ftags&post=32691"}],"curies":[{"name":"wp","href":"https:\/\/api.w.org\/{rel}","templated":true}]}}