{"id":32688,"date":"2022-09-19T14:20:22","date_gmt":"2022-09-19T14:20:22","guid":{"rendered":"http:\/\/historiografija.hr\/?p=32688"},"modified":"2022-09-19T14:20:22","modified_gmt":"2022-09-19T14:20:22","slug":"izlozba-i-promocija-knjige-milosa-cvetkovica-sloboda-do-temelja-u-zagrebu","status":"publish","type":"post","link":"https:\/\/historiografija.hr\/?p=32688","title":{"rendered":"Izlo\u017eba i promocija knjige Milo\u0161a Cvetkovi\u0107a \u201eSloboda do temelja\u201c u Zagrebu"},"content":{"rendered":"\n<p>Otvaranje izlo\u017ebe i promocija knjige Sloboda do temelja, fotografa Milo\u0161a Cvetkovi\u0107a Cveleta, bit \u0107e u ponedjeljak, 19. 9. 2022. u 18h u Novinarskom domu u Zagrebu.<\/p>\n\n\n\n<p>Pri\u010da o Vukovaru, gradu koji je pretrpio nezapam\u0107eno stradanje jo\u0161 od Drugog svjetskog rata, a koji danas \u017eivi zamrznut u svojoj traumi kao \u017eivi memorijal. O tome kako su oduzeti \u017eivot i dostojanstvo ljudi i jednog grada, sve vi\u0111eno i zabilje\u017eeno od strane neposrednog svjedoka Cvetkovi\u0107a, koji je u svom fotoreporterskom poduhvatu beskompromisan. Na otvaranju \u0107e govoriti novinar Boris Paveli\u0107, fotograf i Vukovarac Max Juhasz i urednik knjige Slaven Ra\u0161kovi\u0107. Zbog zdravstvenih okolnosti, autor fotografija \u0107e se obratiti posjetiteljima video izjavom.<\/p>\n\n\n\n<hr class=\"wp-block-separator\"\/>\n\n\n\n<p>Izvori i dodatne informacije:<\/p>\n\n\n\n<p><a href=\"https:\/\/www.hnd.hr\/dogadanja\">https:\/\/www.hnd.hr\/dogadanja<\/a><\/p>\n\n\n\n<p><a href=\"https:\/\/www.facebook.com\/events\/1061174631437595\">https:\/\/www.facebook.com\/events\/1061174631437595<\/a><\/p>\n\n\n\n<p><a href=\"https:\/\/www.portalnovosti.com\/izlozba-postratnih-fotografija-iz-vukovara-1991-godine\">https:\/\/www.portalnovosti.com\/izlozba-postratnih-fotografija-iz-vukovara-1991-godine<\/a><\/p>\n\n\n\n<hr class=\"wp-block-separator\"\/>\n","protected":false},"excerpt":{"rendered":"","protected":false},"author":2,"featured_media":32689,"comment_status":"open","ping_status":"open","sticky":false,"template":"","format":"standard","meta":{"_acf_changed":false,"jetpack_post_was_ever_published":false,"_jetpack_newsletter_access":"","_jetpack_dont_email_post_to_subs":false,"_jetpack_newsletter_tier_id":0,"_jetpack_memberships_contains_paywalled_content":false,"_jetpack_memberships_contains_paid_content":false,"footnotes":"","jetpack_publicize_message":"","jetpack_publicize_feature_enabled":true,"jetpack_social_post_already_shared":true,"jetpack_social_options":{"image_generator_settings":{"template":"highway","default_image_id":0,"font":"","enabled":false},"version":2}},"categories":[10,3],"tags":[],"class_list":["post-32688","post","type-post","status-publish","format-standard","has-post-thumbnail","hentry","category-izlozbe","category-novosti"],"acf":{"facebook_opis":""},"jetpack_publicize_connections":[],"jetpack_featured_media_url":"https:\/\/i0.wp.com\/historiografija.hr\/wp-content\/uploads\/2022\/09\/Sloboda.jpg?fit=1200%2C750&ssl=1","jetpack_sharing_enabled":true,"jetpack-related-posts":[],"_links":{"self":[{"href":"https:\/\/historiografija.hr\/index.php?rest_route=\/wp\/v2\/posts\/32688","targetHints":{"allow":["GET"]}}],"collection":[{"href":"https:\/\/historiografija.hr\/index.php?rest_route=\/wp\/v2\/posts"}],"about":[{"href":"https:\/\/historiografija.hr\/index.php?rest_route=\/wp\/v2\/types\/post"}],"author":[{"embeddable":true,"href":"https:\/\/historiografija.hr\/index.php?rest_route=\/wp\/v2\/users\/2"}],"replies":[{"embeddable":true,"href":"https:\/\/historiografija.hr\/index.php?rest_route=%2Fwp%2Fv2%2Fcomments&post=32688"}],"version-history":[{"count":1,"href":"https:\/\/historiografija.hr\/index.php?rest_route=\/wp\/v2\/posts\/32688\/revisions"}],"predecessor-version":[{"id":32690,"href":"https:\/\/historiografija.hr\/index.php?rest_route=\/wp\/v2\/posts\/32688\/revisions\/32690"}],"wp:featuredmedia":[{"embeddable":true,"href":"https:\/\/historiografija.hr\/index.php?rest_route=\/wp\/v2\/media\/32689"}],"wp:attachment":[{"href":"https:\/\/historiografija.hr\/index.php?rest_route=%2Fwp%2Fv2%2Fmedia&parent=32688"}],"wp:term":[{"taxonomy":"category","embeddable":true,"href":"https:\/\/historiografija.hr\/index.php?rest_route=%2Fwp%2Fv2%2Fcategories&post=32688"},{"taxonomy":"post_tag","embeddable":true,"href":"https:\/\/historiografija.hr\/index.php?rest_route=%2Fwp%2Fv2%2Ftags&post=32688"}],"curies":[{"name":"wp","href":"https:\/\/api.w.org\/{rel}","templated":true}]}}